{"id":4117,"date":"2012-10-07T09:38:09","date_gmt":"2012-10-07T09:38:09","guid":{"rendered":"http:\/\/www.ingeta.com\/?p=4117"},"modified":"2012-10-07T09:38:09","modified_gmt":"2012-10-07T09:38:09","slug":"vital-kamerhe-kabila-neoliberalisme","status":"publish","type":"post","link":"https:\/\/congolobilelo.com\/IN\/vital-kamerhe-kabila-neoliberalisme\/","title":{"rendered":"Vital Kamerhe veut sauver &#8220;le soldat Kabila&#8221; &#038; le n\u00e9olib\u00e9ralisme en RDC"},"content":{"rendered":"<p>\t\t\t\t<em>Par Jean-Pierre Mbelu, analyste politique.<\/em><\/p>\n<p><strong>Hier, vendredi 05 octobre 2012, Monsieur Vital Kamerhe, Pr\u00e9sident de l\u2019UNC et ex-pr\u00e9sident de l\u2019assembl\u00e9e nationale congolaise, a lu sa d\u00e9claration politique devant plusieurs compatriotes dont certaines figures connues repr\u00e9sentant certains partis politiques congolais. Cette d\u00e9claration a \u00e9t\u00e9 r\u00e9sum\u00e9e et publi\u00e9e par certains m\u00e9dias kinois sans qu\u2019ils en d\u00e9c\u00e8lent les pi\u00e8ges.<\/strong><\/p>\n<p><img loading=\"lazy\" decoding=\"async\" class=\"alignnone size-full wp-image-4102\" title=\"vital-kamerhe\" src=\"http:\/\/www.ingeta.com\/wp-content\/uploads\/2012\/10\/vital-kamerhe.jpg\" alt=\"\" width=\"500\" height=\"364\" \/><\/p>\n<p>A l\u2019actif de Vital Kamerhe, nous reconnaissons la reconduction de certaines propositions d\u00e9j\u00e0 faites \u00e0 Sun City et par certains compatriotes : la mise sur pied d\u2019une Commission (Justice), V\u00e9rit\u00e9 et r\u00e9conciliation sur la guerre de basse intensit\u00e9 que notre pays conna\u00eet depuis 1996, l\u2019organisation d\u2019un dialogue permanent entre les Congolais autour des questions d\u2019actualit\u00e9 (dont cette guerre de basse intensit\u00e9), la lib\u00e9ration des prisonniers politiques, l\u2019arr\u00eat de la s\u00e9questration d\u2019Etienne Tshisekedi, etc.<\/p>\n<p>Cela \u00e9tant, il est important de lire calmement la d\u00e9claration de Vital Kamerhe. Ce Monsieur a \u00e9t\u00e9 d\u00e9mis de ses fonctions de Pr\u00e9sident de l\u2019Assembl\u00e9e nationale pour avoir d\u00e9nonc\u00e9 l\u2019accord conclu entre le pouvoir (kabiliste) de Kinshasa et le Rwanda (de Paul Kagame) \u00e0 l\u2019insu de l\u2019institution au sommet de laquelle il tr\u00f4nait. Au jour d\u2019aujourd\u2019hui, il est difficile de dire si les militaires Rwandais impliqu\u00e9s dans l\u2019op\u00e9ration de traque des FDLR \u00e0 l\u2019issue de dudit accord secret sont tous rentr\u00e9s dans leur pays d\u2019origine ou pas. Certains d\u2019entre eux, apr\u00e8s l\u2019interview donn\u00e9e par leur Ministre de la d\u00e9fense \u00e0 Colette Braeckman \u00e0 la fin du mois d\u2019ao\u00fbt 2012, ont fait semblant de repartir chez eux au cours de la journ\u00e9e en se d\u00e9pouillant de l\u2019uniforme de l\u2019arm\u00e9e congolaise. Et la nuit, selon certains t\u00e9moignages des compatriotes des Kivus, ils sont revenus chez nous. Donc, la question pour laquelle Vital Kamerhe a \u00e9t\u00e9 chass\u00e9 comme un pestif\u00e9r\u00e9 de la pr\u00e9sidence de l\u2019Assembl\u00e9e nationale n\u2019a pas trouv\u00e9 de r\u00e9ponse jusqu\u2019\u00e0 ce jour.<\/p>\n<p>L\u2019ex-pr\u00e9sident de l\u2019Assembl\u00e9e nationale devenu Pr\u00e9sident de l\u2019UNC a \u00e9t\u00e9 candidat de l\u2019opposition contre Joseph Kabila aux \u00e9lections de 2011. A l\u2019issue de ces \u00e9lections de novembre et d\u00e9cembre 2011, Vital Kamerhe fut l\u2019un des rares politiciens \u00e0 avoir r\u00e9colt\u00e9 des preuves palpables de la fraude et de la tricherie orchestr\u00e9es par le camp kabiliste et ayant profond\u00e9ment vici\u00e9 le processus \u00e9lectoral. Le fait que Joseph Kabila soit le produit de cette fraude et de cette tricherie a affect\u00e9 profond\u00e9ment sa l\u00e9gitimit\u00e9 politique et son autorit\u00e9 morale. Si nous ajoutons \u00e0 tout ceci les diff\u00e9rents rapports des experts de l\u2019ONU sur la guerre de basse intensit\u00e9 contre notre pays, les clans Kagame et Kabila (Joseph) doivent \u00eatre exclus de tout processus de paix et de justice dans les pays de la sous-r\u00e9gion de Grands-Lacs ; ils font partie du probl\u00e8me de cette guerre de basse intensit\u00e9 orchestr\u00e9e par certaines \u00ab grandes puissances \u00bb que Vital Kamerhe, dans sa restitution historique des guerres \u00e0 r\u00e9p\u00e9tition dans notre sous-r\u00e9gion, n\u2019arrive pas \u00e0 nommer un seul instant. Et c\u2019est triste !<\/p>\n<p>La relecture de la d\u00e9claration de Vital Kamerhe pousse \u00e0 poser des questions du genre : \u00ab A partir d\u2019o\u00f9 parle-t-il ? Qui parle \u00e0 travers lui ? Pourquoi les solutions \u00e0 cette guerre d\u2019agression propos\u00e9es par Herman Cohen et Sarkozy se retrouvent-elles sous la plume de Vital Kamerhe ? Pourquoi lui peut-il parler et rest\u00e9 non-inqui\u00e9t\u00e9 l\u00e0 o\u00f9 Diomi Ndongala ne sait pas faire la m\u00eame chose ?, etc. \u00bb<\/p>\n<p>La relecture de la d\u00e9claration de Vital Kamerhe nous pousse \u00e0 soutenir qu\u2019il veut rester coh\u00e9rent avec ses anciennes amours. Il sait \u00ab pourquoi, en 2006, il a choisi Joseph Kabila \u00bb. Ils ont les m\u00eames parrains. Ces derniers ont demand\u00e9 \u00e0 Joseph de laisser Vital s\u2019exprimer et \u00ab feindre \u00bb de faire partie de l\u2019opposition. Les \u00e9lections sont pass\u00e9es. L\u2019amn\u00e9sie aidant, Vital revient sur le devant de la sc\u00e8ne pour sauver son ami, \u00ab le soldat Kabila \u00bb. Il feint d\u2019oublier que ce dernier n\u2019a plus de l\u00e9gitimit\u00e9 politique et d\u2019autorit\u00e9 morale pouvant lui permettre de sauver la coh\u00e9sion nationale. (Il fait comme s\u2019il n\u2019avait pas vu les photos de Kampala et entendu Ban Kin moon, au mini-sommet de l\u2019ONU sur la RDC, appel\u00e9 Kagame le Pr\u00e9sident de la R\u00e9publique D\u00e9mocratique du Congo.)<\/p>\n<p>Quand Vital Kamerhe invite les pays de la sous-r\u00e9gion \u00e0 se mettre ensemble, il fait une proposition louable. N\u00e9anmoins, il fonde cette proposition sur une matrice organisationnelle n\u00e9olib\u00e9rale en parlant du libre \u00e9change.<\/p>\n<p>Oui. Nous avons besoin de nous mettre ensemble pour organiser le panafricanisme des peuples. Mais pas sur n\u2019importe quelles bases. Nous avons besoin de la coop\u00e9ration, de la solidarit\u00e9, de la justice sociale comme matrice fondatrice de notre panafricanisme des peuples de la sous-r\u00e9gion de Grands-Lacs et non du n\u00e9olib\u00e9ralisme ayant conduit l\u2019Occident dans l\u2019ab\u00eeme. (Sur ce point, il est important de lire les livres de l\u2019ex-conseiller en mati\u00e8re \u00e9conomique de Bill Clinton, le Prix Nobel de l\u2019\u00e9conomie, Joseph Stiglitz. Et surtout l\u2019un de ses derniers livres intitul\u00e9s \u00abLe prix de l\u2019in\u00e9galit\u00e9, Les liens qui lib\u00e8rent, Paris, 2012, 5009 p. \u00bb<\/p>\n<p>A ce point nomm\u00e9, la d\u00e9claration de Vital Kamerhe nous invite \u00e0 un renouvellement constant de la pens\u00e9e, de notre mode d\u2019organiser notre pens\u00e9e politique, \u00e9conomique et culturelle. La chance de l\u2019Occident dont le d\u00e9clin se fait de plus en plus sentir est, entre autres, dans sa capacit\u00e9 de prot\u00e9ger la libert\u00e9 d\u2019expression et d\u2019avoir des emp\u00eacheurs de penser en rond. M\u00eame s\u2019ils ne sont pas toujours \u00e9cout\u00e9s par \u00ab les cercles du pouvoir \u00bb emp\u00eatr\u00e9s dans le courtermisme.<\/p>\n<p>De toutes les fa\u00e7ons, Kamerhe a eu \u00ab l\u2019audace \u00bb de pr\u00e9senter un plan. Il ne doit pas \u00eatre l\u2019unique. En d\u00e9celer les limites devrait pousser \u00e0 approfondir le d\u00e9bat. Ce dernier ne portera des fruits que si, entre autres, l\u2019opinion publique des pays initiateurs de la guerre de basse intensit\u00e9 s\u2019implique dans la promotion des contre-r\u00e9seaux du r\u00e9seau transnational de pr\u00e9dation s\u00e9vissant dans notre pays. Malheureusement, la d\u00e9claration de Vital Kamerhe laisse dans l\u2019ombre tous les acteurs pl\u00e9niers de la trag\u00e9die congolaise depuis les ann\u00e9es 60. Or, dans un pays comme la Belgique, parler de ces acteurs n\u2019est plus un tabou. David Van Reybrouck en fait plus ou moins la d\u00e9monstration dans son ouvrage intitul\u00e9 \u00ab Le Congo. Une histoire, Actes Sud, 2012,711 p. \u00bb.<\/p>\n<p>Esp\u00e9rons que d\u2019autres plans beaucoup plus audacieux pourront \u00eatre mis en \u0153uvre chez nous et qu\u2019ils tiendront compte du fait que Paul Kagame est \u00ab un paralytique \u00bb et que Joseph Kabila est son \u00ab cheval de Troie \u00bb. Et que leurs clans respectifs doivent r\u00e9pondre politiquement et juridiquement de leur implication dans la guerre de basse intensit\u00e9 ayant s\u00e9vi dans notre pays depuis les ann\u00e9es 90.<\/p>\n<p><em>Mbelu Babanya Kabudi<\/em><\/p>\n<p>&nbsp;\t\t<\/p>\n","protected":false},"excerpt":{"rendered":"<p>Par Jean-Pierre Mbelu, analyste politique. Hier, vendredi 05 octobre 2012, Monsieur Vital Kamerhe, Pr\u00e9sident de l\u2019UNC et ex-pr\u00e9sident de l\u2019assembl\u00e9e nationale congolaise, a lu sa d\u00e9claration politique devant plusieurs compatriotes dont certaines figures connues repr\u00e9sentant certains partis politiques congolais. Cette d\u00e9claration a \u00e9t\u00e9 r\u00e9sum\u00e9e et publi\u00e9e par certains m\u00e9dias kinois sans qu\u2019ils en d\u00e9c\u00e8lent les [&hellip;]<\/p>\n","protected":false},"author":1,"featured_media":4102,"comment_status":"open","ping_status":"open","sticky":false,"template":"","format":"standard","meta":{"_acf_changed":false,"content-type":"","footnotes":""},"categories":[122,124],"tags":[],"class_list":["post-4117","post","type-post","status-publish","format-standard","has-post-thumbnail","hentry","category-news-alertes","category-politique-societe"],"acf":[],"_links":{"self":[{"href":"https:\/\/congolobilelo.com\/IN\/wp-json\/wp\/v2\/posts\/4117","targetHints":{"allow":["GET"]}}],"collection":[{"href":"https:\/\/congolobilelo.com\/IN\/wp-json\/wp\/v2\/posts"}],"about":[{"href":"https:\/\/congolobilelo.com\/IN\/wp-json\/wp\/v2\/types\/post"}],"author":[{"embeddable":true,"href":"https:\/\/congolobilelo.com\/IN\/wp-json\/wp\/v2\/users\/1"}],"replies":[{"embeddable":true,"href":"https:\/\/congolobilelo.com\/IN\/wp-json\/wp\/v2\/comments?post=4117"}],"version-history":[{"count":0,"href":"https:\/\/congolobilelo.com\/IN\/wp-json\/wp\/v2\/posts\/4117\/revisions"}],"wp:featuredmedia":[{"embeddable":true,"href":"https:\/\/congolobilelo.com\/IN\/wp-json\/"}],"wp:attachment":[{"href":"https:\/\/congolobilelo.com\/IN\/wp-json\/wp\/v2\/media?parent=4117"}],"wp:term":[{"taxonomy":"category","embeddable":true,"href":"https:\/\/congolobilelo.com\/IN\/wp-json\/wp\/v2\/categories?post=4117"},{"taxonomy":"post_tag","embeddable":true,"href":"https:\/\/congolobilelo.com\/IN\/wp-json\/wp\/v2\/tags?post=4117"}],"curies":[{"name":"wp","href":"https:\/\/api.w.org\/{rel}","templated":true}]}}