{"id":4108,"date":"2012-10-07T09:05:20","date_gmt":"2012-10-07T09:05:20","guid":{"rendered":"http:\/\/www.ingeta.com\/?p=4108"},"modified":"2012-10-07T09:05:20","modified_gmt":"2012-10-07T09:05:20","slug":"conference-violences-et-conflits-armes-en-rdc-le-canada-complice","status":"publish","type":"post","link":"https:\/\/congolobilelo.com\/IN\/conference-violences-et-conflits-armes-en-rdc-le-canada-complice\/","title":{"rendered":"Conf\u00e9rence: Violences et conflits arm\u00e9s en RDC, le Canada complice? &#8211; Montr\u00e9al, le 16 oct. 2012"},"content":{"rendered":"<p>\t\t\t\t<em><strong> La R\u00e9publique d\u00e9mocratique du Congo est un pays d\u00e9chir\u00e9 par les conflits li\u00e9s notamment \u00e0 la militarisation de l&#8217;activit\u00e9 mini\u00e8re. Le r\u00f4le des compagnies mini\u00e8res canadiennes est loin d&#8217;y \u00eatre reluisant. Il faut briser le silence ! Cela nous regarde tous et toutes.<\/strong><\/em><\/p>\n<p><strong>Date: <\/strong>16 octobre 2012<br \/>\n<strong>Heure: <\/strong>18h \u00e0 21h<br \/>\n<strong>Lieu: <\/strong>Salles ABC, sous-sol de la CSN 1601, avenue De Lorimier (m\u00e9tro Papineau), Montr\u00e9al, Canada.<br \/>\n<strong>Organisateur:<\/strong> Conseil central du Montr\u00e9al m\u00e9tropolitain-CSN<br \/>\n<strong>Inscription:<\/strong> par mail et t\u00e9l\u00e9phone \u00e0 diane.despatie@csn.qc.ca et au 514 598-2005.<\/p>\n<p>Le Comit\u00e9 de solidarit\u00e9 internationale du Conseil central du Montr\u00e9al m\u00e9tropolitain-CSN vous invite \u00e0 une soir\u00e9e de r\u00e9flexion dans le cadre de la semaine de solidarit\u00e9 avec le Congo: Brisons le silence.<\/p>\n<p>Les invit\u00e9-es:<\/p>\n<p><strong>Patrick MBEKO<\/strong>,<br \/>\nAuteur du livre Le Canada dans les guerres en Afrique centrale: g\u00e9nocides et pillages des ressources mini\u00e8res du Congo par le Rwanda interpos\u00e9.<\/p>\n<p><strong>Mich\u00e8le SPIELER<\/strong><br \/>\nMarche mondiale des femmes<\/p>\n<p><strong>D\u00e9dy BILAMBA <\/strong><br \/>\nAuteur, membre de l&#8217;organisation Friends of the Congo &#8211; Canada<\/p>\n<p><img loading=\"lazy\" decoding=\"async\" class=\"alignnone size-full wp-image-4111\" title=\"image003\" src=\"http:\/\/www.ingeta.com\/wp-content\/uploads\/2012\/10\/image003-e1349551287984.png\" alt=\"\" width=\"450\" height=\"574\" \/><\/p>\n<p>&nbsp;\t\t<\/p>\n","protected":false},"excerpt":{"rendered":"<p>La R\u00e9publique d\u00e9mocratique du Congo est un pays d\u00e9chir\u00e9 par les conflits li\u00e9s notamment \u00e0 la militarisation de l&#8217;activit\u00e9 mini\u00e8re. Le r\u00f4le des compagnies mini\u00e8res canadiennes est loin d&#8217;y \u00eatre reluisant. Il faut briser le silence ! Cela nous regarde tous et toutes. Date: 16 octobre 2012 Heure: 18h \u00e0 21h Lieu: Salles ABC, sous-sol [&hellip;]<\/p>\n","protected":false},"author":1,"featured_media":4111,"comment_status":"open","ping_status":"open","sticky":false,"template":"","format":"standard","meta":{"_acf_changed":false,"content-type":"","footnotes":""},"categories":[145,120,124],"tags":[],"class_list":["post-4108","post","type-post","status-publish","format-standard","has-post-thumbnail","hentry","category-conferences-salons","category-mondialisation","category-politique-societe"],"acf":[],"_links":{"self":[{"href":"https:\/\/congolobilelo.com\/IN\/wp-json\/wp\/v2\/posts\/4108","targetHints":{"allow":["GET"]}}],"collection":[{"href":"https:\/\/congolobilelo.com\/IN\/wp-json\/wp\/v2\/posts"}],"about":[{"href":"https:\/\/congolobilelo.com\/IN\/wp-json\/wp\/v2\/types\/post"}],"author":[{"embeddable":true,"href":"https:\/\/congolobilelo.com\/IN\/wp-json\/wp\/v2\/users\/1"}],"replies":[{"embeddable":true,"href":"https:\/\/congolobilelo.com\/IN\/wp-json\/wp\/v2\/comments?post=4108"}],"version-history":[{"count":0,"href":"https:\/\/congolobilelo.com\/IN\/wp-json\/wp\/v2\/posts\/4108\/revisions"}],"wp:featuredmedia":[{"embeddable":true,"href":"https:\/\/congolobilelo.com\/IN\/wp-json\/"}],"wp:attachment":[{"href":"https:\/\/congolobilelo.com\/IN\/wp-json\/wp\/v2\/media?parent=4108"}],"wp:term":[{"taxonomy":"category","embeddable":true,"href":"https:\/\/congolobilelo.com\/IN\/wp-json\/wp\/v2\/categories?post=4108"},{"taxonomy":"post_tag","embeddable":true,"href":"https:\/\/congolobilelo.com\/IN\/wp-json\/wp\/v2\/tags?post=4108"}],"curies":[{"name":"wp","href":"https:\/\/api.w.org\/{rel}","templated":true}]}}