{"id":4105,"date":"2012-10-07T08:57:54","date_gmt":"2012-10-07T08:57:54","guid":{"rendered":"http:\/\/www.ingeta.com\/?p=4105"},"modified":"2012-10-07T08:57:54","modified_gmt":"2012-10-07T08:57:54","slug":"non-a-la-francophonie-sit-in-a-lille-le-13-octobre-2012","status":"publish","type":"post","link":"https:\/\/congolobilelo.com\/IN\/non-a-la-francophonie-sit-in-a-lille-le-13-octobre-2012\/","title":{"rendered":"Non \u00e0 la Francophonie : Sit-in \u00e0 Lille, le 13 octobre 2012"},"content":{"rendered":"<p>\t\t\t\t<img loading=\"lazy\" decoding=\"async\" class=\"alignnone size-full wp-image-4106\" title=\"Affiche_Sit In du 13 Octobre 2012_V0\" src=\"http:\/\/www.ingeta.com\/wp-content\/uploads\/2012\/10\/Affiche_Sit-In-du-13-Octobre-2012_V0-e1349550818661.jpg\" alt=\"\" width=\"500\" height=\"314\" \/><br \/>\n<strong>Message des organisateurs:<\/strong><br \/>\nMerci de venir nombreux au Sit-In organis\u00e9 par la Communaut\u00e9 Congolaise Nord de France \u00e0 Lille : Place de la R\u00e9publique \u00e0 15h00 pour protester contre la tenue de la Francophonie \u00e0 Kinshasa en R\u00e9publique D\u00e9mocratique du Congo, pays o\u00f9 la d\u00e9mocratie et les droits de l&#8217;homme ne sont pas respect\u00e9s.<\/p>\n<p>N&#8217;oublions pas les 8 millions de morts, les pillages des ressources, les viols des vieillards, femmes, enfants et m\u00eame les hommes, les crimes perp\u00e9tr\u00e9s par des mercenaires (AFDL, RCD, CNDP, M23) le Rwanda, l&#8217;Ouganda, le Burundi, les multinationales et l&#8217;hypocrisie de la Communaut\u00e9 internationale aphone face \u00e0 cette trag\u00e9die, au plus grand g\u00e9nocide du si\u00e8cle, car elle est complice.\t\t<\/p>\n","protected":false},"excerpt":{"rendered":"<p>Message des organisateurs: Merci de venir nombreux au Sit-In organis\u00e9 par la Communaut\u00e9 Congolaise Nord de France \u00e0 Lille : Place de la R\u00e9publique \u00e0 15h00 pour protester contre la tenue de la Francophonie \u00e0 Kinshasa en R\u00e9publique D\u00e9mocratique du Congo, pays o\u00f9 la d\u00e9mocratie et les droits de l&#8217;homme ne sont pas respect\u00e9s. N&#8217;oublions [&hellip;]<\/p>\n","protected":false},"author":1,"featured_media":4106,"comment_status":"open","ping_status":"open","sticky":false,"template":"","format":"standard","meta":{"_acf_changed":false,"content-type":"","footnotes":""},"categories":[156,116],"tags":[],"class_list":["post-4105","post","type-post","status-publish","format-standard","has-post-thumbnail","hentry","category-france","category-manifs"],"acf":[],"_links":{"self":[{"href":"https:\/\/congolobilelo.com\/IN\/wp-json\/wp\/v2\/posts\/4105","targetHints":{"allow":["GET"]}}],"collection":[{"href":"https:\/\/congolobilelo.com\/IN\/wp-json\/wp\/v2\/posts"}],"about":[{"href":"https:\/\/congolobilelo.com\/IN\/wp-json\/wp\/v2\/types\/post"}],"author":[{"embeddable":true,"href":"https:\/\/congolobilelo.com\/IN\/wp-json\/wp\/v2\/users\/1"}],"replies":[{"embeddable":true,"href":"https:\/\/congolobilelo.com\/IN\/wp-json\/wp\/v2\/comments?post=4105"}],"version-history":[{"count":0,"href":"https:\/\/congolobilelo.com\/IN\/wp-json\/wp\/v2\/posts\/4105\/revisions"}],"wp:featuredmedia":[{"embeddable":true,"href":"https:\/\/congolobilelo.com\/IN\/wp-json\/"}],"wp:attachment":[{"href":"https:\/\/congolobilelo.com\/IN\/wp-json\/wp\/v2\/media?parent=4105"}],"wp:term":[{"taxonomy":"category","embeddable":true,"href":"https:\/\/congolobilelo.com\/IN\/wp-json\/wp\/v2\/categories?post=4105"},{"taxonomy":"post_tag","embeddable":true,"href":"https:\/\/congolobilelo.com\/IN\/wp-json\/wp\/v2\/tags?post=4105"}],"curies":[{"name":"wp","href":"https:\/\/api.w.org\/{rel}","templated":true}]}}