{"id":4084,"date":"2012-10-03T16:34:27","date_gmt":"2012-10-03T16:34:27","guid":{"rendered":"http:\/\/www.ingeta.com\/?p=4084"},"modified":"2012-10-03T16:34:27","modified_gmt":"2012-10-03T16:34:27","slug":"dr-mukwege-interpelle-la-communaute-internationale-a-lonu","status":"publish","type":"post","link":"https:\/\/congolobilelo.com\/IN\/dr-mukwege-interpelle-la-communaute-internationale-a-lonu\/","title":{"rendered":"Dr Mukwege interpelle la Communaut\u00e9 internationale \u00e0 l&#8217;ONU"},"content":{"rendered":"<p>\t\t\t\t<em><strong>Le discours du Docteur Mukwege aux Nations-Unies le 25 septembre 2012.<\/strong><\/em><\/p>\n<p><iframe loading=\"lazy\" width=\"480\" height=\"360\" src=\"http:\/\/www.youtube.com\/embed\/Q06ibF2u2N0\" frameborder=\"0\" allowfullscreen><\/iframe><\/p>\n<p>Excellences Messieurs les Ambassadeurs,<\/p>\n<p>J\u2019aurais voulu commencer mon discours par la formule habituelle : \u00abj\u2019ai l\u2019honneur et le privil\u00e8ge de prendre la parole devant vous.\u00bb<\/p>\n<p>H\u00e9las ! les femmes victimes de VS de l\u2019Est de la RDC sont dans le d\u00e9shonneur. J\u2019ai constamment sous mes yeux les regards des vieillardes, des filles , des m\u00e8res et m\u00eame des b\u00e9b\u00e9s d\u00e9shonor\u00e9s. Aujourd\u2019hui encore, plusieurs sont soumises \u00e0 l\u2019esclavage sexuel ; d\u2019autres sont utilis\u00e9es comme arme de guerre. leurs organes sont expos\u00e9s aux s\u00e9vices le plus ignoble.<\/p>\n<p>Et cela dure depuis 16 ans ! 16 ans d\u2019errance ; 16 ans de torture ; 16ans de mutilation ; 16 ans de destruction de la femme, la seule ressource vitale congolaise ; 16 ans de d\u00e9structuration de toute une soci\u00e9t\u00e9. Certes, vos \u00e9tats respectifs ont fait beaucoup en terme de prise en charge des cons\u00e9quences de ces barbaries. Nous en sommes tr\u00e8s reconnaissant.<br \/>\nJ\u2019aurais voulu dire \u00ab j\u2019ai l\u2019honneur de faire partie de la communaut\u00e9 internationale que vous repr\u00e9senter ici \u00bb Mais je ne le puis.<\/p>\n<p>Comment le dire \u00e0 vous, repr\u00e9sentant de la communaut\u00e9 internationale quand, la communaut\u00e9 internationale a fait preuve de peur et de manque de courage pendant ces 16 ans en RDC.<\/p>\n<p>J\u2019aurais voulu dire \u00ab j\u2019ai l\u2019honneur de repr\u00e9senter mon pays. \u00bb, mais je ne peux pas non plus. En effet, comment \u00eatre fier d\u2019appartenir \u00e0 une nation sans d\u00e9fense ; livr\u00e9e \u00e0 elle-m\u00eame ; pill\u00e9e de toute part et impuissante devant 500.000 de ses filles viol\u00e9es pendant 16 ans ; 6000000 de morts de ses fils et filles pendant 16 ans sans qu\u2019il y aucune perspective de solution durable.<\/p>\n<p>Non, je n\u2019ai ni l\u2019honneur ; ni le privil\u00e8ge d\u2019\u00eatre l\u00e0 ce jour. Mon c\u0153ur est lourd. Mon honneur, c\u2019est d\u2019accompagner ces femmes Victimes de Violence courageuses ; ces femmes qui r\u00e9sistent, ces femmes qui malgr\u00e9 tout restent d\u00e9bout.<br \/>\nAujourd\u2019hui gr\u00e2ce au rapport des experts des nations Unies , au Mapping report du haut commissaire aux droits humain des nations unies et beaucoup d_ autres rapports cr\u00e9dibles , plus personne ne peut se cacher derri\u00e8re l\u2019argument de la complexit\u00e9 de la crise .Nous savons donc d\u00e9sormais les motivations de cette crise et ces diff\u00e9rents acteurs. Ce qui fait d\u00e9faut c\u2019est la volont\u00e9 politique. Mais jusques \u00e0 quand ? Jusques \u00e0 quand devons nous encore assister impuissants \u00e0 d\u2019autres massacres ?<\/p>\n<p>Excellences,Messieurs les Ambassadeurs ; c\u2019est avec une grande humilit\u00e9 que je vous dis, vous avez&#8230;<br \/>\nOn a pas besoin de plus de preuve, on a besoin d\u2019une action, une action urgente pour arr\u00eater les responsables de ces crimes contre l\u2019humanit\u00e9 et les traduire devant la justice. La justice n\u2019est pas n\u00e9gociable On a besoin de votre condamnation unanime des groupes rebelles qui sont responsables de ces actes, on a besoin des actions concr\u00e8tes \u00e0 l\u2019encontre des \u00e9tats membres des nations unies qui soutiennent de pr\u00e8s ou de loin ces barbaries. Nous sommes devant une urgence humanitaire qui ne donne plus place \u00e0 la tergiversation. Tous les ingr\u00e9dients sont r\u00e9unis pour mettre fin \u00e0 une guerre injuste qui a utilis\u00e9 la violence et le viol de femmes comme une strat\u00e9gie de guerre. Les femmes congolaises ont droit a une protection \u00e0 l\u2019instar de toutes les femmes de cette plan\u00e8te.<\/p>\n<p>Vouloir mettre tous ces rapports cr\u00e9dibles dans le tiroir de l\u2019oubliette sera port\u00e9 une atteinte grave \u00e0 la cr\u00e9dibilit\u00e9 de diff\u00e9rentes r\u00e9solutions des nations unies exigeant la protection des femmes en p\u00e9riode des conflits et donc d\u00e9cr\u00e9dibiliser toute notre ch\u00e8re institution qui pourtant est cens\u00e9e garantir la non r\u00e9p\u00e9tition du g\u00e9nocide.<\/p>\n<p>Les acquis de la civilisation reculent ; ils reculent par les nouvelles barbaries comme en Syrie et en RDC ; mais aussi par le silence assourdissant et le manque de courage de la communaut\u00e9 internationale. Nous ne saurions pas taire la v\u00e9rit\u00e9 car elle t\u00eatue, nous devrions plut\u00f4t l\u2019affronter pour \u00e9viter de trahir nos id\u00e9aux .<\/p>\n<p>J\u2019ai l\u2019honneur de dire que le courage des femmes VVS de l\u2019Est de la RDC finira par vaincre le mal. Aidez-le \u00e0 retrouver la paix !<\/p>\n<p>Je vous remercie.<\/p>\n<p><em><strong>Denis Mukwege <\/strong><\/em><br \/>\n<em> M\u00e9decin Directeur<\/em><br \/>\n<em> H\u00f4pital de Panzi<\/em><br \/>\n<em> Bukavu-RDCongo<\/em>\t\t<\/p>\n","protected":false},"excerpt":{"rendered":"<p>Le discours du Docteur Mukwege aux Nations-Unies le 25 septembre 2012. Excellences Messieurs les Ambassadeurs, J\u2019aurais voulu commencer mon discours par la formule habituelle : \u00abj\u2019ai l\u2019honneur et le privil\u00e8ge de prendre la parole devant vous.\u00bb H\u00e9las ! les femmes victimes de VS de l\u2019Est de la RDC sont dans le d\u00e9shonneur. J\u2019ai constamment sous [&hellip;]<\/p>\n","protected":false},"author":1,"featured_media":4085,"comment_status":"open","ping_status":"open","sticky":false,"template":"","format":"standard","meta":{"_acf_changed":false,"content-type":"","footnotes":""},"categories":[122,124,129],"tags":[],"class_list":["post-4084","post","type-post","status-publish","format-standard","has-post-thumbnail","hentry","category-news-alertes","category-politique-societe","category-sante"],"acf":[],"_links":{"self":[{"href":"https:\/\/congolobilelo.com\/IN\/wp-json\/wp\/v2\/posts\/4084","targetHints":{"allow":["GET"]}}],"collection":[{"href":"https:\/\/congolobilelo.com\/IN\/wp-json\/wp\/v2\/posts"}],"about":[{"href":"https:\/\/congolobilelo.com\/IN\/wp-json\/wp\/v2\/types\/post"}],"author":[{"embeddable":true,"href":"https:\/\/congolobilelo.com\/IN\/wp-json\/wp\/v2\/users\/1"}],"replies":[{"embeddable":true,"href":"https:\/\/congolobilelo.com\/IN\/wp-json\/wp\/v2\/comments?post=4084"}],"version-history":[{"count":0,"href":"https:\/\/congolobilelo.com\/IN\/wp-json\/wp\/v2\/posts\/4084\/revisions"}],"wp:featuredmedia":[{"embeddable":true,"href":"https:\/\/congolobilelo.com\/IN\/wp-json\/"}],"wp:attachment":[{"href":"https:\/\/congolobilelo.com\/IN\/wp-json\/wp\/v2\/media?parent=4084"}],"wp:term":[{"taxonomy":"category","embeddable":true,"href":"https:\/\/congolobilelo.com\/IN\/wp-json\/wp\/v2\/categories?post=4084"},{"taxonomy":"post_tag","embeddable":true,"href":"https:\/\/congolobilelo.com\/IN\/wp-json\/wp\/v2\/tags?post=4084"}],"curies":[{"name":"wp","href":"https:\/\/api.w.org\/{rel}","templated":true}]}}