{"id":4052,"date":"2012-09-29T20:28:49","date_gmt":"2012-09-29T20:28:49","guid":{"rendered":"http:\/\/www.ingeta.com\/?p=4052"},"modified":"2012-09-29T20:28:49","modified_gmt":"2012-09-29T20:28:49","slug":"il-faut-comprendre-que-la-guerre-au-congo-est-une-guerre-des-anglo-saxons","status":"publish","type":"post","link":"https:\/\/congolobilelo.com\/IN\/il-faut-comprendre-que-la-guerre-au-congo-est-une-guerre-des-anglo-saxons\/","title":{"rendered":"Comprendre que la guerre au Congo est une guerre des Anglo-Saxons"},"content":{"rendered":"<p>\t\t\t\t<em><strong>Jean-Pierre Mbelu, analyste politique congolais, d\u00e9crypte le dernier sommet des Nations-Unies, soutient que la guerre de basse intensit\u00e9 men\u00e9e contre la RD Congo est une guerre des anglo-saxons et explique pourquoi nous devons penser autrement pour mettre notre pays debout.<\/strong><\/em><\/p>\n<p><iframe loading=\"lazy\" src=\"http:\/\/www.youtube.com\/embed\/Y2KDbagfe50\" frameborder=\"0\" width=\"560\" height=\"315\"><\/iframe><\/p>\n<p><strong>Sur le sommet des Nations-Unies<\/strong><\/p>\n<blockquote><p>Vous ne pouvez pas appeler, comme acteurs pouvant y apporter des solutions, les personnes impliqu\u00e9es jusqu&#8217;\u00e0 la moelle \u00e9pini\u00e8re dans la guerre au Congo. L&#8217;ONU fait partie du probl\u00e8me.<\/p><\/blockquote>\n<p><strong>Sur la &#8220;diplomatie&#8221; du gouvernement de Kinshasa<\/strong><\/p>\n<blockquote><p>Le gouvernement de Kinshasa ne peut pas plaider la cause du Congo parce que ce qui arrive au Congo aujourd&#8217;hui participe du projet auquel ces putschistes ont adh\u00e9r\u00e9 depuis tr\u00e8s longtemps.<\/p><\/blockquote>\n<p><strong>Sur l&#8217;attitude de Kagam\u00e9 au sommet de l&#8217;ONU<\/strong><\/p>\n<blockquote><p>Paul Kagam\u00e9 sait ce qu&#8217;il fait. En tant que paralytique, il s&#8217;amuse parce qu&#8217;il jouit des appuis s\u00e9rieux aupr\u00e8s de ses chefs qu&#8217;il est all\u00e9 voir aux USA, ceux qui ont d\u00e9but\u00e9 cette guerre au Congo. D&#8217;ailleurs avant d&#8217;aller \u00e0 l&#8217;assembl\u00e9e g\u00e9n\u00e9rale de l&#8217;ONU, il a pass\u00e9 au moins une semaine aux USA. N&#8217;oubliez pas qu&#8217;il a \u00e9t\u00e9 form\u00e9 par les Am\u00e9ricains. N&#8217;oubliez pas qu&#8217;il est un grand ami de Bill Clinton. N&#8217;oubliez pas que la guerre dans les Grands Lacs, est une guerre de basse intensit\u00e9, orchestr\u00e9e par l&#8217;\u00e9lite anglo-saxonne.<\/p><\/blockquote>\n<p><strong>Sur le discours de Joseph Kabila<\/strong><\/p>\n<blockquote><p>Ce monsieur joue tr\u00e8s bien son r\u00f4le. Ce qu&#8217;il a dit \u00e0 la tribune de l&#8217;ONU n&#8217;est pas tr\u00e8s diff\u00e9rent de ce qu&#8217;avait d\u00e9clar\u00e9 Paul Kagam\u00e9, il y a quelques temps. la ministre rwandaise des affaires \u00e9trang\u00e8res a \u00e9galement tenu les m\u00eames propos. Ce monsieur est en train de nous dire: &#8221; je joue mon r\u00f4le, c&#8217;est \u00e0 vous congolais qu&#8217;il appartient de pouvoir d\u00e9nicher le r\u00f4le que je joue jusqu&#8217;au jour o\u00f9 vous pourrez me mettre hors d&#8217;\u00e9tat d&#8217;agir&#8221;. Mais tant que nous ne comprendrons pas cela, nous allons crier et aboyer, et comme il l&#8217;a souvent dit : le chien aboie, la caravane passe.<\/p><\/blockquote>\n<p><strong>Sur l&#8217;agresseur de la RDC<\/strong><\/p>\n<blockquote><p>L&#8217;agresseur n&#8217;est pas le Rwanda. On met le Rwanda sur le devant de la sc\u00e8ne. Le Rwanda participe de la guerre de basse intensit\u00e9 qui est men\u00e9 contre notre pays mais le Rwanda est instrumentalis\u00e9 comme l&#8217;Ouganda est instrumentalis\u00e9, comme le Burundi, comme certaines \u00e9lites compradore. La guerre de basse intensit\u00e9 contre notre pays est une guerre des anglo-saxons&#8230; O\u00f9 est-ce que le Rwanda trouve les armes? O\u00f9 est-ce que le Rwanda trouve l&#8217;argent pour mener une guerre de cette envergure depuis les ann\u00e9es 90?<br \/>\nLes Forces Obscures ne sont pas que le Rwanda. Les forces obscures sont aussi les firmes multinationales qui approvisionnent les armes pour pouvoir entretenir la guerre de pr\u00e9dation.<\/p><\/blockquote>\n<p><strong>Sur nos analyses de la guerre d&#8217;agression en RDC<\/strong><\/p>\n<blockquote><p>Nous devons am\u00e9liorer nos analyses. Nous n&#8217;allons pas au fond des choses. Nous nous limitons au paralytique (Paul Kagam\u00e9), nous nous limitons aux instruments qui sont utilis\u00e9s (Kabila, Ouganda, Rwanda, Burundi, etc) et nous oublions les acteurs pl\u00e9niers de cette guerre d&#8217;agression . Quand nous crions, en parlant du Rwanda, nous pensons avancer dans nos analyses. Or aujourd&#8217;hui, nous avons des documents qui attestent que cette guerre est une guerre des anglo-saxons. Nous citons facilement le Rwanda&#8230; Pourquoi avons-nous peur de citer l&#8217;\u00e9lite anglo-saxonne?<\/p><\/blockquote>\n<p><strong>Sur la mobilisation des masses populaires<\/strong><\/p>\n<blockquote><p>Kabila jouera son r\u00f4le de cheval de troie du Rwanda au Congo jusqu&#8217;au jour o\u00f9 nos masses populaires mobilis\u00e9es comme un seul homme diront : il y en a marre! Tant que les mouvements sociaux congolais ne se seront pas mis debout. Tant que nos masses populaires n&#8217;auront pas compris qu&#8217;il n&#8217;y aura pas de demiurge, que ce sont nos masses qui sont des demiurges devant \u00eatre capables de se prendre en charge elles-m\u00eames, Kabila peut m\u00eame vieillir comme pr\u00e9sident.<\/p><\/blockquote>\n<p><strong>Sur le Rwanda<\/strong><\/p>\n<blockquote><p>Le Rwanda ne vaut rien sans le grand soutien de l&#8217;\u00e9lite anglo-saxonne. Tant que l&#8217;\u00e9lite anglo-saxonne soutiendra le Rwanda et organisera le d\u00e9mant\u00e8lement du Congo pour en faire un Etat rat\u00e9 \u00e0 la solde des multinationales occidentales, les civils congolais continueront \u00e0 payer le grand prix.<\/p><\/blockquote>\n<p><strong>Sur le sommet de la francophonie et la question du pouvoir<\/strong><\/p>\n<blockquote><p>Le sommet de la francophonie pose la question du &#8220;pouvoir&#8221;. Qui donne le pouvoir? Ce n&#8217;est pas l&#8217;occident qui donne le pouvoir. Ce sont les masses populaires qui donnent le pouvoir. C&#8217;est parce qu&#8217;elles ne sont pas encore tr\u00e8s conscientes de leur force et de leur pouvoir qu&#8217;elles n&#8217;en sont pas encore arriv\u00e9s l\u00e0.<\/p><\/blockquote>\n<p><strong>Sur la question du pouvoir et de l&#8217;imaginaire<\/strong><\/p>\n<blockquote><p>Le sommet de la francophonie pose la question du &#8220;pouvoir&#8221;. Qui donne le pouvoir? Ce n&#8217;est pas l&#8217;occident qui donne le pouvoir. Ce sont les masses populaires qui donnent le pouvoir. C&#8217;est parce qu&#8217;elles ne sont pas encore tr\u00e8s conscientes de leur force et de leur pouvoir qu&#8217;elles n&#8217;en sont pas encore arriv\u00e9s l\u00e0. L&#8217;occident impose son calendrier parce que les africains s&#8217;agenouillent et acceptent.. C&#8217;est la le probl\u00e8me. Nous devons gu\u00e9rir notre imaginaire. Alors, l&#8217;homme congolais avec son imaginaire gu\u00e9ri prendra des risques. Et alors son pays lui appartiendra. Nous devons penser autrement pour mettre notre pays debout.<\/p><\/blockquote>\n","protected":false},"excerpt":{"rendered":"<p>Jean-Pierre Mbelu, analyste politique congolais, d\u00e9crypte le dernier sommet des Nations-Unies, soutient que la guerre de basse intensit\u00e9 men\u00e9e contre la RD Congo est une guerre des anglo-saxons et explique pourquoi nous devons penser autrement pour mettre notre pays debout. Sur le sommet des Nations-Unies Vous ne pouvez pas appeler, comme acteurs pouvant y apporter [&hellip;]<\/p>\n","protected":false},"author":1,"featured_media":4053,"comment_status":"open","ping_status":"open","sticky":false,"template":"","format":"standard","meta":{"_acf_changed":false,"content-type":"","footnotes":""},"categories":[107,120,124],"tags":[],"class_list":["post-4052","post","type-post","status-publish","format-standard","has-post-thumbnail","hentry","category-analyses-commentaires","category-mondialisation","category-politique-societe"],"acf":[],"_links":{"self":[{"href":"https:\/\/congolobilelo.com\/IN\/wp-json\/wp\/v2\/posts\/4052","targetHints":{"allow":["GET"]}}],"collection":[{"href":"https:\/\/congolobilelo.com\/IN\/wp-json\/wp\/v2\/posts"}],"about":[{"href":"https:\/\/congolobilelo.com\/IN\/wp-json\/wp\/v2\/types\/post"}],"author":[{"embeddable":true,"href":"https:\/\/congolobilelo.com\/IN\/wp-json\/wp\/v2\/users\/1"}],"replies":[{"embeddable":true,"href":"https:\/\/congolobilelo.com\/IN\/wp-json\/wp\/v2\/comments?post=4052"}],"version-history":[{"count":0,"href":"https:\/\/congolobilelo.com\/IN\/wp-json\/wp\/v2\/posts\/4052\/revisions"}],"wp:featuredmedia":[{"embeddable":true,"href":"https:\/\/congolobilelo.com\/IN\/wp-json\/"}],"wp:attachment":[{"href":"https:\/\/congolobilelo.com\/IN\/wp-json\/wp\/v2\/media?parent=4052"}],"wp:term":[{"taxonomy":"category","embeddable":true,"href":"https:\/\/congolobilelo.com\/IN\/wp-json\/wp\/v2\/categories?post=4052"},{"taxonomy":"post_tag","embeddable":true,"href":"https:\/\/congolobilelo.com\/IN\/wp-json\/wp\/v2\/tags?post=4052"}],"curies":[{"name":"wp","href":"https:\/\/api.w.org\/{rel}","templated":true}]}}