{"id":4040,"date":"2012-09-25T18:59:53","date_gmt":"2012-09-25T18:59:53","guid":{"rendered":"http:\/\/www.ingeta.com\/?p=4040"},"modified":"2012-09-25T18:59:53","modified_gmt":"2012-09-25T18:59:53","slug":"lettre-ouverte-a-ban-ki-moon-de-la-part-des-femmes-congolaises-de-la-diaspora","status":"publish","type":"post","link":"https:\/\/congolobilelo.com\/IN\/lettre-ouverte-a-ban-ki-moon-de-la-part-des-femmes-congolaises-de-la-diaspora\/","title":{"rendered":"Lettre ouverte \u00e0 Ban Ki-Moon (de la part des &#8220;femmes congolaises&#8221;)"},"content":{"rendered":"<p>\t\t\t\tMonsieur le Secr\u00e9taire G\u00e9n\u00e9ral\u00a0 des Nations-Unies,<\/p>\n<p>En tant que le plus haut fonctionnaire des Nations Unies, vous pouvez\u00a0 utiliser votre ind\u00e9pendance pour emp\u00eacher l&#8217;apparition, l&#8217;aggravation ou l&#8217;extension de tout conflit pouvant mettre en p\u00e9ril le maintien de la paix ou du respect du droit international, notamment en attirant l&#8217;attention du Conseil de s\u00e9curit\u00e9. Ce qui est compl\u00e8tement conforme \u00e0 vos attributions.<\/p>\n<p>C\u2019est ainsi que vous voulez organiser ce 27 septembre 2012,\u00a0 une tripartie RDC-Rwanda-Secr\u00e9tariat G\u00e9n\u00e9ral de l\u2019ONU \u00a0pour tenter de r\u00e9soudre \u00a0ce conflit qui pr\u00e9vaut\u00a0 \u00e0 l\u2019Est du Congo. A cette rencontre, vous voudriez associer les criminels et mercenaires du M23. C\u2019est tout simplement de la forfaiture, car vous voulez, d\u2019une mani\u00e8re insidieuse leur accorder une reconnaissance internationale tout simplement parce que, ces criminels et mercenaires sont au service des grandes puissances occidentales et des multinationales dont vous servez les int\u00e9r\u00eats.<\/p>\n<p>C\u2019est pourquoi, nous, <strong>FEMMES CONGOLAISES DE LA DIASPORA<\/strong> vous disons d\u2019embl\u00e9e que cette rencontre n\u2019a aucun objet, \u00a0et ne d\u00e9bouchera sur aucune r\u00e9solution qui mettra fin a ces massacres et assassinats, ceci pour des raisons que vous allez d\u00e9couvrir dans cette lettre.<\/p>\n<p>Depuis que notre pays, la R\u00e9publique D\u00e9mocratique du Congo a \u00e9t\u00e9 agress\u00e9e par le Rwanda, l\u2019Ouganda et le \u00a0Burundi, \u00a0le 2 ao\u00fbt 1998, les Nations-Unies, le Conseil de S\u00e9curit\u00e9 et votre pr\u00e9d\u00e9cesseur, Koffi Annan, ont attendu plus de 9 mois pour r\u00e9agir en de\u00e7\u00e0 de ce qu\u2019il convenait de faire, en faisant adopter la r\u00e9solution 1234 d\u2019une tr\u00e8s faible teneur, et qui n\u2019avait pas r\u00e9pondu comme il se devait \u00e0 l\u2019attente des populations meurtries de notre pays.<\/p>\n<p>L\u2019accord de Lusaka de 1999 qui s\u2019en \u00e9tait suivi n\u2019a fait que favoriser les pays agresseurs dans leurs vell\u00e9it\u00e9s d\u2019occupation de notre pays, et ce ne fut qu\u2019un acte de reddition et de capitulation du Congo ouvrant ainsi une br\u00e8che vers sa balkanisation. Dites-nous alors, Monsieur le Secr\u00e9taire G\u00e9n\u00e9ral, quelle est aujourd\u2019hui la port\u00e9e juridique, politique et diplomatique de ces fameux accords de paix de Lusaka? Lettre morte.<\/p>\n<p>En effet cr\u00e9\u00e9e par la\u00a0<a title=\"R\u00e9solution du Conseil de s\u00e9curit\u00e9 des Nations unies\" href=\"http:\/\/fr.wikipedia.org\/wiki\/R%C3%A9solution_du_Conseil_de_s%C3%A9curit%C3%A9_des_Nations_unies\">r\u00e9solution<\/a>\u00a01279\u00a0du\u00a0<a title=\"Conseil de s\u00e9curit\u00e9 des Nations unies\" href=\"http:\/\/fr.wikipedia.org\/wiki\/Conseil_de_s%C3%A9curit%C3%A9_des_Nations_unies\">Conseil de s\u00e9curit\u00e9<\/a>\u00a0en date du\u00a0<a title=\"30 novembre\" href=\"http:\/\/fr.wikipedia.org\/wiki\/30_novembre\">30<\/a>\u00a0<a title=\"Novembre 1999\" href=\"http:\/\/fr.wikipedia.org\/wiki\/Novembre_1999\">novembre<\/a>\u00a0<a title=\"1999\" href=\"http:\/\/fr.wikipedia.org\/wiki\/1999\">1999<\/a>, la Monuc, qui au d\u00e9part devrait se d\u00e9ployer uniquement a l\u2019Est de la RDC, avait \u00e9tendu son champ d\u2019action dans toute l\u2019\u00e9tendue du territoire de notre pays; ce qui n\u2019\u00e9tait pas pour assurer la paix, mais pour pr\u00e9parer \u00a0l\u2019occupation de la RDC par des troupes \u00e9trang\u00e8res, notamment celles du Rwanda, de l\u2019Ouganda et du Burundi.<\/p>\n<p>Malgr\u00e9 le fait que de 1999 \u00e0 2008, le conseil de s\u00e9curit\u00e9 ait adopt\u00e9 plus d\u2019une cinquantaine de r\u00e9solutions, celles-ci n\u2019ont d\u00e9bouch\u00e9es sur aucune r\u00e9solution de\u00a0 l\u2019agression dont le Congo est victime.<\/p>\n<p>A ce jour, \u00a0la MONUSCO, qui dispose d&#8217;un budget de 1.490.000.000 de dollars et d\u2019un effectif d\u00e9ploy\u00e9 de plus de 23 000 hommes, votre organisation n\u2019arrive toujours pas \u00e0 faire cesser le g\u00e9nocide congolais. Au contraire, elle se met au service des agresseurs du Congo en leur fournissant armes et munitions.<\/p>\n<p>Est-il besoin de vous rappeler que ce sont des camions de la MONUC, UNHCR, de l\u2019UNICEF qui ont toujours transport\u00e9 les troupes rwandaises pour venir agresser le Congo?<\/p>\n<p>Faut-il vous rappeler que\u00a0 les pas de danse esquiss\u00e9s par votre Envoy\u00e9 Sp\u00e9cial pour la r\u00e9gion des grands lacs, Mr. OBASANJO, avec un criminel et mercenaire rwandais du nom de Nkundabatware, ont montr\u00e9 clairement au yeux du monde que votre organisation est complice des crimes de guerre, des crimes contre l\u2019humanit\u00e9 et des crimes de g\u00e9nocides qui se commettent tous les jours par l\u2019arm\u00e9e r\u00e9guli\u00e8re du Rwanda ainsi que par des mercenaires du M23, comme ils firent commis nagu\u00e8re par les mercenaires de l\u2019AFDL, du RCD\/GOMA, du CNDP et du PPRD, tous faisant partie de la m\u00eame filiation rwandaise.<\/p>\n<p>Ceci \u00e9tant, lorsque vous voulez inviter une d\u00e9l\u00e9gation du M23 aux pourparlers du 27 septembre 2012; laissez-nous vous dire, Mr. Le Secr\u00e9taire G\u00e9n\u00e9ral que vous insultez la m\u00e9moire des 8.000.000 d\u2019innocentes victimes congolaises tu\u00e9es, massacres par la barbarie des criminels du M23 que vous voulez inviter \u00e0 table!<\/p>\n<p>Nous vous rappelons ici que <strong><span style=\"text-decoration: underline;\">le M23 n\u2019est pas un mouvement de r\u00e9bellion<\/span><\/strong> parce que c\u2019est une organisation criminelle \u00e9trang\u00e8re et qui fait une \u201cguerre\u201d priv\u00e9e pour ses int\u00e9r\u00eats personnels. Etant des mercenaires, les membres du M23 ne peuvent en aucun cas b\u00e9n\u00e9ficier du statut de prisonnier de guerre tel que pr\u00e9vu par la Convention de Gen\u00e8ve 1949 et par le Protocole I de 1977.<\/p>\n<p>En effet, la d\u00e9finition du mercenaire a \u00e9t\u00e9 fournie par le\u00a0<strong>protocole I du 8 juin 1977 additionnel aux conventions de Gen\u00e8ve du 12 ao\u00fbt 1949<\/strong>\u00a0relatif \u00e0 la protection des victimes des conflits arm\u00e9s internationaux. Et l&#8217;article 47 de ce protocole d\u00e9finit le mercenaire de la fa\u00e7on suivante\u00a0:<\/p>\n<p><em>\u00a0\u00ab\u00a0Un mercenaire n&#8217;a pas droit au statut de combattant ou de prisonnier de guerre. Le terme mercenaire s&#8217;entend de toute personne\u00a0:<\/em><em><\/em><\/p>\n<p><em><strong>1.<\/strong><\/em><em> qui est sp\u00e9cialement recrut\u00e9e pour se battre dans un conflit arm\u00e9\u00a0;<\/em><\/p>\n<p><em><strong>2.<\/strong><\/em><em> qui prend part aux hostilit\u00e9s essentiellement en vue d&#8217;obtenir un avantage personnel et \u00e0 laquelle est effectivement promise, par une partie au conflit ou en son nom, une r\u00e9mun\u00e9ration mat\u00e9rielle nettement sup\u00e9rieure \u00e0 celle promise ou pay\u00e9e \u00e0 des combattants ayant un rang et une fonction analogues dans les forces arm\u00e9es de cette partie\u00a0;<\/em><\/p>\n<p><em><strong>3<\/strong><\/em><em> qui n&#8217;est pas ressortissant d&#8217;une partie au conflit, ni r\u00e9sident d&#8217;un territoire contr\u00f4l\u00e9 par une partie au conflit\u00a0;<\/em><\/p>\n<p><em><strong>4<\/strong><\/em><em>. qui n&#8217;est pas membre des forces arm\u00e9es d&#8217;une partie au conflit\u00a0;<\/em><\/p>\n<p><em><strong>5.<\/strong><\/em><em> et qui n&#8217;a pas \u00e9t\u00e9 envoy\u00e9e par un \u00c9tat autre qu&#8217;une partie au conflit en mission officielle en tant que membre des forces arm\u00e9es dudit \u00c9tat.\u00a0\u00bb<\/em><em><\/em><\/p>\n<p>Comme vous pouvez le constater \u00e0 l\u2019appui de cette d\u00e9finition, le M23 est une organisation criminelle de mercenaires financ\u00e9e par le Rwanda. Vous savez aussi que \u00a0dans tous les \u00e9pisodes de d\u00e9stabilisation de la RDC \u00e0 partir du Kivu, le Rwanda a toujours \u00e9t\u00e9 derri\u00e8re ces actions; vous n\u2019avez rien fait pour arr\u00eater ces atrocit\u00e9s.<\/p>\n<p><strong>Enfants viol\u00e9s, vieillards viol\u00e9s, femmes viol\u00e9es, enterr\u00e9es vivantes, femmes mutil\u00e9es, femmes meurtries, femmes sauvagement tu\u00e9es et \u00e0 qui ces criminels enfoncent des sticks de bois, des d\u00e9bris de verre \u00a0et du sable dans leurs vagins&#8230; C\u2019est le moindre de vos soucis. <em>(<a href=\"http:\/\/www.ingeta.com\/wp-content\/uploads\/2012\/09\/Lettre-Ouverte-Ban-ki-Moon-24092012.pdf\">Ci-joints en annexe les photos des atrocit\u00e9s que vous m\u00eame et votre organisation ont laiss\u00e9 faire<\/a>)<\/em><\/strong><\/p>\n<p>Votre pr\u00e9occupation principale c\u2019est la sauvegarde des int\u00e9r\u00eats am\u00e9ricains, britanniques, fran\u00e7ais, belges, canadiens, allemands ainsi que ceux des multinationales et de la MONUSCO qui exploitent et pillent les richesses de notre pays. Des cargos et des h\u00e9licopt\u00e8res remplis de mati\u00e8res premi\u00e8res de notre pays quittent tous les jours le Kivu pour Kigali et Bujumbura o\u00f9 elles sont n\u00e9goci\u00e9es et vendus a des multinationales sans que les Congolais n\u2019en b\u00e9n\u00e9ficient\u00a0? Au contraire ces pillages ne font qu\u2019\u00e0 enrichirir des pr\u00e9dateurs \u00e9trangers et les pays agresseurs.<\/p>\n<p>Ainsi, nous <strong>FEMMES CONGOLAISES DE LA DIASPORA<\/strong> consid\u00e9rons\u00a0 l\u2019arm\u00e9e r\u00e9guli\u00e8re du Rwanda, l\u2019arm\u00e9e r\u00e9guli\u00e8re de l\u2019Ouganda ainsi que l\u2019arm\u00e9e r\u00e9guli\u00e8re du Burundi comme \u00e9tant des <strong><em>\u201cforces n\u00e9gatives\u201d<\/em><\/strong> occupant ill\u00e9galement notre pays, \u00a0causant la mort et la d\u00e9solation au sein des populations congolaises au m\u00eame titre que le M23 et autres FDLR, interhamwe,\u00a0 Mai-mai, \u00a0les Mbororo et consorts.<\/p>\n<p>C\u2019est pourquoi, nous vous demandons de renoncer \u00e0 cette mauvaise id\u00e9e d\u2019associer le M23 \u00e0 cette rencontre \u00a0du 27 septembre 2012 concernant la crise en RDC, car en les y associant, vous voulez accorder a une bandes de voyous et de criminels une sorte de reconnaissance internationale \u00a0mais vous avez plut\u00f4t le devoir d\u2019engager des troupes de la MONUSCO et de leur demander de faire leur travail \u00e0 savoir: pourchasser et arr\u00eater les membres du M23 et leur complicit\u00e9s cit\u00e9es dans tous les rapports de vos experts et de le d\u00e9f\u00e9rer aupr\u00e8s de la Cour P\u00e9nale Internationale.<\/p>\n<p>Vous avez le droit et le devoir de le faire parce que;<\/p>\n<ol>\n<li>Sur injonction des Etats-Unis, vous avez fait adopter par le Conseil de S\u00e9curit\u00e9, <em>la r\u00e9solution<\/em>\u00a01593 (2005) du Conseil de S\u00e9curit\u00e9 du \u00a031\/03\/2005<em> Exigeant<\/em>\u00a0l&#8217;<em>arrestation<\/em>\u00a0et de remise d&#8217;Omar\u00a0<em>Al<\/em>\u00a0Bashir du Soudan \u00e0 la Cour P\u00e9nale Internationale pour des crimes dans le Darfour, mais en fait c\u2019est a cause de son p\u00e9trole\u00a0;<\/li>\n<li>Sur des\u00a0 injonctions combin\u00e9es des Etats-Unis, de l\u2019Union Europ\u00e9enne, vous avez fait adopter la r\u00e9solution \u00a01973 du \u00a017 mars 2011 du\u00a0<em>Conseil de s\u00e9curit\u00e9<\/em>\u00a0des Nations unies \u00e0 destination de la\u00a0<em>Libye et<\/em>\u00a0qui avait conduit \u00e0 l\u2019assassinat de Mouammar Kadhafi par les forces de l\u2019OTAN \u00e0 cause de son p\u00e9trole et de la fortune de son pays. Aujourd\u2019hui, quelle paix avez-vous instaur\u00e9e en Libye\u00a0? Nous ne sommes pas dupes et les r\u00e9cents \u00e9v\u00e9nements qui y son advenus d\u00e9montrent \u00e0 suffisance votre forfaiture.<\/li>\n<li>Sur injonction des Etats-Unis, d\u2019Isra\u00ebl et de l\u2019Union Europ\u00e9enne, vous avez fait adopter la \u00a0<em><strong> <\/strong><\/em><em>r\u00e9solution<\/em>\u00a02042 14 avril 2012<em> sur la Syrie<\/em>, par laquelle vous autorisez \u00a0les forces occidentales d\u2019armer les \u201crebelles\u201d pour faire chuter Al-Bachar;<\/li>\n<li>Lors de la crise ivoirienne,\u00a0 sur vos instructions et sur les injonctions que vous avez re\u00e7ues des Etats-Unis et de l\u2019Union Europ\u00e9enne, votre repr\u00e9sentant sur place, s\u2019\u00e9tait arrog\u00e9 et adjug\u00e9 des pouvoirs politiques en faveur \u00a0d\u2019un camp contre un autre alors qu\u2019il se devait de garder une totale neutralit\u00e9\u00a0;<\/li>\n<li>Pourquoi malgr\u00e9 plusieurs rapports sur les crimes perp\u00e9tr\u00e9s par le Rwanda, le\u00a0 CNDP et aujourd\u2019hui par le M23 en RDC, et dont les auteurs sont cit\u00e9s et connus, vous ne saisissez toujours pas \u00a0le conseil de s\u00e9curit\u00e9 pour condamner fermement le Rwanda et \u00a0d\u00e9f\u00e9rer les auteurs de ces crimes devant la Cour P\u00e9nale Internationale ? Comme votre pr\u00e9d\u00e9cesseur vous restez muet. Il en est de m\u00eame pour votre repr\u00e9sentant sur place \u00e0 Kinshasa, qui passe le clair de son temps \u00e0 s\u2019occuper des pillages des mati\u00e8res premi\u00e8res strat\u00e9giques de notre pays au lieu de maintenir la paix.<\/li>\n<\/ol>\n<p>Vous voyez bien qu&#8217;il y a deux poids, deux mesures, et que votre arbitrage est \u00e0 deux vitesses. Pour ce qui concerne la RDC, vos d\u00e9cisions sont loin d&#8217;\u00eatre \u00e9quitables et que les millions de vie humaine en danger n&#8217;ont aucune valeur pour vous.<\/p>\n<p>C\u2019est ainsi que vous vous \u00eates d\u00e9lib\u00e9r\u00e9ment \u00e9cart\u00e9 de vos fonctions en vous soumettant aux diktats des grandes puissances et des multinationales qui commettent des crimes horribles en Afrique et plus particuli\u00e8rement en R\u00e9publique D\u00e9mocratique du Congo.<\/p>\n<p>C\u2019est pourquoi, nous, <strong>FEMMES<\/strong> <strong>CONGOLAISES DE LA DIASPORA<\/strong>, agissant au nom de toute les femmes congolaises qui payent le plus lourd tribut des crimes que vous organisez au Congo, \u00a0tenons\u00a0 \u00e0 vous rappeler ici les dispositions et les stipulations de l\u2019article 100 de la Charte \u00a0de\u00a0 concernant vos charges et responsabilit\u00e9s, et qui stipulent <span style=\"text-decoration: underline;\">clairement<\/span> ce qui suit\u00a0:<\/p>\n<p><em>\u00ab\u00a01. Dans l&#8217;accomplissement de leurs devoirs, le Secr\u00e9taire g\u00e9n\u00e9ral et le personnel ne solliciteront ni n&#8217;accepteront d&#8217;instructions d&#8217;aucun gouvernement ni d&#8217;aucune autorit\u00e9 ext\u00e9rieure \u00e0 l&#8217;Organisation. Ils s&#8217;abstiendront de tout acte incompatible avec leur situation de fonctionnaires internationaux et ne sont responsables qu&#8217;envers l&#8217;Organisation.\u00a0 <\/em><\/p>\n<p><em>2. Chaque Membre de l&#8217;Organisation s&#8217;engage \u00e0 respecter le caract\u00e8re exclusivement international des fonctions du Secr\u00e9taire g\u00e9n\u00e9ral et du personnel et \u00e0 ne pas chercher \u00e0 les influencer dans l&#8217;ex\u00e9cution de leur t\u00e2che.\u00a0\u00bb\u00a0 <\/em><\/p>\n<p>Ainsi, si vous n\u2019\u00eates plus en mesure de remplir et accomplir vos devoirs et vos obligations vis-\u00e0-vis des Etats Membres, nous vous prions alors, d\u2019en tirer les cons\u00e9quences.<\/p>\n<p>De toute les fa\u00e7ons, l&#8217;Occident a toujours \u00e9t\u00e9 injuste envers le Kongo de Lumumba et je vous conseille de bien lire le livre de <strong>Adam HOCHSCHILD<\/strong> sur <strong><em>\u00ab\u00a0Les Fant\u00f4mes du roi L\u00e9opold II : la terreur coloniale dans l&#8217;Etat du Congo de 1884 \u00e0 1908\u00a0\u00bb<\/em><\/strong> o\u00f9 vous verrez la f\u00e9rocit\u00e9 des colons qui ont massacr\u00e9 10 millions de Congolais pour assouvir leur app\u00e9tit fr\u00e9n\u00e9tique de l&#8217;argent en exploitant de l\u2019h\u00e9v\u00e9a dans la Province de l\u2019Equateur pour les besoins de l\u2019industrie automobile.<\/p>\n<p>A ce jour les multinationales, avec votre complicit\u00e9 et de ceux des puissances occidentales, dont les Etats-Unis, la Grande-Bretagne et le Canada, ont massacr\u00e9s 8 millions de Congolais pour l\u2019exploitation des minerais strat\u00e9giques dans les Provinces du Nord et du Sud Kivu. Mais \u00a0pour vous, les vies humaines du peuple bantou congolais ne valent rien par rapport \u00e0 celle des tueurs-tutsi-rwandais que vous couvrez et supportez.<\/p>\n<p>Vous avez longtemps cach\u00e9 au monde votre entreprise criminelle\u00a0; mais aujourd\u2019hui, le monde entier est au courant de cette forfaiture. Pour en savoir plus, nous vous conseillons de lire les livres et t\u00e9moignages \u00a0ci-apr\u00e8s\u00a0:<\/p>\n<p><strong>1. Honor\u00e9 Gbanda\u00a0<em>\u00ab\u00a0Crimes organis\u00e9es en Afrique Centrale\u00a0\u00bb<\/em><\/strong><strong> <\/strong><em><strong>R\u00e9v\u00e9lations sur les r\u00e9seaux rwandais et occidentaux<\/strong><\/em><strong><em>,<\/em><\/strong><strong>\u00a0<\/strong><strong>pr\u00e9face de Charles Onana, Paris, Editions Duboiris, 2004, 456.<\/strong><strong><em><\/em><\/strong><\/p>\n<p><strong>2. Charles Onana : <em>\u00ab\u00a0Ces tueurs tutsi\u00a0 au c\u0153ur de la trag\u00e9die congolaise\u00a0\u00bb,<\/em> Edition\u00a0 Duboiris, Paris, 2009. <\/strong><\/p>\n<p><strong>3.\u00a0 Pierre P\u00e9an\u00a0: <em>-\u00ab\u00a0Noires fureurs, Blancs menteurs\u00a0\u00bb<\/em><\/strong> \u00a0<strong>Rwanda 1990 -1994&#8243;, Ed. Mille et une nuit (Fayard), Paris, 2005, 544 p.&#8221;, livre de Pierre P\u00e9an par<\/strong><strong><\/strong><\/p>\n<p><strong><em>4. <\/em><\/strong><strong>Pierre P\u00e9an<em> \u00ab\u00a0CARNAGES\u00a0\u00bb, les guerres secr\u00e8tes des grandes Puissances en Afrique, <\/em><\/strong>\u00a0<strong>Paris, Fayard, 2010, p. 334). <\/strong><strong><\/strong><\/p>\n<p><strong>4. Alain Deneault \u00a0<em>\u00ab\u00a0Noir Canada\u00a0<\/em><\/strong><em>\u00bb<\/em> <strong>Pillage, corruption et criminalit\u00e9 en Afrique, Edition \u00c9co soci\u00e9t\u00e9, 352 pages<\/strong><\/p>\n<p><strong>5. Patrick Mbeko <em>\u00ab\u00a0Le Canada dans les guerres en Afrique Centrale\u00a0\u00bb<\/em><\/strong><strong> <\/strong>: Collection<strong> &#8221; Les Persiennes de Minuit&#8221;, Essai, 2010, 350 pages<\/strong><strong><\/strong><\/p>\n<p><strong>6. Cynthia\u00a0 McKinney \u00a0<em>\u00ab Non \u00e0 la balkanisation de la RD Congo \u00bb<\/em> \u00a0\u00a0\u00a0\u00a0\u00a0\u00a0\u00a0T\u00e9moignage recueilli par Dr Emmanuel Kabongo Malu Plate-forme Publie par \u00a0www.KongoTimes.info &#8211; \u00a9 KongoTimes! -. 19\/09\/2011<\/strong><\/p>\n<p>Le contentieux congolais est tr\u00e8s lourd : <strong>Kimpa Vita<\/strong>, premi\u00e8re martyre Congolaise, br\u00fbl\u00e9e vive par les moines capucins portugais, <strong>Simon Kimbangu<\/strong> emprisonn\u00e9, sans jugement, sans avoir commis de crime, <strong>Lumumba<\/strong> assassin\u00e9 par la CIA \u00a0avec la complicit\u00e9\u00a0 des Etats-Unis, de la Belgique et de la Grande-Bretagne. Le Congo est entrain vivre des injustices que vous et vos semblables continuent de perp\u00e9tuer.<\/p>\n<p>Nous Femmes Congolaises ne laisseront pas ces crimes impunis, m\u00eame nos g\u00e9n\u00e9rations futures demanderont des comptes pour que justice et d\u00e9dommagement soient faits \u00e0 la R\u00e9publique D\u00e9mocratique du Congo et au Peuple Congolais.<\/p>\n<p>Un jour apr\u00e8s la 2<sup>\u00e8me<\/sup> guerre mondiale, la Communaut\u00e9 Internationale avait dit ceci : <strong><em><span style=\"text-decoration: underline;\">&#8220;plus jamais \u00e7a&#8221;<\/span>,<\/em><\/strong> aujourd&#8217;hui cette m\u00eame Communaut\u00e9 Internationale agit envers les nations du sud en l&#8217;occurrence la RDC, pire que les nazis, o\u00f9 allons nous ? O\u00f9 est la justice, la d\u00e9mocratie ?<\/p>\n<p>Les pr\u00e9dateurs se permettent de faire \u00a0de la dictature en RDC en utilisant les n\u00e8gres de service qui sont plac\u00e9s \u00a0au pouvoir pour la balkanisation de notre pays et pour l\u2019extermination de notre Peuple, comme le firent jadis les colons, en Am\u00e9rique, o\u00f9 ils avaient extermin\u00e9s les Am\u00e9rindiens et occupes leurs terres. A ce sujet, nous\u00a0 vous conseillons \u00e9galement de lire : <em>\u00ab\u00a0<strong>La f\u00e9rocit\u00e9 blanche : des non blancs aux non aryens, ces g\u00e9nocides occult\u00e9s de 1492 \u00e0 nos jours\u00a0\u00bb<\/strong><\/em><strong> par : Rose Am\u00e9lia Plumelle Uribe<\/strong> et ils avaient occup\u00e9s\u00a0 leurs terres.<\/p>\n<p>Les Aborig\u00e8nes d\u2019Australie avaient subi ce m\u00eame sort lorsqu\u2019ils avaient \u00e9t\u00e9 massacres par des colons Anglais.<\/p>\n<p>C\u2019est pour vous dire que le Peuple Congolais, se r\u00e9f\u00e9rant aux grands d\u00e9sastres humanitaires\u00a0 de l\u2019esclavage, de la colonisation et des g\u00e9nocides de part le monde, va construire un m\u00e9morial qui leur rappellera toujours et \u00e0 jamais les affres et les ignominies qu\u2019ils ont subi depuis plus de 600 ans.<\/p>\n<p>Nous en avons assez des mensonges qui servent le ventre des pr\u00e9dateurs et non des peuples, nous en avons assez de votre hypocrisie et croyons qu&#8217;il existe un <strong>DIEU<\/strong> au dessus de votre organisation, qui nous aidera \u00e0 mettre un terme aux massacres diaboliques et machiav\u00e9liques quotidiens inflig\u00e9s, aux enfants, aux vieillards, aux femmes et aux hommes de notre pays que vous refuser de prot\u00e9ger et de \u00a0d\u00e9fendre.<\/p>\n<p>Si vous aviez vu le film, <strong><em>\u00ab\u00a0Le Cauchemar de Darwin\u00a0\u00bb<\/em><\/strong><em> <\/em>d\u2019Hubert Sauper<em>, <\/em>vous auriez remarqu\u00e9 qu\u2019\u00e0 No\u00ebl, aux enfants blancs, ont leur donne divers jouets, fruit des pillages des richesses de l\u2019Afrique, et aux enfants noirs, on leur r\u00e9serve en contrepartie : <strong>DES BOMBES<\/strong>\u00a0!<\/p>\n<p>En voulant recevoir la d\u00e9l\u00e9gation du M23, vous faites partie des n\u00e9gationnistes du g\u00e9nocide congolais. Et nous vous posons la question de savoir si vous \u00eates pr\u00eat de pardonner et d\u2019oublier ce que vos compatriotes sud-cor\u00e9ens ont subi en 1953 ?<\/p>\n<p>Etes-vous pr\u00eat \u00e0 pardonner le bombardement par l\u2019arm\u00e9e nord-cor\u00e9enne de l\u2019\u00eele de Yeonpyeong \u00a0le 23 novembre 2010 qui a caus\u00e9 la mort de marins sud-cor\u00e9ens et de civils et de nombreux bless\u00e9s\u00a0 ainsi que le naufrage du navire de guerre sud-cor\u00e9en, le Cheonan, le 26 mars 2010, apparemment provoqu\u00e9 par une torpille tir\u00e9e par un sous-marin nord-cor\u00e9en, provoquant la mort de 46 personnes.<\/p>\n<p>Nous pensons que non\u00a0: vous n\u2019avez jamais convoqu\u00e9 une rencontre entre les protagonistes nord-cor\u00e9ens et sud-cor\u00e9ens; alors pourquoi tenez-vous \u00e0 ce que nous nous asseyions sur la m\u00eame table avec des assassins de notre peuple? Alors dans ce cas il faudra plut\u00f4t mettre face-\u00e0-face les familles de 8.000.000 de victimes congolaises devant les bourreaux et mercenaires du <strong>M23<\/strong> y compris ceux de l\u2019<strong>AFDL<\/strong>, du <strong>RDC\/GOMA<\/strong>, du <strong>CNDP<\/strong> et du <strong>PPRD<\/strong> (au pouvoir actuellement a Kinshasa,).<\/p>\n<p>En voulant\u00a0 \u00e0 tout prix recevoir la d\u00e9l\u00e9gation du M23, vous commettrez une violation flagrante du Droit International Public du fait que\u00a0l\u2019individu n\u2019est pas sujet du Droit International Public\u00a0: Ce sont les Etats et les organisations internationales gouvernementales.<\/p>\n<p>Le peuple congolais n\u2019est plus dupe\u00a0: il sait que <strong>sous pr\u00e9texte de la mise en place de la Force Internationale Neutre en vue de combattre le forces n\u00e9gative dans les Kivu, la Communaut\u00e9 Internationale, et vous-m\u00eame, poursuivez inexorablement le processus de la balkanisation du Congo ainsi que le d\u00e9peuplement\u00a0 des Provinces du Nord et du Sud Kivu en vue de l\u2019instauration de l\u2019Etat pour les Tutsi..<\/strong><\/p>\n<p><strong>C\u2019est pourquoi nous disons ici, et devant la face du monde que\u00a0: les accords de Lusaka, les Accords de Nairobi I et Nairobi II, ceux d\u2019Addis-Abeba, ainsi que ceux de Kampala I et Kampala II ne sont que d\u2019accords sous-seing priv\u00e9 n\u2019engageant que leurs signataires et n\u2019ont aucune valeur juridique du point de vue du Droit International Public. Vous le savez bien, mais vous continuer \u00e0 flouer l\u2019opinion publique internationale en faisant organiser des rencontres et des sommets qui ne servent qu\u2019a distraire.<\/strong><\/p>\n<p><strong>Avant de clore cette lettre, nous avons quelques pr\u00e9occupations et quelques questions directes \u00e0 vous poser\u00a0:<\/strong><\/p>\n<ol>\n<li>Apr\u00e8s Addis-Abeba, Kampala I, Goma, Kampala II, New-York\u2026 : quel est votre agenda pour la RD Congo\u00a0?<\/li>\n<li>Depuis la publication, en juin dernier, du rapport des experts des Nations Unies sur la situation s\u00e9curitaire de l\u2019Est de la R\u00e9publique<br \/>\nD\u00e9mocratique du Congo, plusieurs zones d\u2019ombres ont \u00e9t\u00e9 \u00e9clair\u00e9es. Le Mouvement du 23 Mars 2009 a \u00e9t\u00e9 formellement identifi\u00e9 comme un groupe terroriste, dont les responsables politiques et militaires ainsi que leurs complices rwandais devaient \u00eatre poursuivis en justice pour crimes de guerre et crimes contre l\u2019humanit\u00e9\u00a0: Quelles sont les dispositions que vous comptez prendre\u00a0?<\/li>\n<li>Le pays fournisseur de troupes, d\u2019armes, de munitions et de fonds \u00e0 cette force n\u00e9gative est connu : il s\u2019agit du<strong><span style=\"text-decoration: underline;\"> Rwanda<\/span><\/strong>\u00a0: Cet Etat va-t-en-guerre a m\u00eame \u00e9t\u00e9 frapp\u00e9 de mesures en cha\u00eene de privation d\u2019aide militaire et humanitaire \u00e0 la suite de son implication dans l\u2019entreprise de d\u00e9stabilisation de la RDC\u00a0: quelles sont les sanctions que vous comptez prendre \u00e0 son encontre\u00a0? Pourquoi ne faites-vous pas faire adopter par le Conseil de S\u00e9curit\u00e9 une r\u00e9solution demandant l\u2019arrestation des dirigeants rwandais et de les d\u00e9f\u00e9rer devant la Cour P\u00e9nal Internationale comme vous le f\u00eetes pour Al-B\u00e9chir du Soudan\u00a0?<\/li>\n<\/ol>\n<p><strong>\u00a0<\/strong>Monsieur le Secr\u00e9taire G\u00e9n\u00e9ral,<\/p>\n<p>Comme nous l\u2019avions d\u00e9j\u00e0 dit, nous Congolais ne sommes plus dupes et nous savons que vous n\u2019avez aucun calendrier pr\u00e9cis sur le Congo et encore moins<\/p>\n<p><strong>En conclusion, <\/strong>cette guerre d\u2019agression que nous subissons depuis 1996 jusqu\u2019\u00e0 ce jour constitue\u00a0 <strong>un crime contre la paix,<\/strong> qui engage la responsabilit\u00e9 de leurs auteurs. En clair, il faudra que vous demandiez aux Etats-Unis \u00e0 la Grande-Bretagne, au Canada et \u00e0 leurs sous-traitants rwandais, ougandais, burundais et \u00e0 d\u2019autres de\u00a0 d\u00e9dommager le Congo pour tous les crimes commis par eux et parce qu\u2019ils ont viol\u00e9 l\u2019int\u00e9grit\u00e9 territoriale\u00a0 et l\u2019ind\u00e9pendance du Congo.<\/p>\n<p>Le Congo ne repr\u00e9sente aucune menace pour la paix dans le monde, mais les Etats-Unis, la Grande-Bretagne, le Canada et leurs sous-traitants rwandais sont venus pour occuper le territoire congolais en usant la force contre le peuple congolais qui meurt tous les jours dans des souffrances horribles. Pareil recours \u00e0 la force et \u00e0 la violence\u00a0 constitue une violation du droit international Public, du Droit International Humanitaire \u00a0et \u00a0celle de la Charte des Nations Unies dont vous \u00eates le garant. Mais vous en tant que\u00a0 Secr\u00e9taire G\u00e9n\u00e9ral des Nations Unies, tout comme votre pr\u00e9d\u00e9cesseur, Koffi Annan, restez muets \u00e0 ce sujet.<\/p>\n<p>Votre\u00a0 silence vaut\u00a0 complicit\u00e9 pour accepter que le g\u00e9nocide congolais continue\u00a0: Est -ce -que, le monde peut \u00eatre fier de vous\u00a0? Nous n\u2019en sommes pas s\u00fbres.<\/p>\n<p>Fait \u00e0 Londres, le 24 septembre 2012.<\/p>\n<p>&nbsp;<\/p>\n<p><em>POUR LES FEMMES CONGOLAISES DE LA DIASPORA,<br \/>\nMarie-Christine BALANGA<\/em><\/p>\n<p><a href=\"http:\/\/www.ingeta.com\/wp-content\/uploads\/2012\/09\/Lettre-Ouverte-Ban-ki-Moon-24092012.pdf\">\u00a0T\u00e9l\u00e9chargez l&#8217;int\u00e9gralit\u00e9 de cette lettre ouverte.<\/a>\t\t<\/p>\n","protected":false},"excerpt":{"rendered":"<p>Monsieur le Secr\u00e9taire G\u00e9n\u00e9ral\u00a0 des Nations-Unies, En tant que le plus haut fonctionnaire des Nations Unies, vous pouvez\u00a0 utiliser votre ind\u00e9pendance pour emp\u00eacher l&#8217;apparition, l&#8217;aggravation ou l&#8217;extension de tout conflit pouvant mettre en p\u00e9ril le maintien de la paix ou du respect du droit international, notamment en attirant l&#8217;attention du Conseil de s\u00e9curit\u00e9. Ce qui [&hellip;]<\/p>\n","protected":false},"author":1,"featured_media":4041,"comment_status":"open","ping_status":"open","sticky":false,"template":"","format":"standard","meta":{"_acf_changed":false,"content-type":"","footnotes":""},"categories":[122,124],"tags":[],"class_list":["post-4040","post","type-post","status-publish","format-standard","has-post-thumbnail","hentry","category-news-alertes","category-politique-societe"],"acf":[],"_links":{"self":[{"href":"https:\/\/congolobilelo.com\/IN\/wp-json\/wp\/v2\/posts\/4040","targetHints":{"allow":["GET"]}}],"collection":[{"href":"https:\/\/congolobilelo.com\/IN\/wp-json\/wp\/v2\/posts"}],"about":[{"href":"https:\/\/congolobilelo.com\/IN\/wp-json\/wp\/v2\/types\/post"}],"author":[{"embeddable":true,"href":"https:\/\/congolobilelo.com\/IN\/wp-json\/wp\/v2\/users\/1"}],"replies":[{"embeddable":true,"href":"https:\/\/congolobilelo.com\/IN\/wp-json\/wp\/v2\/comments?post=4040"}],"version-history":[{"count":0,"href":"https:\/\/congolobilelo.com\/IN\/wp-json\/wp\/v2\/posts\/4040\/revisions"}],"wp:featuredmedia":[{"embeddable":true,"href":"https:\/\/congolobilelo.com\/IN\/wp-json\/"}],"wp:attachment":[{"href":"https:\/\/congolobilelo.com\/IN\/wp-json\/wp\/v2\/media?parent=4040"}],"wp:term":[{"taxonomy":"category","embeddable":true,"href":"https:\/\/congolobilelo.com\/IN\/wp-json\/wp\/v2\/categories?post=4040"},{"taxonomy":"post_tag","embeddable":true,"href":"https:\/\/congolobilelo.com\/IN\/wp-json\/wp\/v2\/tags?post=4040"}],"curies":[{"name":"wp","href":"https:\/\/api.w.org\/{rel}","templated":true}]}}