{"id":4028,"date":"2012-09-22T10:42:30","date_gmt":"2012-09-22T10:42:30","guid":{"rendered":"http:\/\/www.ingeta.com\/?p=4028"},"modified":"2012-09-22T10:42:30","modified_gmt":"2012-09-22T10:42:30","slug":"goma-la-paix-dans-la-revolte-vendredi-21-septembre-2012","status":"publish","type":"post","link":"https:\/\/congolobilelo.com\/IN\/goma-la-paix-dans-la-revolte-vendredi-21-septembre-2012\/","title":{"rendered":"Goma : La Paix dans la Revolte, vendredi 21 septembre 2012"},"content":{"rendered":"<p>\t\t\t\tA Goma \u00e0 l&#8217;Est de RD Congo, le 21 septembre 2012, vers 14hoo heure locale, \u00e0 l&#8217;occasion de Journ\u00e9e Mondiale de la Paix, la population en majorit\u00e9 les jeunes se sont mis sur la rue pour dire non aux guerres et au d\u00e9ploiement de la force internationale neutre dans cette partie du pays. La mairie de Goma et le gouvernement provinciale ont envoy\u00e9 la police qui a tir\u00e9 \u00e0 balles r\u00e9elles sur des civils. Deux bless\u00e9s ont \u00e9t\u00e9 \u00e9vacu\u00e9s d&#8217;urgence \u00e0 l\u2019h\u00f4pital Heal Africa, 6 autres jeunes ont \u00e9t\u00e9 arr\u00eat\u00e9s.<\/p>\n<p><iframe loading=\"lazy\" width=\"560\" height=\"315\" src=\"http:\/\/www.youtube.com\/embed\/t88R0n-lerw\" frameborder=\"0\" allowfullscreen><\/iframe><\/p>\n","protected":false},"excerpt":{"rendered":"<p>A Goma \u00e0 l&#8217;Est de RD Congo, le 21 septembre 2012, vers 14hoo heure locale, \u00e0 l&#8217;occasion de Journ\u00e9e Mondiale de la Paix, la population en majorit\u00e9 les jeunes se sont mis sur la rue pour dire non aux guerres et au d\u00e9ploiement de la force internationale neutre dans cette partie du pays. La mairie [&hellip;]<\/p>\n","protected":false},"author":1,"featured_media":4030,"comment_status":"open","ping_status":"open","sticky":false,"template":"","format":"standard","meta":{"_acf_changed":false,"content-type":"","footnotes":""},"categories":[122,124],"tags":[],"class_list":["post-4028","post","type-post","status-publish","format-standard","has-post-thumbnail","hentry","category-news-alertes","category-politique-societe"],"acf":[],"_links":{"self":[{"href":"https:\/\/congolobilelo.com\/IN\/wp-json\/wp\/v2\/posts\/4028","targetHints":{"allow":["GET"]}}],"collection":[{"href":"https:\/\/congolobilelo.com\/IN\/wp-json\/wp\/v2\/posts"}],"about":[{"href":"https:\/\/congolobilelo.com\/IN\/wp-json\/wp\/v2\/types\/post"}],"author":[{"embeddable":true,"href":"https:\/\/congolobilelo.com\/IN\/wp-json\/wp\/v2\/users\/1"}],"replies":[{"embeddable":true,"href":"https:\/\/congolobilelo.com\/IN\/wp-json\/wp\/v2\/comments?post=4028"}],"version-history":[{"count":0,"href":"https:\/\/congolobilelo.com\/IN\/wp-json\/wp\/v2\/posts\/4028\/revisions"}],"wp:featuredmedia":[{"embeddable":true,"href":"https:\/\/congolobilelo.com\/IN\/wp-json\/"}],"wp:attachment":[{"href":"https:\/\/congolobilelo.com\/IN\/wp-json\/wp\/v2\/media?parent=4028"}],"wp:term":[{"taxonomy":"category","embeddable":true,"href":"https:\/\/congolobilelo.com\/IN\/wp-json\/wp\/v2\/categories?post=4028"},{"taxonomy":"post_tag","embeddable":true,"href":"https:\/\/congolobilelo.com\/IN\/wp-json\/wp\/v2\/tags?post=4028"}],"curies":[{"name":"wp","href":"https:\/\/api.w.org\/{rel}","templated":true}]}}