{"id":4013,"date":"2012-09-20T18:38:32","date_gmt":"2012-09-20T18:38:32","guid":{"rendered":"http:\/\/www.ingeta.com\/?p=4013"},"modified":"2012-09-20T18:38:32","modified_gmt":"2012-09-20T18:38:32","slug":"congo-week-a-paris-du-14-au-19-octobre-2012","status":"publish","type":"post","link":"https:\/\/congolobilelo.com\/IN\/congo-week-a-paris-du-14-au-19-octobre-2012\/","title":{"rendered":"Congo Week \u00e0 Paris, du 14 au 21 octobre 2012"},"content":{"rendered":"<p>\t\t\t\tAlors que le prochain sommet de la Francophonie se tiendra du 12 au 14 octobre 2012 \u00e0 Kinshasa, il se tiendra, du 14 au 21 octobre \u00e0 New York, Kisangani, Goma, Ottawa, Tokyo, Johannesburg\u2026 et pour la premi\u00e8re fois<em> <\/em>\u00e0 Paris, la \u00ab\u00a0<em>Congo Week\u00a0\u00bb, <\/em>une semaine destin\u00e9e \u00e0 informer le public sur le conflit meurtrier qui perdure au Congo depuis maintenant 16 ans, et qui a d\u00e9j\u00e0 fait plus de six millions de victimes, selon le Rapport MAPPING des Nations Unis, publi\u00e9 en octobre 2010.<\/p>\n<p><em><strong>Les manifestations \u00e0 Paris &#8211; conf\u00e9rences, \u00e9changes et projections de films &#8211; se d\u00e9rouleront \u00e0 la \u00ab\u00a0Maison de l&#8217;Afrique\u00a0\u00bb, 7, rue des carmes, 5<sup>\u00e8me<\/sup> arrondissement.\u00a0 Congo Week est un \u00e9v\u00e8nement gratuit et en acc\u00e8s libre (vous pouvez toutefois vous pr\u00e9-inscrire si vous le souhaitez par mail \u00e0 congoweekparis@gmail.com ou par sms au 06 4806 3843).<br \/>\n<\/strong><\/em><\/p>\n<p>Voici ci-dessous le programme :<\/p>\n<p><a><img loading=\"lazy\" decoding=\"async\" class=\"alignnone size-full wp-image-4014\" title=\"Flyer clair-001\" src=\"http:\/\/www.ingeta.com\/wp-content\/uploads\/2012\/10\/CWP2.jpg\" alt=\"\" width=\"416\" height=\"525\" \/><\/a><\/p>\n<p>&nbsp;\t\t<\/p>\n","protected":false},"excerpt":{"rendered":"<p>Alors que le prochain sommet de la Francophonie se tiendra du 12 au 14 octobre 2012 \u00e0 Kinshasa, il se tiendra, du 14 au 21 octobre \u00e0 New York, Kisangani, Goma, Ottawa, Tokyo, Johannesburg\u2026 et pour la premi\u00e8re fois \u00e0 Paris, la \u00ab\u00a0Congo Week\u00a0\u00bb, une semaine destin\u00e9e \u00e0 informer le public sur le conflit meurtrier [&hellip;]<\/p>\n","protected":false},"author":1,"featured_media":4067,"comment_status":"open","ping_status":"open","sticky":false,"template":"","format":"standard","meta":{"_acf_changed":false,"content-type":"","footnotes":""},"categories":[127],"tags":[],"class_list":["post-4013","post","type-post","status-publish","format-standard","has-post-thumbnail","hentry","category-rencontresdebats"],"acf":[],"_links":{"self":[{"href":"https:\/\/congolobilelo.com\/IN\/wp-json\/wp\/v2\/posts\/4013","targetHints":{"allow":["GET"]}}],"collection":[{"href":"https:\/\/congolobilelo.com\/IN\/wp-json\/wp\/v2\/posts"}],"about":[{"href":"https:\/\/congolobilelo.com\/IN\/wp-json\/wp\/v2\/types\/post"}],"author":[{"embeddable":true,"href":"https:\/\/congolobilelo.com\/IN\/wp-json\/wp\/v2\/users\/1"}],"replies":[{"embeddable":true,"href":"https:\/\/congolobilelo.com\/IN\/wp-json\/wp\/v2\/comments?post=4013"}],"version-history":[{"count":0,"href":"https:\/\/congolobilelo.com\/IN\/wp-json\/wp\/v2\/posts\/4013\/revisions"}],"wp:featuredmedia":[{"embeddable":true,"href":"https:\/\/congolobilelo.com\/IN\/wp-json\/"}],"wp:attachment":[{"href":"https:\/\/congolobilelo.com\/IN\/wp-json\/wp\/v2\/media?parent=4013"}],"wp:term":[{"taxonomy":"category","embeddable":true,"href":"https:\/\/congolobilelo.com\/IN\/wp-json\/wp\/v2\/categories?post=4013"},{"taxonomy":"post_tag","embeddable":true,"href":"https:\/\/congolobilelo.com\/IN\/wp-json\/wp\/v2\/tags?post=4013"}],"curies":[{"name":"wp","href":"https:\/\/api.w.org\/{rel}","templated":true}]}}