{"id":3990,"date":"2012-09-16T19:34:18","date_gmt":"2012-09-16T19:34:18","guid":{"rendered":"http:\/\/www.ingeta.com\/?p=3990"},"modified":"2012-09-16T19:34:18","modified_gmt":"2012-09-16T19:34:18","slug":"weekend-armand-tungulu-les-29-et-30-septembre-2012-a-bruxelles","status":"publish","type":"post","link":"https:\/\/congolobilelo.com\/IN\/weekend-armand-tungulu-les-29-et-30-septembre-2012-a-bruxelles\/","title":{"rendered":"&#8220;Weekend Armand Tungulu&#8221;, les 29 et 30 septembre 2012 \u00e0 Bruxelles"},"content":{"rendered":"<p>\t\t\t\t<iframe loading=\"lazy\" src=\"http:\/\/www.youtube.com\/embed\/WrphgA7lhbk\" frameborder=\"0\" width=\"560\" height=\"315\"><\/iframe><br \/>\n<strong>Communiqu\u00e9:<\/strong><br \/>\nLa diaspora congolaise du monde entier est invit\u00e9e le weekend du 29 et 30 septembre prochain \u00e0 Bruxelles (Belgique) pour une s\u00e9rie de manifestation en l&#8217;honneur d&#8217;Armand Tungulu et pour l&#8217;avanc\u00e9e de notre combat.<\/p>\n<p><strong>SAMEDI 29 SEPTEMBRE.<\/strong><br \/>\n&#8211; 13 H MARCHE JUSQU\u2019\u00c0 L&#8217;AMBASSADE DES USA (d\u00e9part Matonge ou Tr\u00f4ne) pour r\u00e9clamer \u00e0 l&#8217;ambassadeur Gutman qu&#8217;il respecte sa parole donn\u00e9e il y a deux ans, \u00e0 savoir : \u00ab mon gouvernement fera tout ce qu\u2019il peut pour le retour du corps d\u2019Armand \u00bb.<br \/>\n&#8211; 15 H PROCESSION JUSQU&#8217;A L&#8217;EGLISE SAINT-BONIFACE A MATONGE<br \/>\n&#8211; 15 H 30 MESSE OECUMENIQUE CELEBREE PAR L&#8217;ABBE GILBERT ET UN PASTEUR (AVEC CHORALE)<br \/>\n&#8211; 20 H RECEPTION AVEC THEATRE, DANSES TRADITIONNELLES, PROJECTION d4un FILM SUR ARMAND ET LE MOUVEMENT D&#8217;EVEIL QU&#8217;IL A SUSCITE, MUSIQUE PATRIOTIQUE AVEC BOKETSU 1ER, ETC.<\/p>\n<p><iframe loading=\"lazy\" src=\"http:\/\/www.dailymotion.com\/embed\/video\/xtlc6o\" frameborder=\"0\" width=\"560\" height=\"420\"><\/iframe><br \/>\n<a href=\"http:\/\/www.dailymotion.com\/video\/xtlc6o_une-delegation-de-change-in-congo-de-bruxelles-a-paris-pour-un-marathon-de-lobbying-sans-precedent-c_news\" target=\"_blank\" rel=\"noopener\">UNE DELEGATION DE CHANGE IN CONGO DE BRUXELLES A&#8230;<\/a> <em>par <a href=\"http:\/\/www.dailymotion.com\/afriqueredaction\" target=\"_blank\" rel=\"noopener\">afriqueredaction<\/a><\/em><br \/>\n<strong>LE DIMANCHE 30 SEPTEMBRE<\/strong><br \/>\n&#8211; UNE S\u00c9RIE DE D\u00c9BATS-CONF\u00c9RENCES SONT PR\u00c9VUS DES 15H.<\/p>\n<p><strong>Contact:<\/strong><br \/>\nJoseph Mbeka<br \/>\nPr\u00e9sident Change in Congo \/ NZAKOMBA<br \/>\n+32486855392<\/p>\n<p><iframe loading=\"lazy\" src=\"http:\/\/player.vimeo.com\/video\/49079372\" frameborder=\"0\" width=\"500\" height=\"375\"><\/iframe>\t\t<\/p>\n","protected":false},"excerpt":{"rendered":"<p>Communiqu\u00e9: La diaspora congolaise du monde entier est invit\u00e9e le weekend du 29 et 30 septembre prochain \u00e0 Bruxelles (Belgique) pour une s\u00e9rie de manifestation en l&#8217;honneur d&#8217;Armand Tungulu et pour l&#8217;avanc\u00e9e de notre combat. SAMEDI 29 SEPTEMBRE. &#8211; 13 H MARCHE JUSQU\u2019\u00c0 L&#8217;AMBASSADE DES USA (d\u00e9part Matonge ou Tr\u00f4ne) pour r\u00e9clamer \u00e0 l&#8217;ambassadeur Gutman [&hellip;]<\/p>\n","protected":false},"author":1,"featured_media":3991,"comment_status":"open","ping_status":"open","sticky":false,"template":"","format":"standard","meta":{"_acf_changed":false,"content-type":"","footnotes":""},"categories":[139,167],"tags":[],"class_list":["post-3990","post","type-post","status-publish","format-standard","has-post-thumbnail","hentry","category-anniversaires-celebrations","category-belgique"],"acf":[],"_links":{"self":[{"href":"https:\/\/congolobilelo.com\/IN\/wp-json\/wp\/v2\/posts\/3990","targetHints":{"allow":["GET"]}}],"collection":[{"href":"https:\/\/congolobilelo.com\/IN\/wp-json\/wp\/v2\/posts"}],"about":[{"href":"https:\/\/congolobilelo.com\/IN\/wp-json\/wp\/v2\/types\/post"}],"author":[{"embeddable":true,"href":"https:\/\/congolobilelo.com\/IN\/wp-json\/wp\/v2\/users\/1"}],"replies":[{"embeddable":true,"href":"https:\/\/congolobilelo.com\/IN\/wp-json\/wp\/v2\/comments?post=3990"}],"version-history":[{"count":0,"href":"https:\/\/congolobilelo.com\/IN\/wp-json\/wp\/v2\/posts\/3990\/revisions"}],"wp:featuredmedia":[{"embeddable":true,"href":"https:\/\/congolobilelo.com\/IN\/wp-json\/"}],"wp:attachment":[{"href":"https:\/\/congolobilelo.com\/IN\/wp-json\/wp\/v2\/media?parent=3990"}],"wp:term":[{"taxonomy":"category","embeddable":true,"href":"https:\/\/congolobilelo.com\/IN\/wp-json\/wp\/v2\/categories?post=3990"},{"taxonomy":"post_tag","embeddable":true,"href":"https:\/\/congolobilelo.com\/IN\/wp-json\/wp\/v2\/tags?post=3990"}],"curies":[{"name":"wp","href":"https:\/\/api.w.org\/{rel}","templated":true}]}}