{"id":3967,"date":"2012-09-10T09:30:54","date_gmt":"2012-09-10T09:30:54","guid":{"rendered":"http:\/\/www.ingeta.com\/?p=3967"},"modified":"2012-09-10T09:30:54","modified_gmt":"2012-09-10T09:30:54","slug":"demande-de-delocalisation-du-sommet-de-la-francophonie-decision-le-2009","status":"publish","type":"post","link":"https:\/\/congolobilelo.com\/IN\/demande-de-delocalisation-du-sommet-de-la-francophonie-decision-le-2009\/","title":{"rendered":"D\u00e9localisation du sommet de la Francophonie: d\u00e9cision le 20\/09"},"content":{"rendered":"<p>\t\t\t\t<strong>La justice se prononcera le 20 septembre sur la demande de Convergence pour l&#8217;Emergence du Congo, une association compos\u00e9e de Fran\u00e7ais d&#8217;origine congolaise de d\u00e9localiser le prochain sommet de la Francophonie, pr\u00e9vu du 12 au 14 octobre \u00e0 Kinshasa (RDC), ont annonc\u00e9 jeudi les avocats de l&#8217;association. L&#8217;association a notamment invoqu\u00e9 devant la juge des r\u00e9f\u00e9r\u00e9s la d\u00e9claration de Bamako, texte de r\u00e9f\u00e9rence de la Francophonie en mati\u00e8re de respect de la d\u00e9mocratie et des Droits de l&#8217;Homme.<\/strong><\/p>\n<p><iframe loading=\"lazy\" src=\"http:\/\/www.youtube.com\/embed\/xKGMFZXZ4uY\" frameborder=\"0\" width=\"560\" height=\"315\"><\/iframe><\/p>\n<p><iframe loading=\"lazy\" src=\"http:\/\/www.youtube.com\/embed\/aEd7G2OsPb4\" frameborder=\"0\" width=\"560\" height=\"315\"><\/iframe><\/p>\n<p><a href=\"http:\/\/www.tv5.org\/cms\/chaine-francophone\/info\/p-1911-Demande-de-delocalisation-du-sommet-de-la-Francophonie-decision-le-20-09.htm?&amp;rub=4&amp;xml=120906103216.td9v879c.xml\">PARIS, 6 sept 2012 (AFP) &#8211; 06.09.2012 10:32<\/a><\/p>\n<p>La justice se prononcera le 20 septembre sur la demande d&#8217;une association compos\u00e9e de Fran\u00e7ais d&#8217;origine congolaise de d\u00e9localiser le prochain sommet de la Francophonie, pr\u00e9vu du 12 au 14 octobre \u00e0 Kinshasa (RDC), ont annonc\u00e9 jeudi les avocats de l&#8217;association.<\/p>\n<p>L&#8217;Organisation internationale de la Francophonie (OIF) ne s&#8217;est pas pr\u00e9sent\u00e9e \u00e0 l&#8217;audience de r\u00e9f\u00e9r\u00e9 (proc\u00e9dure d&#8217;urgence) qui s&#8217;est tenue jeudi matin au tribunal de grande instance de Paris, a d\u00e9nonc\u00e9 Me Norbert Tricaud, l&#8217;un des avocats de Convergence pour l&#8217;\u00e9mergence du Congo (CEC).<\/p>\n<p>&#8220;Nous avons saisi la justice au nom des milliers de morts dont personne ne parle, que la Francophonie n&#8217;a ni d\u00e9nonc\u00e9s ni condamn\u00e9s, au nom du droit \u00e9lectoral vol\u00e9 et confisqu\u00e9 par la force des armes, des femmes viol\u00e9es tous les jours&#8221; en RDC, a d\u00e9clar\u00e9 Jean-Louis Tshimbalanga, pr\u00e9sident de CEC.<\/p>\n<p>L&#8217;association reproche au secr\u00e9taire g\u00e9n\u00e9ral de l&#8217;OIF, Abdou Diouf, d&#8217;\u00eatre &#8220;d\u00e9faillant&#8221; et souhaite que le sommet soit d\u00e9localis\u00e9 &#8220;dans un pays plus respectueux de la d\u00e9mocratie et des droits humains&#8221;, a d\u00e9clar\u00e9 Me Tricaud.<\/p>\n<p>M. Diouf, ancien pr\u00e9sident du S\u00e9n\u00e9gal, avait &#8220;dans le pass\u00e9 condamn\u00e9 la situation dans d&#8217;autres pays, mais refuse de condamner la situation&#8221; en RDC, a ajout\u00e9 l&#8217;avocat, qui soup\u00e7onne le secr\u00e9taire g\u00e9n\u00e9ral de l&#8217;OIF de &#8220;partialit\u00e9&#8221;. Le sommet avait \u00e9t\u00e9 d\u00e9localis\u00e9 \u00e0 deux reprises en 1991 et 2010, selon l&#8217;avocat.<\/p>\n<p>&#8220;Nous voulons \u00e9viter le scandale&#8221; de voir le pr\u00e9sident Fran\u00e7ois Hollande, qui a annonc\u00e9 sa venue au sommet, assis \u00e0 c\u00f4t\u00e9 des pr\u00e9sidents congolais et rwandais Joseph Kabila et Paul Kagame.<\/p>\n<p>Plusieurs associations congolaises et fran\u00e7aises lui avaient demand\u00e9 de &#8220;ne pas se rendre&#8221; \u00e0 ce sommet \u00e0 Kinshasa, pour ne pas conforter le r\u00e9gime de Kabila.<\/p>\n<p>Selon Me Olivier de Boissieu, qui d\u00e9fend \u00e9galement l&#8217;association, celle-ci a notamment invoqu\u00e9 devant la juge des r\u00e9f\u00e9r\u00e9s la d\u00e9claration de Bamako, texte de r\u00e9f\u00e9rence de la Francophonie en mati\u00e8re de respect de la d\u00e9mocratie et des Droits de l&#8217;Homme.\t\t<\/p>\n","protected":false},"excerpt":{"rendered":"<p>La justice se prononcera le 20 septembre sur la demande de Convergence pour l&#8217;Emergence du Congo, une association compos\u00e9e de Fran\u00e7ais d&#8217;origine congolaise de d\u00e9localiser le prochain sommet de la Francophonie, pr\u00e9vu du 12 au 14 octobre \u00e0 Kinshasa (RDC), ont annonc\u00e9 jeudi les avocats de l&#8217;association. L&#8217;association a notamment invoqu\u00e9 devant la juge des [&hellip;]<\/p>\n","protected":false},"author":1,"featured_media":3968,"comment_status":"open","ping_status":"open","sticky":false,"template":"","format":"standard","meta":{"_acf_changed":false,"content-type":"","footnotes":""},"categories":[122,124],"tags":[],"class_list":["post-3967","post","type-post","status-publish","format-standard","has-post-thumbnail","hentry","category-news-alertes","category-politique-societe"],"acf":[],"_links":{"self":[{"href":"https:\/\/congolobilelo.com\/IN\/wp-json\/wp\/v2\/posts\/3967","targetHints":{"allow":["GET"]}}],"collection":[{"href":"https:\/\/congolobilelo.com\/IN\/wp-json\/wp\/v2\/posts"}],"about":[{"href":"https:\/\/congolobilelo.com\/IN\/wp-json\/wp\/v2\/types\/post"}],"author":[{"embeddable":true,"href":"https:\/\/congolobilelo.com\/IN\/wp-json\/wp\/v2\/users\/1"}],"replies":[{"embeddable":true,"href":"https:\/\/congolobilelo.com\/IN\/wp-json\/wp\/v2\/comments?post=3967"}],"version-history":[{"count":0,"href":"https:\/\/congolobilelo.com\/IN\/wp-json\/wp\/v2\/posts\/3967\/revisions"}],"wp:featuredmedia":[{"embeddable":true,"href":"https:\/\/congolobilelo.com\/IN\/wp-json\/"}],"wp:attachment":[{"href":"https:\/\/congolobilelo.com\/IN\/wp-json\/wp\/v2\/media?parent=3967"}],"wp:term":[{"taxonomy":"category","embeddable":true,"href":"https:\/\/congolobilelo.com\/IN\/wp-json\/wp\/v2\/categories?post=3967"},{"taxonomy":"post_tag","embeddable":true,"href":"https:\/\/congolobilelo.com\/IN\/wp-json\/wp\/v2\/tags?post=3967"}],"curies":[{"name":"wp","href":"https:\/\/api.w.org\/{rel}","templated":true}]}}