{"id":3960,"date":"2012-09-10T09:08:07","date_gmt":"2012-09-10T09:08:07","guid":{"rendered":"http:\/\/www.ingeta.com\/?p=3960"},"modified":"2012-09-10T09:08:07","modified_gmt":"2012-09-10T09:08:07","slug":"debat-a-t-on-tout-dit-sur-le-congo-le-18-septembre-2012-a-bruxelles","status":"publish","type":"post","link":"https:\/\/congolobilelo.com\/IN\/debat-a-t-on-tout-dit-sur-le-congo-le-18-septembre-2012-a-bruxelles\/","title":{"rendered":"D\u00e9bat: &#8220;A-t-on tout dit sur le Congo&#8230;&#8221;, le 18 septembre 2012 \u00e0 Bruxelles"},"content":{"rendered":"<p>\t\t\t\tDans le cadre de la sortie en fran\u00e7ais du livre \u00abCongo\u00bb de David Van Reybrouck chez Actes Sud, Le Soir et Le Th\u00e9\u00e2tre National organisent une soir\u00e9e d\u00e9bat sur le th\u00e8me : <strong>&#8220;A-t-on tout dit d\u00e9sormais de l\u2019Histoire du Congo et quelle place pour la Belgique dans le Congo d\u2019aujourd\u2019hui et de demain?&#8221;<\/strong><\/p>\n<p><img loading=\"lazy\" decoding=\"async\" class=\"alignnone size-full wp-image-3961\" title=\"Th\u00e9\u00e2tre-national-SOIREE-CONGO-\" src=\"http:\/\/www.ingeta.com\/wp-content\/uploads\/2012\/09\/Th\u00e9\u00e2tre-national-SOIREE-CONGO--e1347268001371.jpg\" alt=\"\" width=\"640\" height=\"450\" \/><\/p>\n<p>Seront pr\u00e9sents au d\u00e9bat : Louis Michel, David Van Reybrouck, Colette Braeckman et des personnalit\u00e9s congolaises. Mod\u00e9ratrice de cette soir\u00e9e : B\u00e9atrice Delvaux.<\/p>\n<p><strong>La soir\u00e9e aura lieu au Th\u00e9\u00e2tre National, de 20h00 \u00e0 22h00.<\/strong><br \/>\nBoulevard Emile Jacqmainlaan 111-115<br \/>\n1000 Bruxelles\/Brussel, Belgique.<\/p>\n<p>Pour participer \u00e0 cette rencontre ?<\/p>\n<p>Envoyez un mail, d\u00e8s \u00e0 pr\u00e9sent \u00e0 communication@lesoir.be, avec en objet : soir\u00e9e Congo.<br \/>\nLe Soir vous contactera pour confirmer votre inscription.\t\t<\/p>\n","protected":false},"excerpt":{"rendered":"<p>Dans le cadre de la sortie en fran\u00e7ais du livre \u00abCongo\u00bb de David Van Reybrouck chez Actes Sud, Le Soir et Le Th\u00e9\u00e2tre National organisent une soir\u00e9e d\u00e9bat sur le th\u00e8me : &#8220;A-t-on tout dit d\u00e9sormais de l\u2019Histoire du Congo et quelle place pour la Belgique dans le Congo d\u2019aujourd\u2019hui et de demain?&#8221; Seront pr\u00e9sents [&hellip;]<\/p>\n","protected":false},"author":1,"featured_media":3961,"comment_status":"open","ping_status":"open","sticky":false,"template":"","format":"standard","meta":{"_acf_changed":false,"content-type":"","footnotes":""},"categories":[167,108,127],"tags":[],"class_list":["post-3960","post","type-post","status-publish","format-standard","has-post-thumbnail","hentry","category-belgique","category-evenements","category-rencontresdebats"],"acf":[],"_links":{"self":[{"href":"https:\/\/congolobilelo.com\/IN\/wp-json\/wp\/v2\/posts\/3960","targetHints":{"allow":["GET"]}}],"collection":[{"href":"https:\/\/congolobilelo.com\/IN\/wp-json\/wp\/v2\/posts"}],"about":[{"href":"https:\/\/congolobilelo.com\/IN\/wp-json\/wp\/v2\/types\/post"}],"author":[{"embeddable":true,"href":"https:\/\/congolobilelo.com\/IN\/wp-json\/wp\/v2\/users\/1"}],"replies":[{"embeddable":true,"href":"https:\/\/congolobilelo.com\/IN\/wp-json\/wp\/v2\/comments?post=3960"}],"version-history":[{"count":0,"href":"https:\/\/congolobilelo.com\/IN\/wp-json\/wp\/v2\/posts\/3960\/revisions"}],"wp:featuredmedia":[{"embeddable":true,"href":"https:\/\/congolobilelo.com\/IN\/wp-json\/"}],"wp:attachment":[{"href":"https:\/\/congolobilelo.com\/IN\/wp-json\/wp\/v2\/media?parent=3960"}],"wp:term":[{"taxonomy":"category","embeddable":true,"href":"https:\/\/congolobilelo.com\/IN\/wp-json\/wp\/v2\/categories?post=3960"},{"taxonomy":"post_tag","embeddable":true,"href":"https:\/\/congolobilelo.com\/IN\/wp-json\/wp\/v2\/tags?post=3960"}],"curies":[{"name":"wp","href":"https:\/\/api.w.org\/{rel}","templated":true}]}}