{"id":3949,"date":"2012-09-07T09:01:59","date_gmt":"2012-09-07T09:01:59","guid":{"rendered":"http:\/\/www.ingeta.com\/?p=3949"},"modified":"2012-09-07T09:01:59","modified_gmt":"2012-09-07T09:01:59","slug":"la-jeunesse-du-nord-kivu-lance-un-grave-defi-au-president-kabila","status":"publish","type":"post","link":"https:\/\/congolobilelo.com\/IN\/la-jeunesse-du-nord-kivu-lance-un-grave-defi-au-president-kabila\/","title":{"rendered":"La jeunesse du Nord-Kivu lance un grave d\u00e9fi au Pr\u00e9sident Kabila !"},"content":{"rendered":"<p>\t\t\t\t<em>Par <a href=\"http:\/\/congo-revolution.blogspot.co.uk\/2012\/09\/guerres-lest-de-la-rdc-la-jeunesse-du.html\">Jean-Mobert N&#8217;Senga<\/a>.<\/em><\/p>\n<p><em><strong>Au moment o\u00f9 s&#8217;ouvre \u00e0 Kampala, ce jeudi, le deuxi\u00e8me Sommet de la CIRGL sur la situation s\u00e9curitaire \u00e0 l&#8217;Est de la RDC, plusieurs dizaines de jeunes intellectuels de Goma ont manifest\u00e9 pacifiquement ce mercredi 5 ao\u00fbt 2012 \u00e0 Goma, la capitale provinciale du Nord-Kivu, essentiellement pour scander leur farouche opposition \u00e0 l&#8217;id\u00e9e de d\u00e9ployer une force internationale &#8220;neutre&#8221; dans leur contr\u00e9e. Ces jeunes, qui ne s&#8217;identifient \u00e0 aucune organisation, aucune association, aucun courant politique ou id\u00e9ologique, disent avoir en commun une &#8220;r\u00e9volte d\u00e9bordante&#8221; due \u00e0 la fois \u00e0 la situation des guerres \u00e0 r\u00e9p\u00e9tition dans leur pays et leur province, au laxisme du gouvernement, et \u00e0 l&#8217;inaction de la communaut\u00e9 internationale, repr\u00e9sent\u00e9e \u00e0 leurs yeux par la MONUSCO.<\/strong><\/em><\/p>\n<p>Ils arboraient des cartons pendant au cou sur lesquels on pouvait lire : &#8220;non \u00e0 une force internationale de trop !&#8221;. Ils demandent au Pr\u00e9sident Joseph Kabila, dont ils rappellent qu&#8217;il est le &#8220;Commandant supr\u00eame des FARDC&#8221;, de &#8220;nettoyer&#8221; la cha\u00eene de commandement des FARDC, d&#8217;am\u00e9liorer leur condition sociale et de leur doter de moyens mat\u00e9riels et techniques adapt\u00e9s au d\u00e9fi de la s\u00e9curisation des fronti\u00e8res de l&#8217;Est de la RDC. Ils exigent en particulier, en les nommant &#8211; chose plut\u00f4t audacieuse &#8211; que le Chef d&#8217;Etat-major g\u00e9n\u00e9rale des FARDC, le Lieutenant-G\u00e9n\u00e9ral Didier Etumba, et le Commandant de la Force terrestre, le G\u00e9n\u00e9ral Gabriel Amisi Kumba dit &#8220;Tango Four&#8221; soient d\u00e9mis de leurs fonctions et remplac\u00e9s par &#8220;des officiers plus comp\u00e9tents et loyaux \u00e0 la R\u00e9publique&#8221;, ajoutant qu&#8217; &#8220;il n&#8217;en manque pas !&#8221;.<\/p>\n<p>Ces jeunes reprochent \u00e0 ces g\u00e9n\u00e9raux de l&#8217;arm\u00e9e nationale congolaise d&#8217;avoir montr\u00e9 suffisamment leurs limites \u00e0 accomplir les devoirs de leurs charges, &#8220;\u00e0 en juger aux r\u00e9sultats sur terrain&#8221;. Astuce plut\u00f4t r\u00e9ussie, si l&#8217;on sait que d&#8217;autres congolais accusent purement et simplement le G\u00e9n\u00e9ral Amisi Kumba d&#8217;\u00eatre un &#8220;tra\u00eetre \u00e0 la solde des ennemis du peuple congolais&#8221;. Plusieurs organisations de la soci\u00e9t\u00e9 civile congolaise ont d\u00e9j\u00e0 demand\u00e9, de fa\u00e7on confidentielle, sa mise \u00e0 l&#8217;\u00e9cart, mais toujours sans succ\u00e8s.<\/p>\n<p>La MONUSCO n&#8217;est pas \u00e9pargn\u00e9e : ces jeunes r\u00e9volt\u00e9s l&#8217;accusent d&#8217;\u00eatre elle aussi laxiste, et d&#8217;assister religieusement au saccage de la RDC alors qu&#8217;elle est cens\u00e9e ramener la paix (ou y contribuer substantiellement). Ils rappellent que la MONUSCO d\u00e9pense chaque minute la somme ind\u00e9cente de plus ou moins 2 500 dollars am\u00e9ricains (soit pr\u00e8s de 4 millions de dollars par jour); qu&#8217;elle est pr\u00e9sente en RDC depuis plus de 12 ans, &#8220;sous le Chapitre VII&#8221;, et que malgr\u00e9 tout la paix se fait toujours attendre, sp\u00e9cialement dans les provinces du Kivu. Tout en rappelant leur conscience de la primaut\u00e9 de la responsabilit\u00e9 du gouvernement \u00e0 assurer la paix et la s\u00e9curit\u00e9, ces jeunes demandent que la MONUSCO applique imm\u00e9diatement le Chapitre VII et oeuvre r\u00e9ellement \u00e0 ramener la paix.<\/p>\n<p>Ce mouvement anonyme qui se veut r\u00e9volutionnaire n&#8217;en est pas \u00e0 sa premi\u00e8re d\u00e9monstration. A la mi-ao\u00fbt dernier, ces m\u00eames jeunes (alors moins nombreux que ce mercredi) \u00e9taient parvenus \u00e0 d\u00e9jouer les m\u00e9canismes de s\u00e9curit\u00e9 d\u00e9ploy\u00e9s autour de l&#8217;h\u00f4tel o\u00f9 se tenait la r\u00e9union du sous-comit\u00e9 des ministres de la d\u00e9fense de la CIRGL, et avaient manifest\u00e9 leur opposition \u00e0 la force internationale neutre. Chaque jour qui passe, le mouvement gagne le coeur de nombreux jeunes et semble susciter en m\u00eame temps beaucoup de sympathie de la part des habitants de la ville de Goma. Le mouvement va-t-il faire t\u00e2che d&#8217;huile ? Il est encore trop t\u00f4t de le dire. Mais ce qui est s\u00fbr, c&#8217;est que ces jeunes montrent une \u00e9nergie \u00e9tonnante et in\u00e9dite dans leur lutte, et semblent d\u00e9termin\u00e9s \u00e0 la mener jusqu&#8217;au bout.<\/p>\n<p>En demandant nomm\u00e9ment et publiquement la mise \u00e0 l&#8217;\u00e9cart de ces hauts commandants des FARDC, ils viennent de briser un tabou, et de lancer au pr\u00e9sident Kabila un grave d\u00e9fi, mais de mani\u00e8re tr\u00e8s ing\u00e9nieuse : s&#8217;il s&#8217;obstine \u00e0 garder ces officiers, c&#8217;est lui-m\u00eame qui pourrait \u00eatre leur prochaine cible !<\/p>\n<p>Or, il n&#8217;est pas s\u00fbr qu&#8217;il les suivent. Si l&#8217;opposition, qui a d\u00e9j\u00e0 \u00e9voqu\u00e9 la mise en accusation du Chef de l&#8217;Etat pour haute trahison, vient \u00e0 s&#8217;allier la soci\u00e9t\u00e9 civile et les forces vives de la nation dans cette requ\u00eate, il est fort \u00e0 parier que le pouvoir de Kabila subisse de s\u00e9rieux coups dans les prochains jours&#8230;<\/p>\n<p>Ci-apr\u00e8s le message int\u00e9gral de ces jeunes. Il est intitul\u00e9 :<\/p>\n<p><img loading=\"lazy\" decoding=\"async\" class=\"alignnone size-full wp-image-3950\" title=\"assez\" src=\"http:\/\/www.ingeta.com\/wp-content\/uploads\/2012\/09\/assez.jpg\" alt=\"\" width=\"320\" height=\"146\" \/><\/p>\n<blockquote><p>&#8220;Monsieur le Pr\u00e9sident de la R\u00e9publique, Mesdames et Messieurs les membres du gouvernement ;<\/p>\n<p>Nous en avons ASSEZ de ces guerres qui, depuis tant d\u2019ann\u00e9es, prennent nos vies et celles de ceux qui nous sont chers, accaparent nos biens, bafouent notre dignit\u00e9, et d\u00e9truisent nos espoirs.<\/p>\n<p>Nous en avons ASSEZ de la guerre, quelles qu\u2019en soient les motivations, les m\u00e9thodes ou les protagonistes : nous voulons la paix. Et nous la voulons MAINTENANT !<\/p>\n<p>Cependant, nous n\u2019approuvons pas et n\u2019accepterons pas le d\u00e9ploiement d\u2019une \u00ab force internationale neutre \u00bb, telle que vous \u00eates entrain de l\u2019envisager au niveau de la Conf\u00e9rence internationale sur la R\u00e9gion des Grands-Lacs :<\/p>\n<p>&#8211; D\u2019abord parce que ce serait une force de trop, dans une r\u00e9gion d\u00e9j\u00e0 sur militaris\u00e9e, o\u00f9 l\u2019on d\u00e9nombre beaucoup d\u2019autres forces (MONUSCO, AFRICOM, FARDC, sans parler des nombreuses forces n\u00e9gatives comme le M23, les Ma\u00ef-Ma\u00ef, les FDLR, etc.) ;<br \/>\n&#8211; Ensuite parce que comme vous en \u00eates conscient, il sera difficile, long et co\u00fbteux de mettre en \u0153uvre cette nouvelle force. Or, nous avons d\u00e9j\u00e0 assez attendu, assez souffert, et nous sommes au bout de notre patience. Vous avez peut-\u00eatre tout votre temps, mais les groupes arm\u00e9s qui nous tuent, nous violent, incendient nos habitations, et conqui\u00e8rent nos villages, eux ne nous ferons pas de r\u00e9pit en attendant gentiment que cette force incertaine vienne les d\u00e9faire ;<br \/>\n&#8211; Enfin parce que m\u00eame si par quelque magie, et apr\u00e8s on ne sait combien de temps, cette \u00ab force internationale neutre \u00bb venait \u00e0 \u00eatre d\u00e9ploy\u00e9e, elle ne fera rien de mieux que la MONUSCO qui \u00ab observe \u00bb nos malheurs depuis tant d\u2019ann\u00e9es d\u00e9j\u00e0 ; elle ne produira pas de meilleurs \u00ab r\u00e9sultats \u00bb que les op\u00e9rations conjointes men\u00e9es avec le Rwanda. Qui plus est, elle risque de s\u2019installer dans la dur\u00e9e, comme celles qui l\u2019ont pr\u00e9c\u00e9d\u00e9e.<\/p>\n<p>Nous ne voulons donc pas d\u2019une force autre que les FORCES ARMEES DE LA REPUBLIQUE DEMOCRATIQUE DU CONGO. Tout ce que nous vous demandons de faire c\u2019est de :<\/p>\n<p>1.Assainir la cha\u00eene de commandement de nos forces de s\u00e9curit\u00e9 (arm\u00e9e, police, renseignement). A ce sujet, nous exigeons que le Chef d\u2019Etat-Major G\u00e9n\u00e9ral , le Lieutenant-G\u00e9n\u00e9ral Didier Etumba et le Chef d\u2019Etat-major de la Force terrestre, le G\u00e9n\u00e9ral Gabriel Amisi Kumba dit \u00ab Tango Four \u00bb et tous les officiers de leur acabit soient imm\u00e9diatement d\u00e9mis de leurs fonctions et remplac\u00e9s par des officiers plus comp\u00e9tents et loyaux (la R\u00e9publique n\u2019en manque pas !), parce qu\u2019\u00e0 n\u2019en juger qu\u2019\u00e0 leurs r\u00e9sultats, ils ont lamentablement failli \u00e0 leur mission, et humili\u00e9 les hommes sous leur commandement ainsi que tout le peuple congolais ;<\/p>\n<p>2.Une fois le commandement des FARDC et des autres forces de s\u00e9curit\u00e9 assaini, mettez-les dans des conditions humaines d\u00e9centes et dotez-les rapidement de moyens mat\u00e9riels, techniques et financiers suffisants, afin qu\u2019ils soient en mesure de donner le meilleur d\u2019eux-m\u00eames pour lib\u00e9rer la Nation de tous les groupes arm\u00e9s et des agresseurs. C\u2019est de cette seule mani\u00e8re que l\u2019int\u00e9grit\u00e9 territoriale et la souverainet\u00e9 de notre pays seront r\u00e9tablies rapidement et maintenues de fa\u00e7on durable. C\u2019est non seulement une solution plus efficace et plus rationnelle, mais aussi une option qui respecte notre dignit\u00e9 en tant que Nation.<\/p>\n<p>Tout en vous rappelant que la d\u00e9fense de notre pays ne revient pas \u00e0 des pays tiers ou \u00e0 la \u00ab communaut\u00e9 internationale \u00bb, nous vous demandons d\u2019insister aupr\u00e8s du Conseil de s\u00e9curit\u00e9 des Nations-Unies pour que le Chapitre VII de la Charte soit effectivement appliqu\u00e9, et que la MONUSCO ex\u00e9cute effectivement son mandat, ou se retire carr\u00e9ment.<\/p>\n<p>Comprenez, Monsieur le Pr\u00e9sident de la R\u00e9publique, Mesdames et Messieurs les membres du gouvernement, notre r\u00e9volte l\u00e9gitime.&#8221;<\/p><\/blockquote>\n","protected":false},"excerpt":{"rendered":"<p>Par Jean-Mobert N&#8217;Senga. Au moment o\u00f9 s&#8217;ouvre \u00e0 Kampala, ce jeudi, le deuxi\u00e8me Sommet de la CIRGL sur la situation s\u00e9curitaire \u00e0 l&#8217;Est de la RDC, plusieurs dizaines de jeunes intellectuels de Goma ont manifest\u00e9 pacifiquement ce mercredi 5 ao\u00fbt 2012 \u00e0 Goma, la capitale provinciale du Nord-Kivu, essentiellement pour scander leur farouche opposition \u00e0 [&hellip;]<\/p>\n","protected":false},"author":1,"featured_media":3954,"comment_status":"open","ping_status":"open","sticky":false,"template":"","format":"standard","meta":{"_acf_changed":false,"content-type":"","footnotes":""},"categories":[122,124],"tags":[],"class_list":["post-3949","post","type-post","status-publish","format-standard","has-post-thumbnail","hentry","category-news-alertes","category-politique-societe"],"acf":[],"_links":{"self":[{"href":"https:\/\/congolobilelo.com\/IN\/wp-json\/wp\/v2\/posts\/3949","targetHints":{"allow":["GET"]}}],"collection":[{"href":"https:\/\/congolobilelo.com\/IN\/wp-json\/wp\/v2\/posts"}],"about":[{"href":"https:\/\/congolobilelo.com\/IN\/wp-json\/wp\/v2\/types\/post"}],"author":[{"embeddable":true,"href":"https:\/\/congolobilelo.com\/IN\/wp-json\/wp\/v2\/users\/1"}],"replies":[{"embeddable":true,"href":"https:\/\/congolobilelo.com\/IN\/wp-json\/wp\/v2\/comments?post=3949"}],"version-history":[{"count":0,"href":"https:\/\/congolobilelo.com\/IN\/wp-json\/wp\/v2\/posts\/3949\/revisions"}],"wp:featuredmedia":[{"embeddable":true,"href":"https:\/\/congolobilelo.com\/IN\/wp-json\/"}],"wp:attachment":[{"href":"https:\/\/congolobilelo.com\/IN\/wp-json\/wp\/v2\/media?parent=3949"}],"wp:term":[{"taxonomy":"category","embeddable":true,"href":"https:\/\/congolobilelo.com\/IN\/wp-json\/wp\/v2\/categories?post=3949"},{"taxonomy":"post_tag","embeddable":true,"href":"https:\/\/congolobilelo.com\/IN\/wp-json\/wp\/v2\/tags?post=3949"}],"curies":[{"name":"wp","href":"https:\/\/api.w.org\/{rel}","templated":true}]}}