{"id":3929,"date":"2012-08-28T16:48:58","date_gmt":"2012-08-28T16:48:58","guid":{"rendered":"http:\/\/www.ingeta.com\/?p=3929"},"modified":"2012-08-28T16:48:58","modified_gmt":"2012-08-28T16:48:58","slug":"le-grand-debat-sur-le-congo-de-lest-14-septembre-2012-a-anvers","status":"publish","type":"post","link":"https:\/\/congolobilelo.com\/IN\/le-grand-debat-sur-le-congo-de-lest-14-septembre-2012-a-anvers\/","title":{"rendered":"Le grand d\u00e9bat sur le Congo de l&#8217;Est &#8211; 14 septembre 2012 \u00e0 Anvers"},"content":{"rendered":"<p>\t\t\t\t<a href=\"http:\/\/www.ingeta.com\/wp-content\/uploads\/2012\/08\/Congodebat-FR.jpg\"><img loading=\"lazy\" decoding=\"async\" class=\" wp-image-3930 alignleft\" title=\"Congodebat FR\" src=\"http:\/\/www.ingeta.com\/wp-content\/uploads\/2012\/08\/Congodebat-FR-724x1024.jpg\" alt=\"\" width=\"434\" height=\"614\" \/><\/a><strong>Date:<\/strong> 14 septembre 2012<br \/>\n<strong>Heure:<\/strong> 18h<br \/>\n<strong>Lieu: <\/strong>Auditorium Permeke, De ConinckPlein 25, 2060 Anvers. Belgique<br \/>\n<strong>Entr\u00e9e libre<\/strong><\/p>\n<p>&#8220;Aujourd&#8217;hui, plus que jamais, le Kivu est la poudri\u00e8re de l&#8217;Afrique centrale. Mais le pays doit d\u00e9coller. La Balkanisation du Congo: est-ce un projet r\u00e9el ou une distraction pour le pillage des ressources de la RD Congo? &#8221;<\/p>\n<p><strong>Les intervenants:<\/strong><br \/>\nKris Berwouts (UGand)<br \/>\nBarly Baruti (Artiste)<br \/>\nTony Busselen (Journaliste)<br \/>\nNadia N&#8217;Sayi (Pax Christi)<\/p>\n<p><strong>Mod\u00e9rateurs:<\/strong><br \/>\nJean Jaques Mulaj<br \/>\nLili Mbuyi<\/p>\n<p>&nbsp;\t\t<\/p>\n","protected":false},"excerpt":{"rendered":"<p>Date: 14 septembre 2012 Heure: 18h Lieu: Auditorium Permeke, De ConinckPlein 25, 2060 Anvers. Belgique Entr\u00e9e libre &#8220;Aujourd&#8217;hui, plus que jamais, le Kivu est la poudri\u00e8re de l&#8217;Afrique centrale. Mais le pays doit d\u00e9coller. La Balkanisation du Congo: est-ce un projet r\u00e9el ou une distraction pour le pillage des ressources de la RD Congo? &#8221; [&hellip;]<\/p>\n","protected":false},"author":1,"featured_media":3930,"comment_status":"open","ping_status":"open","sticky":false,"template":"","format":"standard","meta":{"_acf_changed":false,"content-type":"","footnotes":""},"categories":[108,127],"tags":[],"class_list":["post-3929","post","type-post","status-publish","format-standard","has-post-thumbnail","hentry","category-evenements","category-rencontresdebats"],"acf":[],"_links":{"self":[{"href":"https:\/\/congolobilelo.com\/IN\/wp-json\/wp\/v2\/posts\/3929","targetHints":{"allow":["GET"]}}],"collection":[{"href":"https:\/\/congolobilelo.com\/IN\/wp-json\/wp\/v2\/posts"}],"about":[{"href":"https:\/\/congolobilelo.com\/IN\/wp-json\/wp\/v2\/types\/post"}],"author":[{"embeddable":true,"href":"https:\/\/congolobilelo.com\/IN\/wp-json\/wp\/v2\/users\/1"}],"replies":[{"embeddable":true,"href":"https:\/\/congolobilelo.com\/IN\/wp-json\/wp\/v2\/comments?post=3929"}],"version-history":[{"count":0,"href":"https:\/\/congolobilelo.com\/IN\/wp-json\/wp\/v2\/posts\/3929\/revisions"}],"wp:featuredmedia":[{"embeddable":true,"href":"https:\/\/congolobilelo.com\/IN\/wp-json\/"}],"wp:attachment":[{"href":"https:\/\/congolobilelo.com\/IN\/wp-json\/wp\/v2\/media?parent=3929"}],"wp:term":[{"taxonomy":"category","embeddable":true,"href":"https:\/\/congolobilelo.com\/IN\/wp-json\/wp\/v2\/categories?post=3929"},{"taxonomy":"post_tag","embeddable":true,"href":"https:\/\/congolobilelo.com\/IN\/wp-json\/wp\/v2\/tags?post=3929"}],"curies":[{"name":"wp","href":"https:\/\/api.w.org\/{rel}","templated":true}]}}