{"id":3883,"date":"2012-08-21T21:46:56","date_gmt":"2012-08-21T21:46:56","guid":{"rendered":"http:\/\/www.ingeta.com\/?p=3883"},"modified":"2012-08-21T21:46:56","modified_gmt":"2012-08-21T21:46:56","slug":"dcoumentaire-qui-a-tue-lumumba","status":"publish","type":"post","link":"https:\/\/congolobilelo.com\/IN\/dcoumentaire-qui-a-tue-lumumba\/","title":{"rendered":"Documentaire &#8211; 17 janvier 1961: Qui a tu\u00e9 Lumumba?"},"content":{"rendered":"<p>\t\t\t\tCe jour l\u00e0, le 17 janvier 1961, Patrice Lumumba est assassin\u00e9. Ce documentaire diffus\u00e9 sur <a href=\"http:\/\/www.rtbf.be\/culture\/musique\/detail_ce-jour-la-le-17-janvier-1961-patrice-lumumba-est-assassine-le-mardi-vers-20h20-sur-la-une?id=7763752\">la cha\u00eene belge RTBF (La une)<\/a>, en janvier 2011, revient sur les circonstances et les acteurs de la mort de celui qui \u00e9tait alors le premier Premier ministre du Congo ind\u00e9pendant.<\/p>\n<p><iframe loading=\"lazy\" src=\"http:\/\/www.youtube.com\/embed\/qr8_-oJ0mLU\" height=\"315\" width=\"560\" allowfullscreen=\"\" frameborder=\"0\"><\/iframe><\/p>\n<p>Le professeur <a href=\"http:\/\/etudesafricaines.revues.org\/4605\">Jean Omasombo Tshonda<\/a>, rapporta ceci \u00e0 propos de la mort de Lumumba:<\/p>\n<p><em>Lumumba fut tu\u00e9 avec toute la fureur d\u00e9cha\u00een\u00e9e propre aux pr\u00e9dateurs agac\u00e9s. Son corps fut \u00ab d\u00e9truit \u00bb3 par eux jusqu\u2019au dernier morceau car rien de lui ne devait subsister. G\u00e9rard Soete (1978) d\u00e9crit la s\u00e9quence du d\u00e9pe\u00e7age des corps de Lumumba et de ses deux compagnons Okito et M\u2019polo :<\/em><\/p>\n<blockquote><p>\u00ab D\u00e8s qu\u2019ils ont d\u00e9pos\u00e9 les corps aupr\u00e8s des f\u00fbts vides et rassembl\u00e9 leur mat\u00e9riel, ils se rendent compte qu\u2019ils ne sont pas pr\u00e9par\u00e9s \u00e0 ce genre de travail. Ils retournent vers la voiture et boivent du whisky [\u2026].<br \/>\nPeu initi\u00e9s \u00e0 la t\u00e2che, ils commencent \u00e0 donner des coups de hache et ils entaillent les corps comme des forcen\u00e9s. Cela ne leur rapporte rien, sauf de la puanteur et des immondices et ils d\u00e9cident de se lier une serviette hygi\u00e9nique devant la bouche. Sch\u00e4fer prend la scie \u00e0 m\u00e9taux et la jambe du proph\u00e8te (Lumumba) et commence \u00e0 scier juste au-dessus du genou, comme s\u2019il s\u2019agissait d\u2019une branche d\u2019arbre. Il dispose le bout de jambe d\u00e9licatement au fond du f\u00fbt et continue \u00e0 s\u00e9parer un par un les membres du torse. [\u2026]<br \/>\nLorsque ne reste plus que le torse et la t\u00eate, il se rend tout \u00e0 coup compte de l\u2019horreur de ses occupations. Denys se tient immobile, telle une statue de pierre et l\u2019\u00e9claire \u00e0 l\u2019aide d\u2019une torche. C\u2019est Sch\u00e4fer qui r\u00e9veille sa haine. La passion se m\u00eale \u00e0 sa so\u00fblographie. Les doigts s\u2019agrippent avec fermet\u00e9 dans la chevelure cr\u00e9pue d\u2019apparence m\u00e9tallique, voil\u00e0 le geste d\u00e9cisif. [\u2026]<br \/>\nIl met la scie de c\u00f4t\u00e9. Elle n\u2019est pas \u00e0 la mesure de cette t\u00eate monstrueuse. Il prend la hache, place le pied sur la m\u00e2choire et d\u00e9truit le cou ; le souffle lui manque ; il jure comme un diable, maudit tout le monde comme ses fr\u00e8res de race l\u2019ont fait. [\u2026]<br \/>\n\u201cJe le fais \u00e0 votre place, esp\u00e8ces de l\u00e2ches blancs\u201d. C\u2019est une pri\u00e8re grin\u00e7ante qui sort d\u2019entre ses dents \u00e0 travers l\u2019ouate de la serviette hygi\u00e9nique. [\u2026]<br \/>\nTout \u00e0 coup, habit\u00e9 par une immense r\u00e9pugnance, il convoque tous les proph\u00e8tes nationalistes \u00e0 la barbiche de bouc et aux lunettes de cheval, tous les chuchoteurs aux chapeaux de soie et aux fausses promesses de son propre pays. Avec la f\u00e9rocit\u00e9 de sa haine, il donne le coup de hache qui s\u00e9pare les derni\u00e8res vert\u00e8bres du cou, reprend la t\u00eate puante dans ses mains et crache dessus. Puis, la t\u00eate pos\u00e9e sur ses bras crois\u00e9s, il s\u2019assied au milieu du liquide qui souille l\u2019herbe, et commence \u00e0 sangloter. \u00c0 c\u00f4t\u00e9 de lui, le torse sans membres. \u00c0 ses pieds se trouve la t\u00eate, un objet impossible. \u00bb<\/p><\/blockquote>\n<p><em>Aujourd\u2019hui, nous connaissons beaucoup de choses sur la mort de Lumumba. Les hypoth\u00e8ses fantaisistes d\u00e9velopp\u00e9es au moment du crime ont \u00e9t\u00e9 balay\u00e9es, surtout au cours des ann\u00e9es 1990. Certains acteurs, comme F. Verscheure, ont fourni des indications saisissantes sur l\u2019\u00e9pisode du drame, m\u00eame si d\u2019autres complices survivants s\u2019efforcent encore de dissimuler leur responsabilit\u00e9 ; les seconds r\u00f4les et les interventions des subalternes sont mieux connus que la participation effective des autorit\u00e9s et des personnalit\u00e9s responsables. Car la mort de Lumumba reste embarrassante. \u00ab Chaque fois que ce nom est cit\u00e9 \u00e0 une occasion, dira \u00e0 la fin des ann\u00e9es 1980 Victor Nendaka, r\u00e9guli\u00e8rement l\u2019atmosph\u00e8re de f\u00eate se d\u00e9t\u00e9riore \u00bb<\/em>\t\t<\/p>\n","protected":false},"excerpt":{"rendered":"<p>Ce jour l\u00e0, le 17 janvier 1961, Patrice Lumumba est assassin\u00e9. Ce documentaire diffus\u00e9 sur la cha\u00eene belge RTBF (La une), en janvier 2011, revient sur les circonstances et les acteurs de la mort de celui qui \u00e9tait alors le premier Premier ministre du Congo ind\u00e9pendant. Le professeur Jean Omasombo Tshonda, rapporta ceci \u00e0 propos [&hellip;]<\/p>\n","protected":false},"author":1,"featured_media":3884,"comment_status":"open","ping_status":"open","sticky":false,"template":"","format":"video","meta":{"_acf_changed":false,"content-type":"","footnotes":""},"categories":[148,124,133],"tags":[],"class_list":["post-3883","post","type-post","status-publish","format-video","has-post-thumbnail","hentry","category-documents-presse","category-politique-societe","category-videos","post_format-post-format-video"],"acf":[],"_links":{"self":[{"href":"https:\/\/congolobilelo.com\/IN\/wp-json\/wp\/v2\/posts\/3883","targetHints":{"allow":["GET"]}}],"collection":[{"href":"https:\/\/congolobilelo.com\/IN\/wp-json\/wp\/v2\/posts"}],"about":[{"href":"https:\/\/congolobilelo.com\/IN\/wp-json\/wp\/v2\/types\/post"}],"author":[{"embeddable":true,"href":"https:\/\/congolobilelo.com\/IN\/wp-json\/wp\/v2\/users\/1"}],"replies":[{"embeddable":true,"href":"https:\/\/congolobilelo.com\/IN\/wp-json\/wp\/v2\/comments?post=3883"}],"version-history":[{"count":0,"href":"https:\/\/congolobilelo.com\/IN\/wp-json\/wp\/v2\/posts\/3883\/revisions"}],"wp:featuredmedia":[{"embeddable":true,"href":"https:\/\/congolobilelo.com\/IN\/wp-json\/"}],"wp:attachment":[{"href":"https:\/\/congolobilelo.com\/IN\/wp-json\/wp\/v2\/media?parent=3883"}],"wp:term":[{"taxonomy":"category","embeddable":true,"href":"https:\/\/congolobilelo.com\/IN\/wp-json\/wp\/v2\/categories?post=3883"},{"taxonomy":"post_tag","embeddable":true,"href":"https:\/\/congolobilelo.com\/IN\/wp-json\/wp\/v2\/tags?post=3883"}],"curies":[{"name":"wp","href":"https:\/\/api.w.org\/{rel}","templated":true}]}}