{"id":3761,"date":"2012-07-29T12:52:51","date_gmt":"2012-07-29T12:52:51","guid":{"rendered":"http:\/\/www.ingeta.com\/?p=3761"},"modified":"2012-07-29T12:52:51","modified_gmt":"2012-07-29T12:52:51","slug":"manifestation-de-congolais-devant-lambassade-du-rwanda-a-bruxelles","status":"publish","type":"post","link":"https:\/\/congolobilelo.com\/IN\/manifestation-de-congolais-devant-lambassade-du-rwanda-a-bruxelles\/","title":{"rendered":"Manifestation de Congolais devant l&#8217;ambassade du Rwanda \u00e0 Bruxelles"},"content":{"rendered":"<p>\t\t\t\t<em>Source: <a href=\"http:\/\/www.rtbf.be\/info\/regions\/detail_manifestation-de-congolais-a-bruxelles-335-participants-selon-la-police?id=7812198\">Belga\/ RTBF.be<\/a>\/ <a href=\"http:\/\/www.rtl.be\/videos\/video\/409244.aspx\">RTL.be<\/a><\/em><\/p>\n<p><strong>Bruxelles, samedi 28 juillet 2012. <\/strong>Deux manifestants ont \u00e9t\u00e9 bless\u00e9s samedi lors d&#8217;\u00e9chauffour\u00e9es qui ont \u00e9clat\u00e9 lors de la protestation de Congolais devant l&#8217;ambassade du Rwanda \u00e0 Bruxelles. Un homme a \u00e9t\u00e9 victime d&#8217;une fracture au bras gauche et un second a \u00e9t\u00e9 bless\u00e9 \u00e0 l&#8217;\u00e9paule gauche. Ils ont tous les deux \u00e9t\u00e9 conduits \u00e0 l&#8217;h\u00f4pital. Aucun policier n&#8217;a \u00e9t\u00e9 bless\u00e9, a indiqu\u00e9 Ilse van de Keere de la police de la zone Bruxelles-Capitale\/Ixelles.<\/p>\n<p><iframe loading=\"lazy\" src=\"http:\/\/www.rtl.be\/videos\/page\/rtl-video-en-embed\/640.aspx?VideoID=409244\" frameborder=\"0\" width=\"600\" height=\"338\"><\/iframe><\/p>\n<p>Par ailleurs, la police a pr\u00e9cis\u00e9 que deux abribus avaient \u00e9t\u00e9 d\u00e9truits, que deux voitures avaient \u00e9t\u00e9 endommag\u00e9es et qu&#8217;une vitre de l&#8217;ambassade d&#8217;Ouganda avait \u00e9t\u00e9 bris\u00e9e.<\/p>\n<p>&#8220;<em>Les derniers manifestants ont rejoint le m\u00e9tro Montgomery vers 21h00 et le calme est revenu. Plusieurs personnes ont \u00e9t\u00e9 interpell\u00e9es lors de notre intervention mais il n&#8217;y a pas eu d&#8217;arrestation<\/em>&#8220;, ajoute la porte-parole.<\/p>\n<p>Des \u00e9chauffour\u00e9es ont \u00e9clat\u00e9 vers 18h00 devant l&#8217;ambassade du Rwanda, avenue de Tervueren \u00e0 Woluwe-Saint-Pierre, dans le cadre de la manifestation organis\u00e9e par des Congolais pour protester contre les violences dans l&#8217;est de la R\u00e9publique d\u00e9mocratique du Congo (RDC).<\/p>\n<p>La police a \u00e9t\u00e9 contrainte de faire usage de spray au poivre pour disperser des manifestants lan\u00e7ant des pierres. Un autre groupe de manifestants a \u00e9galement tent\u00e9 de franchir des chevaux de frise, n\u00e9cessitant l\u00e0 aussi l&#8217;intervention des forces de l&#8217;ordre.<\/p>\n<p>Selon une porte-parole de la police, le calme n&#8217;\u00e9tait pas revenu en d\u00e9but de soir\u00e9e dans les alentours de l&#8217;ambassade du Rwanda. Il n&#8217;a pas \u00e9t\u00e9 pr\u00e9cis\u00e9 si des manifestants avaient \u00e9t\u00e9 interpell\u00e9s durant les incidents.<\/p>\n<p><strong>335 participants selon la police<\/strong><\/p>\n<p>Selon la police de Bruxelles, 335 personnes participaient samedi apr\u00e8s-midi \u00e0 la manifestation, organis\u00e9e dans la capitale.<\/p>\n<p>Les manifestants entendaient protester contre les violences qui secouent l&#8217;est de la RDC. Ils jugent \u00e9galement inadmissible la passivit\u00e9 dont la communaut\u00e9 internationale fait preuve, selon eux, face \u00e0 ces \u00e9v\u00e9nements.<\/p>\n<p>La manifestation \u00e9tait partie vers 15h30 de la Place du Tr\u00f4ne, avant de rallier l&#8217;avenue de Tervueren via la rue Belliard et le parc du Cinquantenaire.<\/p>\n<p>De nombreux policiers se trouvaient devant l&#8217;ambassade du Rwanda \u00e0 Woluwe-Saint-Pierre afin d&#8217;\u00e9viter tout incident.<\/p>\n<p>&nbsp;\t\t<\/p>\n","protected":false},"excerpt":{"rendered":"<p>Source: Belga\/ RTBF.be\/ RTL.be Bruxelles, samedi 28 juillet 2012. Deux manifestants ont \u00e9t\u00e9 bless\u00e9s samedi lors d&#8217;\u00e9chauffour\u00e9es qui ont \u00e9clat\u00e9 lors de la protestation de Congolais devant l&#8217;ambassade du Rwanda \u00e0 Bruxelles. Un homme a \u00e9t\u00e9 victime d&#8217;une fracture au bras gauche et un second a \u00e9t\u00e9 bless\u00e9 \u00e0 l&#8217;\u00e9paule gauche. Ils ont tous les [&hellip;]<\/p>\n","protected":false},"author":1,"featured_media":3762,"comment_status":"open","ping_status":"open","sticky":false,"template":"","format":"standard","meta":{"_acf_changed":false,"content-type":"","footnotes":""},"categories":[167,116,122,124],"tags":[],"class_list":["post-3761","post","type-post","status-publish","format-standard","has-post-thumbnail","hentry","category-belgique","category-manifs","category-news-alertes","category-politique-societe"],"acf":[],"_links":{"self":[{"href":"https:\/\/congolobilelo.com\/IN\/wp-json\/wp\/v2\/posts\/3761","targetHints":{"allow":["GET"]}}],"collection":[{"href":"https:\/\/congolobilelo.com\/IN\/wp-json\/wp\/v2\/posts"}],"about":[{"href":"https:\/\/congolobilelo.com\/IN\/wp-json\/wp\/v2\/types\/post"}],"author":[{"embeddable":true,"href":"https:\/\/congolobilelo.com\/IN\/wp-json\/wp\/v2\/users\/1"}],"replies":[{"embeddable":true,"href":"https:\/\/congolobilelo.com\/IN\/wp-json\/wp\/v2\/comments?post=3761"}],"version-history":[{"count":0,"href":"https:\/\/congolobilelo.com\/IN\/wp-json\/wp\/v2\/posts\/3761\/revisions"}],"wp:featuredmedia":[{"embeddable":true,"href":"https:\/\/congolobilelo.com\/IN\/wp-json\/"}],"wp:attachment":[{"href":"https:\/\/congolobilelo.com\/IN\/wp-json\/wp\/v2\/media?parent=3761"}],"wp:term":[{"taxonomy":"category","embeddable":true,"href":"https:\/\/congolobilelo.com\/IN\/wp-json\/wp\/v2\/categories?post=3761"},{"taxonomy":"post_tag","embeddable":true,"href":"https:\/\/congolobilelo.com\/IN\/wp-json\/wp\/v2\/tags?post=3761"}],"curies":[{"name":"wp","href":"https:\/\/api.w.org\/{rel}","templated":true}]}}