{"id":3708,"date":"2012-07-21T10:56:58","date_gmt":"2012-07-21T10:56:58","guid":{"rendered":"http:\/\/www.ingeta.com\/?p=3708"},"modified":"2012-07-21T10:56:58","modified_gmt":"2012-07-21T10:56:58","slug":"dans-les-deux-kivus-lenfer-cest-les-autres","status":"publish","type":"post","link":"https:\/\/congolobilelo.com\/IN\/dans-les-deux-kivus-lenfer-cest-les-autres\/","title":{"rendered":"Dans les deux Kivus, l&#8217;enfer c&#8217;est les autres"},"content":{"rendered":"<p>\t\t\t\t<em>Par Alain Bischoff. <a href=\"http:\/\/www.afriquechos.ch\/spip.php?article5713\">Afriqu&#8217;Echos Magazine, 20\/07\/2012<\/a>.<\/em><\/p>\n<p><strong>Il est inexact de dire que le gouvernement de la RDC ne s\u2019occupe pas du Kivu. Avec une c\u00e9l\u00e9rit\u00e9 qu\u2019on ne lui conna\u00eet gu\u00e8re, d\u2019ordinaire, quand il s\u2019agit du Kivu, il vient d\u2019autoriser \u2014 au m\u00e9pris des engagements pris il y a un an \u2014 la compagnie p\u00e9troli\u00e8re britannique Soco International \u00e0 proc\u00e9der aux premiers rep\u00e9rages des sites qu\u2019elle pourrait exploiter dans le parc national des Virunga, class\u00e9 par l\u2019Unesco au Patrimoine mondial depuis 1979. Les concessions \u2014 octroy\u00e9es \u00e0 Soco International, mais aussi au fran\u00e7ais Total et \u00e0 l\u2019italien ENI \u2014 couvrent 85 % de la superficie du parc dont l\u2019existence est par l\u00e0 m\u00eame condamn\u00e9e, mais peu importe, car les revenus du p\u00e9trole qu\u2019une \u00e9lite congolaise s\u2019appr\u00eate \u00e0 empocher p\u00e8sent bien plus que l\u2019avenir des populations, de la faune \u2013 les derniers gorilles des montagnes y vivent &#8211; et de la flore de ces huit cent mille hectares d\u2019une nature encore pr\u00e9serv\u00e9e comme par miracle, malgr\u00e9 la guerre et le braconnage.<\/strong><\/p>\n<p><img loading=\"lazy\" decoding=\"async\" src=\"http:\/\/www.ingeta.com\/wp-content\/uploads\/2012\/07\/rebelles.jpg\" alt=\"\" title=\"rebelles\" width=\"540\" height=\"270\" class=\"alignnone size-full wp-image-3709\" \/><\/p>\n<p>En r\u00e9alit\u00e9, du Kivu, Kinshasa a l\u2019air de s\u2019en ficher comme d\u2019une guigne. Comment comprendre autrement la paix b\u00e2cl\u00e9e du 23 mars 2009 qui, en int\u00e9grant les ex-CNDP, gang arm\u00e9 au service du Rwanda, dans l\u2019arm\u00e9e nationale, leur donnait le contr\u00f4le du Kivu et de ses mines ? En \u00e9change de quoi, les ex-CNDP, men\u00e9s alors par le successeur de Nkunda (destitu\u00e9 et, depuis 2009, en r\u00e9sidence plus ou moins surveill\u00e9e au Rwanda), Bosco Ntaganda, marionnette de Kigali recherch\u00e9e par la Cour p\u00e9nale internationale, aid\u00e8rent \u00e0 la r\u00e9\u00e9lection de Kabila en bourrant les urnes du Kivu lors de l\u2019\u00e9lection pr\u00e9sidentielle de novembre 2011. Maladroitement, sans qu\u2019il s\u2019assure d\u2019en avoir les moyens, le gouvernement congolais eut quelques vell\u00e9it\u00e9s de reprendre un semblant de contr\u00f4le sur sa province de l\u2019Est, apr\u00e8s la r\u00e9\u00e9lection de Kabila. Il a ainsi tent\u00e9 de se d\u00e9barrasser des officiers de l\u2019ex-CNDP, int\u00e9gr\u00e9s dans les forces arm\u00e9es congolaises (FARDC), en voulant les affecter dans d\u2019autres unit\u00e9s r\u00e9parties dans toute la RDC. Cette tentative r\u00e9galienne de Kinshasa \u00e9tait d\u00e9j\u00e0 plus que n\u2019en pouvait supporter le Rwanda de Kagam\u00e9, toujours \u00e0 son id\u00e9e de mettre la main sur le Kivu qu\u2019il consid\u00e8re comme son Lebensraum, sa r\u00e9serve de profits et de territoire, lui qui \u00e9touffe, dans ses exigus 20.000 km\u00b2 d\u00e9pourvus de ressources naturelles. Sans le Kivu et ses richesses, le Rwanda n\u2019est pas un \u00c9tat viable et n\u2019a aucun avenir autre que de finir, un jour, en sous-province congolaise.<\/p>\n<p>Les Rwandais ont donc suscit\u00e9 la r\u00e9bellion dite du \u00ab M23 \u00bb (23, en rappel de l\u2019accord du 23 mars 2009), activ\u00e9e depuis le 30 avril 2012, l\u2019entra\u00eenant, l\u2019encadrant, la finan\u00e7ant et l\u2019armant, comme l\u2019\u00e9tablit un rapport de l\u2019ONU (juin 2012). Ce faisant, ils ravivent une guerre qui n\u2019a, en r\u00e9alit\u00e9, jamais cess\u00e9 depuis 1996. Les centaines de milliers de d\u00e9plac\u00e9s, les villageois du Kivu, n\u2019ont jamais connu autre chose que la peur, le malheur et la mort. Ils savent, mieux que personne, que la paix n\u2019existe pas dans leur province. L\u2019\u00c9tat congolais est inexistant au Kivu, ses forces arm\u00e9es, corrompues, sont d\u2019une insigne faiblesse, cela explique pourquoi le \u00ab M23 \u00bb (700 hommes au d\u00e9part, 2.000 aujourd\u2019hui gr\u00e2ce au renfort rwandais) command\u00e9 depuis peu, sur ordre de Kigali, par Jules Makenga, lequel a pris la suite de Ntaganda, tomb\u00e9 en disgr\u00e2ce \u2014 ce criminel est devenu trop compromettant pour le Rwanda \u2014, peut aussi facilement se rendre ma\u00eetre d\u2019un poste fronti\u00e8re important (celui de Bunagana, les 7 et 8 juillet), de la ville de Rutshuru (au nord-est de Goma) \u2014 qu\u2019il quitte avec la m\u00eame aisance qu\u2019il e\u00fbt \u00e0 l\u2019investir \u2014, de tout le Masisi, et menacer la capitale r\u00e9gionale, Goma. D\u2019aucuns craignent que, Goma une fois conquise par le \u00ab M23 \u00bb, la guerre inter\u00e9tatique RDC\/Rwanda n\u2019\u00e9clate de nouveau. Crainte infond\u00e9e, le Rwanda ne donnera pas l\u2019ordre au \u00ab M23 \u00bb de prendre Goma, car il ne veut pas d\u2019une telle guerre dont la \u00ab communaut\u00e9 internationale \u00bb, tr\u00e8s silencieuse jusque-l\u00e0, le tiendrait pour responsable, et dont l\u2019effet serait de priver la petite Prusse des Grands Lacs de la manne financi\u00e8re qu\u2019elle lui octroie avec une g\u00e9n\u00e9rosit\u00e9 coupable depuis l\u2019arriv\u00e9e au pouvoir de Kagam\u00e9. <\/p>\n<p>Ce que le Rwanda veut, et qu\u2019il finira bien par obtenir \u2014 n\u2019a-t-il pas toujours obtenu ce qu\u2019il a voulu des autorit\u00e9s de Kinshasa ? \u2014, c\u2019est encore un peu plus de mainmise sur le Kivu, jusqu\u2019\u00e0 la rendre irr\u00e9versible. Quant au gouvernement congolais, il est bien incapable de mener une guerre dont, \u00e0 la v\u00e9rit\u00e9, il ne veut pas non plus, \u00e9tant plus int\u00e9ress\u00e9 par la captation de la rente p\u00e9troli\u00e8re esp\u00e9r\u00e9e de l\u2019exploitation du parc des Virunga. En effet, hormis le probl\u00e8me conjoncturel du \u00ab M23 \u00bb qui finira bien par se r\u00e9soudre au prix de renoncements suppl\u00e9mentaires au profit du Rwanda, il appara\u00eet que, malheureusement, les autorit\u00e9s congolaises s\u2019accommodent fort bien de la situation dans laquelle se trouve plong\u00e9e le Kivu depuis pr\u00e8s de vingt ans, sinon comment expliquer leur l\u00e9thargie.<\/p>\n<p>Se laver les mains du probl\u00e8me \u00ab M23 \u00bb en imaginant confier sa solution au d\u00e9ploiement d\u2019une force internationale \u2013 \u00e0 quoi sert donc la MONUSCO ? \u2013 est une faute. C\u2019est pourtant le rem\u00e8de pr\u00e9conis\u00e9, avec l\u2019accord de la RDC, par la Conf\u00e9rence internationale des chefs d\u2019\u00c9tats et de gouvernements des Grands Lacs (CIRGL) r\u00e9unie \u00e0 Addis-Abeba, le 15 juillet. Agir de la sorte revient \u00e0 \u00ab neutraliser \u00bb le Kivu, en l\u2019internationalisant et c\u2019est, pour la RDC, reconna\u00eetre, au vu et au su du monde, qu\u2019elle abandonne toute id\u00e9e de souverainet\u00e9 sur la province. La seule solution, connue depuis longtemps, est tout autre : Il appartient au gouvernement congolais de mobiliser sans tarder les instances internationales pour qu\u2019elles agissent effectivement, non en d\u00e9ployant une autre force internationale dont l\u2019inefficacit\u00e9 s\u2019ajouterait, \u00e0 coup s\u00fbr, \u00e0 celle de la MONUSCO, mais en s\u2019adressant au Rwanda, directement, car tout vient du Rwanda : le \u00ab M23 \u00bb est sa cr\u00e9ation, l\u2019instabilit\u00e9 chronique au Kivu est son \u0153uvre. <\/p>\n<p>Le Rwanda doit \u00eatre contraint, une fois pour toutes, de changer sa politique dans la r\u00e9gion ; c\u2019est \u00e0 cette seule condition qu\u2019elle trouvera la paix. Pour l\u2019instant et dans la r\u00e9alit\u00e9 de son quotidien, le Kivu est une b\u00eate sur laquelle se paient tous ensemble le Rwanda, les \u00e9lites congolaises, les chefs de guerre divers qui infestent la r\u00e9gion, et bien entendu les soci\u00e9t\u00e9s \u00e9trang\u00e8res, sans que quiconque ait le moindre souci des habitants de cette r\u00e9gion si belle, si fertile et si d\u00e9vast\u00e9e, qui subissent, sans prise sur leur destin, la volont\u00e9 de leurs pr\u00e9dateurs.<\/p>\n<p>&#8212;&#8212;&#8212;&#8212;&#8212;&#8212;&#8212;&#8212;<br \/>\nAlain Bischoff, auteur de  <em>&#8220;Congo-Kinshasa, la d\u00e9cennie 1997-2007&#8221;<\/em>, \u00c9ditions du Cygne, Paris, 2008.<\/p>\n","protected":false},"excerpt":{"rendered":"<p>Par Alain Bischoff. Afriqu&#8217;Echos Magazine, 20\/07\/2012. Il est inexact de dire que le gouvernement de la RDC ne s\u2019occupe pas du Kivu. Avec une c\u00e9l\u00e9rit\u00e9 qu\u2019on ne lui conna\u00eet gu\u00e8re, d\u2019ordinaire, quand il s\u2019agit du Kivu, il vient d\u2019autoriser \u2014 au m\u00e9pris des engagements pris il y a un an \u2014 la compagnie p\u00e9troli\u00e8re britannique [&hellip;]<\/p>\n","protected":false},"author":1,"featured_media":3709,"comment_status":"open","ping_status":"open","sticky":false,"template":"","format":"standard","meta":{"_acf_changed":false,"content-type":"","footnotes":""},"categories":[107,120,124],"tags":[],"class_list":["post-3708","post","type-post","status-publish","format-standard","has-post-thumbnail","hentry","category-analyses-commentaires","category-mondialisation","category-politique-societe"],"acf":[],"_links":{"self":[{"href":"https:\/\/congolobilelo.com\/IN\/wp-json\/wp\/v2\/posts\/3708","targetHints":{"allow":["GET"]}}],"collection":[{"href":"https:\/\/congolobilelo.com\/IN\/wp-json\/wp\/v2\/posts"}],"about":[{"href":"https:\/\/congolobilelo.com\/IN\/wp-json\/wp\/v2\/types\/post"}],"author":[{"embeddable":true,"href":"https:\/\/congolobilelo.com\/IN\/wp-json\/wp\/v2\/users\/1"}],"replies":[{"embeddable":true,"href":"https:\/\/congolobilelo.com\/IN\/wp-json\/wp\/v2\/comments?post=3708"}],"version-history":[{"count":0,"href":"https:\/\/congolobilelo.com\/IN\/wp-json\/wp\/v2\/posts\/3708\/revisions"}],"wp:featuredmedia":[{"embeddable":true,"href":"https:\/\/congolobilelo.com\/IN\/wp-json\/"}],"wp:attachment":[{"href":"https:\/\/congolobilelo.com\/IN\/wp-json\/wp\/v2\/media?parent=3708"}],"wp:term":[{"taxonomy":"category","embeddable":true,"href":"https:\/\/congolobilelo.com\/IN\/wp-json\/wp\/v2\/categories?post=3708"},{"taxonomy":"post_tag","embeddable":true,"href":"https:\/\/congolobilelo.com\/IN\/wp-json\/wp\/v2\/tags?post=3708"}],"curies":[{"name":"wp","href":"https:\/\/api.w.org\/{rel}","templated":true}]}}