{"id":3701,"date":"2012-07-21T10:11:47","date_gmt":"2012-07-21T10:11:47","guid":{"rendered":"http:\/\/www.ingeta.com\/?p=3701"},"modified":"2012-07-21T10:11:47","modified_gmt":"2012-07-21T10:11:47","slug":"lettre-ouverte-a-la-famille-royale-de-belgique","status":"publish","type":"post","link":"https:\/\/congolobilelo.com\/IN\/lettre-ouverte-a-la-famille-royale-de-belgique\/","title":{"rendered":"Lettre ouverte \u00e0 la famille royale de Belgique"},"content":{"rendered":"<p>\t\t\t\t<strong>Lettre ouverte de membres de la diaspora congolaise \u00e0 la famille royale belge.<\/strong><\/p>\n<p>A la Famille Royale Belge,<br \/>\nAux bons soins de sa Majest\u00e9 le Roi Albert II<br \/>\nPalais de Laeken<br \/>\nAvenue du Parc Royal<br \/>\n1020 Bruxelles<\/p>\n<p>Bruxelles, le 20 juillet 2012<\/p>\n<p><em><strong>Concerne : Attitude des membres de la dynastie belge de Saxe-Cobourg-Gotha vis-\u00e0-vis de la R\u00e9publique D\u00e9mocratique du Congo et son peuple<\/strong><\/em><\/p>\n<p>Sire,<\/p>\n<p>Permettez-nous au nom de la Diaspora Congolaise de Belgique, d\u2019attirer d\u2019abord votre d\u00e9f\u00e9rente attention sur le r\u00e9cent s\u00e9jour burundais de votre fils Philippe, l\u2019h\u00e9ritier pressenti \u00e0 votre succession au tr\u00f4ne du Royaume de l\u2019Etat f\u00e9d\u00e9ral belge, en ce moment particulier o\u00f9 le Royaume de Belgique s\u2019appr\u00eate \u00e0 c\u00e9l\u00e9brer avec faste sa f\u00eate nationale et que le peuple congolais continue \u00e0 enterrer ses filles et ses fils dans les pleurs et la douleur.<\/p>\n<p>En effet, il ressort du quotidien flamand\u00a0 \u00ab De Standaard \u00bb du 3 juillet 2012, que le prince Philippe \u00e9tait assis et souriant aux c\u00f4t\u00e9s de Joseph Kabila, principal b\u00e9n\u00e9ficiaire des irr\u00e9gularit\u00e9s \u00e9lectorales du 28 novembre 2011: \u00ab Op de viering van 50 jaar onafhankelijkheid van Burundi gisteren in Bujumbura zat prins Filip minzaam te lachen naast de Congolese president Joseph Kabila. \u00bb<\/p>\n<p>L\u2019histoire commune de nos deux pays commence le 10 juin 1878 lors de la rencontre entre L\u00e9opold II et Henri Morton Stanley. Cette histoire a rarement \u00e9t\u00e9 des plus idylliques. Le peuple congolais a d\u2019abord \u00e9t\u00e9 victime d\u2019une v\u00e9ritable saign\u00e9e humaine, au profit de la colonisation. D\u00e9j\u00e0 \u00e0 l\u2019\u00e9poque du Roi L\u00e9opold II, dit le B\u00e2tisseur, le Congo avait fait l\u2019objet de ce que certains historiens de renom1ont qualifi\u00e9 de premier g\u00e9nocide de son histoire. Les d\u00e9nonciations ainsi que les r\u00e9criminations de ces pratiques barbares par les mouvements progressistes et humanistes oblig\u00e8rent le roi L\u00e9opold II \u00e0 l\u00e9guer l\u2019Etat Ind\u00e9pendant du Congo \u00e0 la Belgique en 1908.<\/p>\n<p>Faut-il rappeler \u00e0 votre auguste attention que sur toute l\u2019\u00e9tendue de l\u2019histoire commune entre la Belgique et le Congo, le congolais a nourri le sentiment que la famille royale belge n\u2019a presque jamais \u00e9t\u00e9 de son c\u00f4t\u00e9, bien au contraire. Ainsi, nous nous souvenons de votre premi\u00e8re rencontre avec Joseph Kabila en 2001 \u00e0 Bruxelles.<\/p>\n<p>Nous nous faisons le devoir de porter \u00e0 votre connaissance que la Diaspora Congolaise de Belgique ne partage pas le discours de Monsieur Kabila,tenu le 10 f\u00e9vrier 2004 devant le S\u00e9nat belgedans lequel il rendit hommage \u00e0 la colonisation en ces termes : \u00ab L&#8217;histoire de la R\u00e9publique d\u00e9mocratique du Congo, c&#8217;est aussi celle des Belges, missionnaires, fonctionnaires et entrepreneurs qui crurent au r\u00eave du Roi L\u00e9opold II de b\u00e2tir, au centre de l&#8217;Afrique, un Etat. Nous voulons rendre hommage \u00e0 la m\u00e9moire de tous ces pionniers. \u00bb<\/p>\n<p>En effet, m\u00eame s\u2019il faut reconnaitre quelques bonnes \u0153uvres r\u00e9alis\u00e9es par certains belges au Congo, nul n\u2019ignore que la politique coloniale belge au Congo n\u2019\u00e9tait pas respectueuse de la dignit\u00e9 humaine. C\u2019est pour la toute premi\u00e8re fois dans toute l\u2019histoire des peuples colonis\u00e9s, qu\u2019un chef d\u2019Etat d\u2019une ancienne colonie, en l\u2019occurrence Monsieur Joseph Kabila, rende officiellement hommage \u00e0 l\u2019action coloniale, en saluant l\u2019\u0153uvre de g\u00e9nie du Roi L\u00e9opold II au Congo. Que dire alors de l\u2019\u00e9pop\u00e9e du caoutchouc rouge, des mains coup\u00e9es et bien d\u2019autres traitements d\u00e9gradants, \u00e0 l\u2019instar de l\u2019exposition de Bruxelles en 1958 o\u00f9 les congolais furent expos\u00e9s \u00e0 la curiosit\u00e9 publique ?<\/p>\n<p>Il en est de m\u00eame de l\u2019attitude de votre fr\u00e8re a\u00een\u00e9 et pr\u00e9d\u00e9cesseur au tr\u00f4ne, le feu Roi Baudouin Ierqui, tout au long de son r\u00e8gne, depuis son discours paternaliste du 30 juin 1960 et l\u2019affaire Lumumba, s\u2019est plut\u00f4t \u00e9vertu\u00e9 \u00e0 privil\u00e9gier ses relations amicales avec le mar\u00e9chal Mobutu. Un pr\u00e9sident \u00e0 la t\u00eate d\u2019un r\u00e9gime qui a saign\u00e9 le Za\u00efre et amen\u00e9 son peuple vers une descente aux enfers dont les cons\u00e9quences sont aujourd\u2019hui amplifi\u00e9es par Monsieur Kabila.<\/p>\n<p>Sire,<\/p>\n<p>Votre visite en R\u00e9publique d\u00e9mocratique du Congo en juin 2010fut notamment per\u00e7ue par la classe politique congolaise comme un soutien manifeste au candidat pr\u00e9sident Joseph Kabila alors que les Congolais pleuraient encore deux vaillants militants des droits de l\u2019homme, \u00e0 savoir Floribert Chebeyaet Fid\u00e8le Bazana, sauvagement et impudiquement assassin\u00e9s, dans le cadre de ce que d\u2019aucuns qualifient de crime d\u2019Etat.<\/p>\n<p>Devons-nous, en outre, vous rappelez que l\u2019opinion publique \u00e9tait choqu\u00e9e par lamagnifique parure en diamants et pierres pr\u00e9cieuses que votre \u00e9pouse, Son Altesse Royale la Reine Paola, s\u2019est vu offrir, par MadameOlive Lembe, \u00e9pouse de Joseph Kabila ? L\u2019opinion publique n\u2019a pas manqu\u00e9 de qualifier ce pr\u00e9cieux diamant de \u00ab Blood diamond \u00bb. Certes, ce collier a \u00e9t\u00e9 confi\u00e9 \u00e0 la donation royale, ce que nous saluons. N\u00e9anmoins, nous nous permettons, tout de m\u00eame, de saisir cette opportunit\u00e9 pour attirer votre attention sur la situation du secteur du diamant en RDC. En effet, ce diamant provenait de la Soci\u00e9t\u00e9 Mini\u00e8re de Bakwanga, la MIBAen sigle. Une firme qui travaille notamment en sous-traitance avec des exploitants miniers artisanaux dont certains, selon diff\u00e9rents rapports2d\u2019experts de l\u2019Organisation Internationale du Travail, emploient deforce des milliers d\u2019enfants dans la collecte de ces pierres pr\u00e9cieuses en violation des trait\u00e9s internationaux prot\u00e9geant les droits des enfants. La MIBA se trouve aujourd\u2019hui exsangue et au bord d\u2019une faillite frauduleuse.<\/p>\n<p>Permettez-nous de portez \u00e0 votre connaissance, que la MIBA est impliqu\u00e9e dans le proc\u00e8s dit de \u00ab la Belgolaise \u00bb qui est encore pendant devant le tribunal correctionnel de Bruxelles. Ce proc\u00e8s met \u00e0 jour des op\u00e9rations bancaires illicites au niveau de la Belgolaise, une institution financi\u00e8re de droit belge, impliquant des d\u00e9tournements des fonds et de blanchiment d\u2019argent sale au d\u00e9triment de la soci\u00e9t\u00e9 congolaise La MIBA.<\/p>\n<p>A ce tableau peu reluisant, s\u2019ajoute le voyage subreptice de votre fils, le Prince Laurent, au Congo au mois de mars 2011, en dehors de tout cadre diplomatique et protocolaire pour y rencontrer en catimini le pr\u00e9sident congolais et certains officiels et l\u2019homme d\u2019affaires belge Georges Forrest. Cette visite provoqua des remous au sein de la classe politique belge.<\/p>\n<p>Sire,<\/p>\n<p>Comment voudriez-vous que la Diaspora Congolaise de Belgique comprenne votre remarquable allocution du 21 juillet 2011 \u00e0 l\u2019occasion de la f\u00eate nationale belge qui mit \u00e0 l\u2019honneur, le valeureux m\u00e9decin congolais, Docteur Denis Mukwege de l\u2019h\u00f4pital de Panzi \u00e0 Bukavu (Sud-Kivu), laur\u00e9at du prestigieux Prix pour le d\u00e9veloppement de la Fondation Roi Baudouin 2010-2011, pour son remarquable travail aupr\u00e8s de victimes des agressions sexuelles caus\u00e9es par des hommes en armes aux Kivus, si de l\u2019autre c\u00f4t\u00e9 des membres de votre dynastie, s\u2019affichent aux c\u00f4t\u00e9s de celui qui ne parvient pas \u00e0 enrayer toutes ces violences sexuelles ?<\/p>\n<p>Depuis la mascarade \u00e9lectorale du 28 novembre 2011 ayant maintenu au pouvoir, par la force, Joseph Kabila jouissant d\u2019une tr\u00e8s faible l\u00e9gitimit\u00e9, votre Royaume, contre toute attente, par le truchement de son Premier Ministre, Monsieur Elio Di Rupo, a \u00e9t\u00e9 le seul gouvernement de l\u2019Union Europ\u00e9enne \u00e0 adresser un message des f\u00e9licitations \u00e0 Joseph Kabila.<\/p>\n<p>On comprend d\u00e8s lors que toutes les man\u0153uvres des personnalit\u00e9s politiques, diplomatiques et m\u00e9diatiques, ainsi que des lobbies financiers de la Belgique, s\u2019inscrivent dans une strat\u00e9gie dite du \u00ab fait accompli \u00bb,d\u00e9velopp\u00e9e par le r\u00e9v\u00e9rend P\u00e8re Guy de Boeck, ancien coop\u00e9rant belge au Congo. Une strat\u00e9gie qui consiste \u00e0 \u00ab progresser, comme si de rien n\u2019\u00e9tait, dans les t\u00e2ches qui suivent normalement une \u00e9lection aux fins d\u2019amener le peuple congolais \u00e0 voir en Joseph Kabila et ses hommes les animateurs des institutions issues des \u00e9lections. \u00bb<\/p>\n<p>En d\u00e9pit de toutes ces man\u0153uvres de l\u00e9gitimation de Joseph Kabila, nous nous permettons de rappeler \u00e0 votre auguste attention que la diaspora congolaise de Belgique et la majorit\u00e9 des congolais dont la volont\u00e9 exprim\u00e9e le 28 novembre 2011 a \u00e9t\u00e9 pi\u00e9tin\u00e9e n\u2019est pas pr\u00eate \u00e0 tourner la page des \u00e9lections vol\u00e9es. Le peuple congolais soutenu par sa diaspora tient au respect de sa volont\u00e9 telle qu\u2019exprim\u00e9e lors desdits scrutins et ainsi, \u00e0 reconqu\u00e9rir sa souverainet\u00e9 et son destin.<\/p>\n<p>Aujourd\u2019hui, l\u2019histoire semble encore se r\u00e9p\u00e9ter, h\u00e9las. C\u2019est au tour de votre successeur pressenti au tr\u00f4ne, le Prince Philippe, Duc de Brabant,de d\u00e9frayer la chronique, en s\u2019affichant le 2 juillet dernier, \u00e0 Bujumbura, \u00e0 l\u2019occasion des festivit\u00e9s de l\u2019ind\u00e9pendance du Burundi, aux c\u00f4t\u00e9s de Joseph Kabila qui arborait un sourire et une telle mine contrastant totalement avec la situation br\u00fblante que traverse le Congo. Faisant fi de toutes les r\u00e9criminations formul\u00e9es \u00e0 l\u2019endroit de dernier, le prince Philippe ne s\u2019est pas gard\u00e9 de s\u2019afficher, avec grands sourires aux l\u00e8vres, aux c\u00f4t\u00e9s de celui qui est de plus en plus jug\u00e9 infr\u00e9quentable par la communaut\u00e9 internationale. D\u2019autant que le r\u00e9gime en place au Congo est en plus per\u00e7u par la majorit\u00e9 des citoyens congolais comme un frein \u00e0 l\u2019\u00e9closion de la d\u00e9mocratie, au respect des droits fondamentaux, au d\u00e9veloppement et \u00e0 la restauration de l\u2019autorit\u00e9 de l\u2019Etat congolais et de la s\u00e9curit\u00e9 sur l\u2019ensemble de l\u2019\u00e9tendue du territoire national.<\/p>\n<p>Il s\u2019ensuit bien entendu, le message, on ne peut plus clair et marqu\u00e9 au fer rouge, que le monde entier d\u00e9crypte des faits et gestes des membres de la dynastie royale belge, \u00e0 savoir : \u00ab business are business \u00bb. Ainsi, devrait-on en d\u00e9duire que la famille royale belge pr\u00e9f\u00e8re parler le langage des affaires plut\u00f4t que celui de l\u2019Etat de droit, la D\u00e9mocratie et les droits fondamentaux et libert\u00e9s publiques ?<\/p>\n<p>Voici en quelques lignes, comment la Diaspora Congolaise de Belgique d\u00e9cline sa relecture, \u00e0 travers plus d\u2019un si\u00e8cle d\u2019histoire commune, de l\u2019attitude de la dynastie de Saxe-Cobourg et Gotha vis-\u00e0-vis du Congo et de son peuple.<\/p>\n<p>Sire,<\/p>\n<p>Au moment o\u00f9 les m\u00e9dias belges et les sp\u00e9cialistes de l\u2019histoire des dynasties occidentales \u00e9voquent de plus en plus votrepossible succession, la Diaspora Congolaise de Belgique, qui se veut \u00eatre la Voix des Sans Voix du peuple congolais dont les droits et libert\u00e9s d\u2019expression sont quotidiennement bafou\u00e9s et r\u00e9prim\u00e9s par les organes r\u00e9pressifs de l\u2019actuel r\u00e9gime de Kinshasa,<\/p>\n<p>prie instamment votre famille \u00e0 manifester un peu plus de compassion, d\u2019attention et d\u2019humanisme vis-\u00e0-vis du peuple congolais. Ainsi, le Congo et son peuple esp\u00e8rent, un jour, que votre famille s\u2019int\u00e9ressera un peu plus activement \u00e0 son sort qu\u2019au sort de ses ressources naturelles et au portefeuille de quelques int\u00e9r\u00eats priv\u00e9s belges au Congo comme cela semble \u00eatre le cas \u00e0 ce jour.<\/p>\n<p>C\u2019est pourquoi nous nous permettons de vous r\u00e9it\u00e9rer ces Paroles de Ren\u00e9 Cassin, Prix Nobel de la Paix en 1968 et un des artisans, aux c\u00f4t\u00e9s de St\u00e9phane Hessel, de la D\u00e9claration Universelle des Droits de l&#8217;Homme, que nous avions d\u00e9j\u00e0 adress\u00e9es ant\u00e9rieurement \u00e0 la Haute Repr\u00e9sentante de l\u2019UE pour les Affaires \u00e9trang\u00e8res, Madame Catherine Ashton : \u00ab L&#8217;essentiel est que notre conscience ne devienne jamais indiff\u00e9rente m\u00eame par l&#8217;exc\u00e8s de l&#8217;horreur aux injustices et aux souffrances qu&#8217;il a \u00e9t\u00e9 possible d&#8217;\u00e9pargner \u00e0 d&#8217;autres hommes par un effort fraternel. Aucun de nous n&#8217;a le droit d&#8217;\u00eatre en repos en face de l&#8217;oppression ou de la mis\u00e8re \u00bb.<\/p>\n<p>Nous laissons \u00e0 l\u2019histoire et \u00e0 la post\u00e9rit\u00e9 le soin de juger votre dynastie, vos gouvernements successifs sur les actes concrets que vous avez pos\u00e9s ou que vous poserez en faveur du peuple congolais.<\/p>\n<p>Vous souhaitant une excellente f\u00eate nationale belge de m\u00eame qu\u2019une une bonne r\u00e9ception de la pr\u00e9sente, daignez Votre Majest\u00e9, agr\u00e9er l\u2019hommage denotre plus profond respect.<\/p>\n<p><strong><em>Rina Rabau Nkandu (Anvers) <\/em><\/strong><br \/>\n<strong><em>Monique Kakonga Bisombe (Anvers) <\/em><\/strong><br \/>\n<strong><em>Jean-Jacques Wondo Omanyundu (Flandre Orientale) <\/em><\/strong><br \/>\n<strong><em>Laurent Mutambayi (Bruxelles) <\/em><\/strong><br \/>\n<strong><em>D\u00e9sir\u00e9 Magbunduku (Bruxelles) <\/em><\/strong><br \/>\n<strong><em>Momi M\u2019Buze (Hainaut) <\/em><\/strong><br \/>\n<strong><em>Patrick N\u2019Siala Kiese (Anvers)<\/em><\/strong><\/p>\n<p>&#8212;&#8212;&#8212;&#8212;&#8212;&#8212;&#8212;&#8212;&#8212;&#8212;&#8212;&#8212;&#8212;&#8212;<\/p>\n<p><em>1 Arthur Conan Doyle, Le Crime du Congo ; Adam Hochschild, Les Fant\u00f4mes du roi L\u00e9opold , Un holocauste oubli\u00e9 (King Leopold\u2019s Ghost) ; Joseph Conrad, Au c\u0153ur des t\u00e9n\u00e8bres (Heart of Darkness). <\/em><\/p>\n<p><em>2 La RDC poss\u00e8de l\u2019un des sols les plus riches en Afrique mais une population tr\u00e8s pauvre. De nombreux enfants travaillent dans les mines de diamants. Ils mettent leur vie, leur sant\u00e9 et leur avenir en danger. Une \u00e9tude men\u00e9e donnait environ 43 000 enfants dans les mines dans la zone Sud, avec 12 000 dans le Kasa\u00ef Occidental, 11 000 dans le Kasa\u00ef-Oriental et 20 000 dans le Katanga. Certains de ces enfants travaillent toute la journ\u00e9e, d\u2019autres vont \u00e0 l\u2019\u00e9cole une partie de la journ\u00e9e. D\u2019autres encore travaillent dans les commerces autour de ces exploitations mini\u00e8res. Sous terre, ils manquent d\u2019air, ils d\u00e9veloppent des maladies pulmonaires, des emphys\u00e8mes\u2026 Ils descendent parfois jusqu\u2019\u00e0 70 m\u00e8tres de profondeur ! Ces enfants \u00e9voluent dans de toutes petites galeries et les exploitants leur donnent de la drogue ou simplement de l\u2019aspirine pour tenir. Les boyaux de ces mines deviennent parfois la tombe de ses enfants. Parall\u00e8lement, les filles mineures se prostituent et ont pour clients les hommes qui travaillent dans ces mines.<\/em><\/p>\n<p>&nbsp;\t\t<\/p>\n","protected":false},"excerpt":{"rendered":"<p>Lettre ouverte de membres de la diaspora congolaise \u00e0 la famille royale belge. A la Famille Royale Belge, Aux bons soins de sa Majest\u00e9 le Roi Albert II Palais de Laeken Avenue du Parc Royal 1020 Bruxelles Bruxelles, le 20 juillet 2012 Concerne : Attitude des membres de la dynastie belge de Saxe-Cobourg-Gotha vis-\u00e0-vis de [&hellip;]<\/p>\n","protected":false},"author":1,"featured_media":3702,"comment_status":"open","ping_status":"open","sticky":false,"template":"","format":"standard","meta":{"_acf_changed":false,"content-type":"","footnotes":""},"categories":[146,151,122,124],"tags":[],"class_list":["post-3701","post","type-post","status-publish","format-standard","has-post-thumbnail","hentry","category-culture","category-education","category-news-alertes","category-politique-societe"],"acf":[],"_links":{"self":[{"href":"https:\/\/congolobilelo.com\/IN\/wp-json\/wp\/v2\/posts\/3701","targetHints":{"allow":["GET"]}}],"collection":[{"href":"https:\/\/congolobilelo.com\/IN\/wp-json\/wp\/v2\/posts"}],"about":[{"href":"https:\/\/congolobilelo.com\/IN\/wp-json\/wp\/v2\/types\/post"}],"author":[{"embeddable":true,"href":"https:\/\/congolobilelo.com\/IN\/wp-json\/wp\/v2\/users\/1"}],"replies":[{"embeddable":true,"href":"https:\/\/congolobilelo.com\/IN\/wp-json\/wp\/v2\/comments?post=3701"}],"version-history":[{"count":0,"href":"https:\/\/congolobilelo.com\/IN\/wp-json\/wp\/v2\/posts\/3701\/revisions"}],"wp:featuredmedia":[{"embeddable":true,"href":"https:\/\/congolobilelo.com\/IN\/wp-json\/"}],"wp:attachment":[{"href":"https:\/\/congolobilelo.com\/IN\/wp-json\/wp\/v2\/media?parent=3701"}],"wp:term":[{"taxonomy":"category","embeddable":true,"href":"https:\/\/congolobilelo.com\/IN\/wp-json\/wp\/v2\/categories?post=3701"},{"taxonomy":"post_tag","embeddable":true,"href":"https:\/\/congolobilelo.com\/IN\/wp-json\/wp\/v2\/tags?post=3701"}],"curies":[{"name":"wp","href":"https:\/\/api.w.org\/{rel}","templated":true}]}}