{"id":3697,"date":"2012-07-20T00:36:58","date_gmt":"2012-07-20T00:36:58","guid":{"rendered":"http:\/\/www.ingeta.com\/?p=3697"},"modified":"2012-07-20T00:36:58","modified_gmt":"2012-07-20T00:36:58","slug":"bukavu-mobilisation-de-la-societe-civile","status":"publish","type":"post","link":"https:\/\/congolobilelo.com\/IN\/bukavu-mobilisation-de-la-societe-civile\/","title":{"rendered":"Bukavu : Mobilisation de la soci\u00e9t\u00e9 civile"},"content":{"rendered":"<p>\t\t\t\t\u00c0 Bukavu (Est de la RDC), les manifestants se sont rendus jusqu&#8217;au quartier g\u00e9n\u00e9ral de La Mission des Nations unies pour protester contre la mutinerie de rebelles regroup\u00e9s au sein du Mouvement du 23 mars (le M23), qui s\u00e8me le trouble au Nord-Kivu<\/p>\n<p><iframe loading=\"lazy\" title=\"Bukavu se mobilise contre les rebelles et met en garde l&#039;ONU\" width=\"1080\" height=\"608\" src=\"https:\/\/www.youtube.com\/embed\/m6a-17Uh7Uc?feature=oembed\" frameborder=\"0\" allow=\"accelerometer; autoplay; clipboard-write; encrypted-media; gyroscope; picture-in-picture; web-share\" referrerpolicy=\"strict-origin-when-cross-origin\" allowfullscreen><\/iframe><\/p>\n<p>&nbsp;\t\t<\/p>\n","protected":false},"excerpt":{"rendered":"<p>\u00c0 Bukavu (Est de la RDC), les manifestants se sont rendus jusqu&#8217;au quartier g\u00e9n\u00e9ral de La Mission des Nations unies pour protester contre la mutinerie de rebelles regroup\u00e9s au sein du Mouvement du 23 mars (le M23), qui s\u00e8me le trouble au Nord-Kivu &nbsp;<\/p>\n","protected":false},"author":1,"featured_media":3698,"comment_status":"open","ping_status":"open","sticky":false,"template":"","format":"standard","meta":{"_acf_changed":false,"content-type":"","footnotes":""},"categories":[122,162],"tags":[],"class_list":["post-3697","post","type-post","status-publish","format-standard","has-post-thumbnail","hentry","category-news-alertes","category-rd-congo"],"acf":[],"_links":{"self":[{"href":"https:\/\/congolobilelo.com\/IN\/wp-json\/wp\/v2\/posts\/3697","targetHints":{"allow":["GET"]}}],"collection":[{"href":"https:\/\/congolobilelo.com\/IN\/wp-json\/wp\/v2\/posts"}],"about":[{"href":"https:\/\/congolobilelo.com\/IN\/wp-json\/wp\/v2\/types\/post"}],"author":[{"embeddable":true,"href":"https:\/\/congolobilelo.com\/IN\/wp-json\/wp\/v2\/users\/1"}],"replies":[{"embeddable":true,"href":"https:\/\/congolobilelo.com\/IN\/wp-json\/wp\/v2\/comments?post=3697"}],"version-history":[{"count":0,"href":"https:\/\/congolobilelo.com\/IN\/wp-json\/wp\/v2\/posts\/3697\/revisions"}],"wp:featuredmedia":[{"embeddable":true,"href":"https:\/\/congolobilelo.com\/IN\/wp-json\/"}],"wp:attachment":[{"href":"https:\/\/congolobilelo.com\/IN\/wp-json\/wp\/v2\/media?parent=3697"}],"wp:term":[{"taxonomy":"category","embeddable":true,"href":"https:\/\/congolobilelo.com\/IN\/wp-json\/wp\/v2\/categories?post=3697"},{"taxonomy":"post_tag","embeddable":true,"href":"https:\/\/congolobilelo.com\/IN\/wp-json\/wp\/v2\/tags?post=3697"}],"curies":[{"name":"wp","href":"https:\/\/api.w.org\/{rel}","templated":true}]}}