{"id":3690,"date":"2012-07-19T19:08:12","date_gmt":"2012-07-19T19:08:12","guid":{"rendered":"http:\/\/www.ingeta.com\/?p=3690"},"modified":"2012-07-19T19:08:12","modified_gmt":"2012-07-19T19:08:12","slug":"bruxelles-sit-in-devant-lambassade-du-rwanda-le-20-juillet-2012","status":"publish","type":"post","link":"https:\/\/congolobilelo.com\/IN\/bruxelles-sit-in-devant-lambassade-du-rwanda-le-20-juillet-2012\/","title":{"rendered":"Bruxelles:  Sit-in devant l&#8217;ambassade du Rwanda, le 20 juillet 2012"},"content":{"rendered":"<p>\t\t\t\t<strong>Communiqu\u00e9:<\/strong><\/p>\n<p>Ce vendredi 20 juillet 2012, de 14h-16h, est organis\u00e9 un sit-in de la communaut\u00e9 congolaise devant l&#8217;Ambassade du Rwanda (rue des Fleurs) avenue Tervuren 1150 Bruxelles, Belgique, pr\u00e8s du Mus\u00e9e du Tram.<\/p>\n<p>L&#8217;objectif de ce sit-in est de d\u00e9noncer l&#8217;implication reconnue du Rwanda dans la tentative de d\u00e9stabilisation de l&#8217;Est de la RDC, voire une tentative de balkanisation.<\/p>\n<p><em>Pour la Communaut\u00e9 Congolaise<br \/>\nJoseph Mbeka<br \/>\nPr\u00e9sident Change in Congo \/ Nzakomba<br \/>\nT\u00e9l.: +32486855392<\/em><\/p>\n<p><img loading=\"lazy\" decoding=\"async\" class=\"alignnone size-full wp-image-3691\" title=\"Sit-in\" src=\"http:\/\/www.ingeta.com\/wp-content\/uploads\/2012\/07\/sitrwanda.jpg\" alt=\"\" width=\"571\" height=\"380\" \/>\t\t<\/p>\n","protected":false},"excerpt":{"rendered":"<p>Communiqu\u00e9: Ce vendredi 20 juillet 2012, de 14h-16h, est organis\u00e9 un sit-in de la communaut\u00e9 congolaise devant l&#8217;Ambassade du Rwanda (rue des Fleurs) avenue Tervuren 1150 Bruxelles, Belgique, pr\u00e8s du Mus\u00e9e du Tram. L&#8217;objectif de ce sit-in est de d\u00e9noncer l&#8217;implication reconnue du Rwanda dans la tentative de d\u00e9stabilisation de l&#8217;Est de la RDC, voire [&hellip;]<\/p>\n","protected":false},"author":1,"featured_media":3691,"comment_status":"open","ping_status":"open","sticky":false,"template":"","format":"standard","meta":{"_acf_changed":false,"content-type":"","footnotes":""},"categories":[116,124],"tags":[],"class_list":["post-3690","post","type-post","status-publish","format-standard","has-post-thumbnail","hentry","category-manifs","category-politique-societe"],"acf":[],"_links":{"self":[{"href":"https:\/\/congolobilelo.com\/IN\/wp-json\/wp\/v2\/posts\/3690","targetHints":{"allow":["GET"]}}],"collection":[{"href":"https:\/\/congolobilelo.com\/IN\/wp-json\/wp\/v2\/posts"}],"about":[{"href":"https:\/\/congolobilelo.com\/IN\/wp-json\/wp\/v2\/types\/post"}],"author":[{"embeddable":true,"href":"https:\/\/congolobilelo.com\/IN\/wp-json\/wp\/v2\/users\/1"}],"replies":[{"embeddable":true,"href":"https:\/\/congolobilelo.com\/IN\/wp-json\/wp\/v2\/comments?post=3690"}],"version-history":[{"count":0,"href":"https:\/\/congolobilelo.com\/IN\/wp-json\/wp\/v2\/posts\/3690\/revisions"}],"wp:featuredmedia":[{"embeddable":true,"href":"https:\/\/congolobilelo.com\/IN\/wp-json\/"}],"wp:attachment":[{"href":"https:\/\/congolobilelo.com\/IN\/wp-json\/wp\/v2\/media?parent=3690"}],"wp:term":[{"taxonomy":"category","embeddable":true,"href":"https:\/\/congolobilelo.com\/IN\/wp-json\/wp\/v2\/categories?post=3690"},{"taxonomy":"post_tag","embeddable":true,"href":"https:\/\/congolobilelo.com\/IN\/wp-json\/wp\/v2\/tags?post=3690"}],"curies":[{"name":"wp","href":"https:\/\/api.w.org\/{rel}","templated":true}]}}