{"id":3680,"date":"2012-07-18T18:41:51","date_gmt":"2012-07-18T18:41:51","guid":{"rendered":"http:\/\/www.ingeta.com\/?p=3680"},"modified":"2012-07-18T18:41:51","modified_gmt":"2012-07-18T18:41:51","slug":"rapport-sur-les-massacres-de-civils-a-bunyakiri-sud-kivu","status":"publish","type":"post","link":"https:\/\/congolobilelo.com\/IN\/rapport-sur-les-massacres-de-civils-a-bunyakiri-sud-kivu\/","title":{"rendered":"Rapport sur les massacres de civils \u00e0 Bunyakiri (Sud-Kivu)"},"content":{"rendered":"<p>\t\t\t\t<em><strong>Vous trouverez ci-dessous <a href=\"http:\/\/www.ingeta.com\/wp-content\/uploads\/2012\/07\/Bukavu-massacres-Bunyakiri2012.doc\">le rapport sur les massacres des civils \u00e0 Bunyakiri <\/a>apr\u00e8s les investigations sur le terrain de la commission dioc\u00e9saine &#8220;Justice et paix&#8221; de l&#8217;Archidioc\u00e8se de Bukavu: &#8220;La population de ce milieu crie au secours. Un SOS est lanc\u00e9 pour ce monde que la communaut\u00e9 internationale laisse \u00e0 la merci des g\u00e9nocidaires rwandais qui continuent \u00e0 endeuiller impun\u00e9ment nos villages. Et la MONUSCO qui est pr\u00e9sente \u00e0 Bunyakiri, n&#8217;a rien fait au moment o\u00f9 les massacres se d\u00e9roulent \u00e0 moins de 300 m\u00e8tres de leur campement&#8221;.<\/strong><\/em><\/p>\n<p>Voici l\u2019\u0153uvre des FDLR INTERAHAMWE rwandais dans la Paroisse\u00ab YESU MSHINDAJI \u00bb de BUNYAKIRI en territoire de KALEHE, Province du Sud-Kivu \u00e0 l\u2019Est de la RDCongo.<\/p>\n<p>Depuis le d\u00e9but de l\u2019ann\u00e9e 2012 les FDLR sont devenus beaucoup plus agressifs. Dans diff\u00e9rents villages de Bunyakiri les populations subissent diverses exactions perp\u00e9tr\u00e9es par ces malfrats qui \u00e0 leur passage violent, pillent tuent et br\u00fblent les gens dans des maisons. Dans l\u2019intervalle seulement de deux mois une cinquantaine des personnes viennent d\u2019\u00eatre massacr\u00e9es par les FDLR dans cette partie du territoire de Kalehe au Sud-Kivu \u00e0 l\u2019Est de la RDCongo. A titre d\u2019exemple nous signalons ici le cas de Mr Joseph KABAUKERE et Madame NACHIKOLO MUTATALWA tu\u00e9s le 24\/04\/2012 \u00e0 LWISI\/RUMONDO.<\/p>\n<p>Encore dans la nuit du 04 au 05 mai 2012 au petit matin, dans le groupement de Kalima 11 personnes ont \u00e9t\u00e9 tu\u00e9es et leurs maisons br\u00fbl\u00e9es dont :<br \/>\n&#8211; Mr Paul NYANGARAMBWA, sa femme et ses deux enfants dont un gar\u00e7on de 5 ans et une fillette de 3 ans ;<br \/>\n&#8211; Mr KATEO LUASI KASABUMBU et Madame C\u00e9cile MUKOMA avec ses 4 enfants.<\/p>\n<p>Le cas le plus r\u00e9cent est celui du 14 mai 2012 dans la localit\u00e9 de Mijembe \u00e0 Kamananga o\u00f9 les FDLR ont massacr\u00e9, incendi\u00e9 et br\u00fbl\u00e9 les personnes dans leurs maisons d\u2019habitation de 05h 45\u2019 jusqu\u2019\u00e0 06h30\u2019. 32 personnes, dont 11 hommes et 21 femmes (parmi eux des enfants), ont trouv\u00e9 la mort. Certaines abattues avec des machettes et des couteaux, les autres br\u00fbl\u00e9es dans les maisons et d\u2019autres tu\u00e9es par balles. Plusieurs autres rescap\u00e9s gravement bless\u00e9es sont en fuite.<\/p>\n<p>Jusqu\u2019o\u00f9 ira la barbarie des g\u00e9nocidaires rwandais ? Toutes ces op\u00e9rations se sont pass\u00e9es sous la barbe de la MONUSCO qui a particip\u00e9 aussi aux op\u00e9rations. Comment on peut tuer les gens comme \u00e7a au moment o\u00f9 le camp de la MONUSCO se trouve \u00e0 moins de 50 m\u00e8tres du village ? Des sources sur, nous indique que les FDLR ont pass\u00e9 plus de deux jours de pr\u00e9paration de leurs sale besogne dans le m\u00eame camp de la MONUSCO qui ravitaillait en armes et vivre ces g\u00e9nocidaires. Un rescap\u00e9, enfant de moins de 8 ans nous a dit que lui a \u00e9t\u00e9 bless\u00e9 par un militaire de la MONUSCO qui a cru l\u2019avoir tuer par une machette. Alliez-vous comprendre quelques choses. A titre illustratif voici quelques photos prises sur le lieu du drame.<\/p>\n<p>&nbsp;<\/p>\n<p><a href=\"http:\/\/www.ingeta.com\/wp-content\/uploads\/2012\/07\/Bukavu-massacres-Bunyakiri2012.doc\">T\u00e9l\u00e9chargez le rapport avec les photos<\/a> (les photos peuvent choquer, attention)<\/p>\n<p>&nbsp;\t\t<\/p>\n","protected":false},"excerpt":{"rendered":"<p>Vous trouverez ci-dessous le rapport sur les massacres des civils \u00e0 Bunyakiri apr\u00e8s les investigations sur le terrain de la commission dioc\u00e9saine &#8220;Justice et paix&#8221; de l&#8217;Archidioc\u00e8se de Bukavu: &#8220;La population de ce milieu crie au secours. Un SOS est lanc\u00e9 pour ce monde que la communaut\u00e9 internationale laisse \u00e0 la merci des g\u00e9nocidaires rwandais [&hellip;]<\/p>\n","protected":false},"author":1,"featured_media":3684,"comment_status":"open","ping_status":"open","sticky":false,"template":"","format":"standard","meta":{"_acf_changed":false,"content-type":"","footnotes":""},"categories":[154,124],"tags":[],"class_list":["post-3680","post","type-post","status-publish","format-standard","has-post-thumbnail","hentry","category-etudes-rapports","category-politique-societe"],"acf":[],"_links":{"self":[{"href":"https:\/\/congolobilelo.com\/IN\/wp-json\/wp\/v2\/posts\/3680","targetHints":{"allow":["GET"]}}],"collection":[{"href":"https:\/\/congolobilelo.com\/IN\/wp-json\/wp\/v2\/posts"}],"about":[{"href":"https:\/\/congolobilelo.com\/IN\/wp-json\/wp\/v2\/types\/post"}],"author":[{"embeddable":true,"href":"https:\/\/congolobilelo.com\/IN\/wp-json\/wp\/v2\/users\/1"}],"replies":[{"embeddable":true,"href":"https:\/\/congolobilelo.com\/IN\/wp-json\/wp\/v2\/comments?post=3680"}],"version-history":[{"count":0,"href":"https:\/\/congolobilelo.com\/IN\/wp-json\/wp\/v2\/posts\/3680\/revisions"}],"wp:featuredmedia":[{"embeddable":true,"href":"https:\/\/congolobilelo.com\/IN\/wp-json\/"}],"wp:attachment":[{"href":"https:\/\/congolobilelo.com\/IN\/wp-json\/wp\/v2\/media?parent=3680"}],"wp:term":[{"taxonomy":"category","embeddable":true,"href":"https:\/\/congolobilelo.com\/IN\/wp-json\/wp\/v2\/categories?post=3680"},{"taxonomy":"post_tag","embeddable":true,"href":"https:\/\/congolobilelo.com\/IN\/wp-json\/wp\/v2\/tags?post=3680"}],"curies":[{"name":"wp","href":"https:\/\/api.w.org\/{rel}","templated":true}]}}