{"id":3635,"date":"2012-07-15T08:45:12","date_gmt":"2012-07-15T08:45:12","guid":{"rendered":"http:\/\/www.ingeta.com\/?p=3635"},"modified":"2012-07-15T08:45:12","modified_gmt":"2012-07-15T08:45:12","slug":"lafrique-en-morceaux-la-tragedie-des-grands-lacs","status":"publish","type":"post","link":"https:\/\/congolobilelo.com\/IN\/lafrique-en-morceaux-la-tragedie-des-grands-lacs\/","title":{"rendered":"L&#8217;Afrique en morceaux (La trag\u00e9die des Grands Lacs)"},"content":{"rendered":"<p>\t\t\t\t<em><strong>Ce documentaire diffus\u00e9 pour la premi\u00e8re fois, en 2004, sur la chaine Franco-allemande, <a href=\"http:\/\/www.arte.tv\/fr\/search__results\/364156.html\">Arte<\/a>, permet de comprendre les enjeux de la crise actuelle dans la sous-r\u00e9gion, de la bouche m\u00eame des protagonistes.<\/strong><\/em><\/p>\n<p><iframe loading=\"lazy\" src=\"http:\/\/www.youtube.com\/embed\/-lCxTLcdgHE\" height=\"360\" width=\"480\" frameborder=\"0\"><\/iframe><br \/>\n1994-1998 : le conflit au Rwanda d\u00e9borde sur l&#8217;ex-Za\u00efre et met \u00e0 feu et \u00e0 sang la r\u00e9gion des Grands Lacs, aujourd&#8217;hui encore en proie \u00e0 des massacres. Jihan El Tahri, gr\u00e2ce aux t\u00e9moignages des acteurs cl\u00e9, analyse ce moment charni\u00e8re de l&#8217;histoire de l&#8217;Afrique dans un documentaire \u00e9clairant et magistral.<\/p>\n<p>Vers le mois de juin 1994, Kengo Wa Dondo, le premier ministre du Za\u00efre (1994-1997), est t\u00e9moin, dans le bureau du mar\u00e9chal Mobutu, d&#8217;une conversation t\u00e9l\u00e9phonique entre le dictateur za\u00efrois et un haut responsable fran\u00e7ais. \u00c0 la veille de lancer l&#8217;op\u00e9ration Turquoise, la France s&#8217;enquiert de l&#8217;\u00e9tat des a\u00e9roports za\u00efrois.<\/p>\n<p>En mars 1997, \u00e0 Kisangani, la capitale r\u00e9gionale du nord du Za\u00efre, contr\u00f4l\u00e9e par les troupes de Laurent D\u00e9sir\u00e9 Kabila, l&#8217;envoy\u00e9 sp\u00e9cial de l&#8217;ONU Mohammed Sahnoun assiste au triomphe de Kabila devant une foule qui le presse de marcher sur Kinshasa.<\/p>\n<p>La premi\u00e8re partie de L&#8217;Afrique en morceaux s&#8217;ouvre sur la premi\u00e8re et se cl\u00f4t sur la deuxi\u00e8me de ces sc\u00e8nes, rapport\u00e9es respectivement par Kengo Wa Dondo et Mohammed Sahnoun. Entre ces deux moments, les \u00e9v\u00e9nements se bousculent : fuite de 1,6 million de Hutus au Za\u00efre ; rapprochement des opposants \u00e0 Mobutu et des gouvernements rwandais et ougandais ; cr\u00e9ation de l&#8217;AFDL (Alliance des forces d\u00e9mocratiques pour la lib\u00e9ration du Congo) ; entr\u00e9e au Za\u00efre de Laurent D\u00e9sir\u00e9 Kabila et de ses troupes, qui ne vont pas tarder \u00e0 renverser Mobutu.<\/p>\n<p>\u00c0 partir d&#8217;entretiens avec des t\u00e9moins directs et acteurs cl\u00e9s, et apr\u00e8s un rigoureux travail de recherche, Jihan El Tahri a fait un monumental travail de synth\u00e8se. Elle d\u00e9roule avec une clart\u00e9 exemplaire le fil des \u00e9v\u00e9nements, dont on saisit \u00e0 la fois la complexit\u00e9, les drames et les enjeux. On d\u00e9couvre le r\u00f4le et la personnalit\u00e9 des nouveaux leaders qui ont pr\u00e9sid\u00e9 ou pr\u00e9sident encore aux destin\u00e9es de la r\u00e9gion : Laurent D\u00e9sir\u00e9 Kabila, l&#8217;ancien rebelle assassin\u00e9 en 2001 ; Paul Kagam\u00e9, vice-pr\u00e9sident du Rwanda de 1994 \u00e0 2000 ; le pr\u00e9sident ougandais Yoweri Museveni.<\/p>\n<p>Le 5 mai 1997, Mobutu et Laurent D\u00e9sir\u00e9 Kabila sont assis \u00e0 la m\u00eame table, de chaque c\u00f4t\u00e9 de Nelson Mandela qui a arrang\u00e9 la rencontre. Les troupes de Kabila menacent la capitale za\u00efroise, mais le vieux dictateur refuse de c\u00e9der la place. Quelques jours plus tard, il est forc\u00e9 de partir. Mobutu chass\u00e9 : tout un symbole. Le symbole de la fin d\u2019une Afrique sous la coupe de dictateurs prot\u00e9g\u00e9s par les Occidentaux \u2013 ici les Fran\u00e7ais. Les Congolais, les Rwandais, les Ougandais, les Angolais, bref ceux qui ont propuls\u00e9 Kabila \u00e0 la t\u00eate du Za\u00efre (devenu la RDC, R\u00e9publique d\u00e9mocratique du Congo), parlent coop\u00e9ration r\u00e9gionale, autosuffisance alimentaire, march\u00e9 commun africain, fin des guerres ethniques. L\u2019union des forces dans la r\u00e9gion des Grands Lacs va changer la face de toute l\u2019Afrique\u2026 Le r\u00eave s\u2019\u00e9vanouit vite. En ao\u00fbt 1998, Kabila l\u2019ancien rebelle doit faire face \u00e0 une r\u00e9bellion qui ressemble \u00e9trangement \u00e0 celle qui l\u2019a port\u00e9 au pouvoir. En janvier 2001, apr\u00e8s trois ans de r\u00e8gne, il est assassin\u00e9 par un proche, trahi comme il a lui-m\u00eame trahi l\u2019immense espoir qu\u2019il avait suscit\u00e9.<\/p>\n<p>La seconde partie du documentaire revient sur la p\u00e9riode mai 1997-ao\u00fbt 1998. La premi\u00e8re ann\u00e9e o\u00f9 Kabila est au pouvoir en RDC est racont\u00e9e par diff\u00e9rents t\u00e9moins : les membres du nouveau gouvernement (Bizima Karaha, Mwenze Kongolo\u2026) ; l\u2019opposant D\u00e9ogracias Bugera, qui combat Kabila pour les m\u00eames raisons qu\u2019il a combattu Mobutu ; les anciens alli\u00e9s rwandais (James Kabarebe, Paul Kagam\u00e9) et ougandais (Yoweri Museveni) ; l\u2019envoy\u00e9 sp\u00e9cial de Clinton Bill Richardson \u2013 aucun repr\u00e9sentant officiel de la France n\u2019a accept\u00e9 de t\u00e9moigner\u2026 Avec un grand souci de la nuance et de l\u2019exactitude, les r\u00e9alisateurs, organisant l\u2019expression des diff\u00e9rents points de vue, \u00e9voquent le bouleversement de la r\u00e9gion des Grands Lacs, d\u00e9chir\u00e9e par des int\u00e9r\u00eats contradictoires. Une r\u00e9gion o\u00f9, apr\u00e8s l\u2019assassinat de Kabila p\u00e8re, les \u00e9v\u00e9nements prendront une tournure plus encourageante, avec la dynamique de n\u00e9gociation et d\u2019apaisement initi\u00e9e par son fils Joseph.<\/p>\n<p>On comprend mieux les conflits d&#8217;int\u00e9r\u00eats qui sous-tendent la crise, notamment l&#8217;\u00e2pre et meurtri\u00e8re lutte d&#8217;influence entre la France et les \u00c9tats-Unis. Une plong\u00e9e instructive au coeur des \u00e9v\u00e9nements qui ont secou\u00e9 l&#8217;Afrique des Grands Lacs et boulevers\u00e9 les \u00e9quilibres de tout un continent. Un document qui donne les cl\u00e9s indispensables pour comprendre le pr\u00e9sent.\t\t<\/p>\n","protected":false},"excerpt":{"rendered":"<p>Ce documentaire diffus\u00e9 pour la premi\u00e8re fois, en 2004, sur la chaine Franco-allemande, Arte, permet de comprendre les enjeux de la crise actuelle dans la sous-r\u00e9gion, de la bouche m\u00eame des protagonistes. 1994-1998 : le conflit au Rwanda d\u00e9borde sur l&#8217;ex-Za\u00efre et met \u00e0 feu et \u00e0 sang la r\u00e9gion des Grands Lacs, aujourd&#8217;hui encore [&hellip;]<\/p>\n","protected":false},"author":1,"featured_media":3636,"comment_status":"open","ping_status":"open","sticky":false,"template":"","format":"video","meta":{"_acf_changed":false,"content-type":"","footnotes":""},"categories":[148,124,133],"tags":[],"class_list":["post-3635","post","type-post","status-publish","format-video","has-post-thumbnail","hentry","category-documents-presse","category-politique-societe","category-videos","post_format-post-format-video"],"acf":[],"_links":{"self":[{"href":"https:\/\/congolobilelo.com\/IN\/wp-json\/wp\/v2\/posts\/3635","targetHints":{"allow":["GET"]}}],"collection":[{"href":"https:\/\/congolobilelo.com\/IN\/wp-json\/wp\/v2\/posts"}],"about":[{"href":"https:\/\/congolobilelo.com\/IN\/wp-json\/wp\/v2\/types\/post"}],"author":[{"embeddable":true,"href":"https:\/\/congolobilelo.com\/IN\/wp-json\/wp\/v2\/users\/1"}],"replies":[{"embeddable":true,"href":"https:\/\/congolobilelo.com\/IN\/wp-json\/wp\/v2\/comments?post=3635"}],"version-history":[{"count":0,"href":"https:\/\/congolobilelo.com\/IN\/wp-json\/wp\/v2\/posts\/3635\/revisions"}],"wp:featuredmedia":[{"embeddable":true,"href":"https:\/\/congolobilelo.com\/IN\/wp-json\/"}],"wp:attachment":[{"href":"https:\/\/congolobilelo.com\/IN\/wp-json\/wp\/v2\/media?parent=3635"}],"wp:term":[{"taxonomy":"category","embeddable":true,"href":"https:\/\/congolobilelo.com\/IN\/wp-json\/wp\/v2\/categories?post=3635"},{"taxonomy":"post_tag","embeddable":true,"href":"https:\/\/congolobilelo.com\/IN\/wp-json\/wp\/v2\/tags?post=3635"}],"curies":[{"name":"wp","href":"https:\/\/api.w.org\/{rel}","templated":true}]}}