{"id":3604,"date":"2012-07-12T02:50:02","date_gmt":"2012-07-12T02:50:02","guid":{"rendered":"http:\/\/www.ingeta.com\/?p=3604"},"modified":"2012-07-12T02:50:02","modified_gmt":"2012-07-12T02:50:02","slug":"canada-lancement-de-la-campagne-ca-mconcerne","status":"publish","type":"post","link":"https:\/\/congolobilelo.com\/IN\/canada-lancement-de-la-campagne-ca-mconcerne\/","title":{"rendered":"Canada : Lancement de la campagne &#8221;\u00c7a m&#8217;concerne&#8221;"},"content":{"rendered":"<p>\t\t\t\t\u00c0 l&#8217;initiative de jeunes citoyens Montr\u00e9alais (d&#8217;origine ha\u00eftienne, congolaise et canadienne) la\u00a0 campagne <strong><em>\u00c7a m&#8217;concerne<\/em><\/strong> vise \u00e0 sensibiliser et informer le grand public canadien et qu\u00e9b\u00e9cois sur la crise en R\u00e9publique D\u00e9mocratique du Congo (RDC).<\/p>\n<p>\u00c0 l&#8217;aide de capsules vid\u00e9os, cette campagne appelle \u00e0 la cr\u00e9ativit\u00e9 de tous et chacun(e) dans le but de poser des gestes et des actions qui contribueront \u00e0 porter les enjeux de cette crise sur la place publique.<\/p>\n<p>Visitez le site <strong>camconcerne.tumblr.com et rejoingez la page Facebook <a href=\"https:\/\/www.facebook.com\/CaMconcerne\">ICI<\/a><br \/>\n<\/strong><\/p>\n<p><iframe loading=\"lazy\" title=\"\u00c7a m&#039;concerne - Femmes\" width=\"1080\" height=\"608\" src=\"https:\/\/www.youtube.com\/embed\/yMTHFwBIa2s?feature=oembed\" frameborder=\"0\" allow=\"accelerometer; autoplay; clipboard-write; encrypted-media; gyroscope; picture-in-picture; web-share\" referrerpolicy=\"strict-origin-when-cross-origin\" allowfullscreen><\/iframe>\t\t<\/p>\n","protected":false},"excerpt":{"rendered":"<p>\u00c0 l&#8217;initiative de jeunes citoyens Montr\u00e9alais (d&#8217;origine ha\u00eftienne, congolaise et canadienne) la\u00a0 campagne \u00c7a m&#8217;concerne vise \u00e0 sensibiliser et informer le grand public canadien et qu\u00e9b\u00e9cois sur la crise en R\u00e9publique D\u00e9mocratique du Congo (RDC). \u00c0 l&#8217;aide de capsules vid\u00e9os, cette campagne appelle \u00e0 la cr\u00e9ativit\u00e9 de tous et chacun(e) dans le but de poser [&hellip;]<\/p>\n","protected":false},"author":1,"featured_media":3605,"comment_status":"open","ping_status":"open","sticky":false,"template":"","format":"standard","meta":{"_acf_changed":false,"content-type":"","footnotes":""},"categories":[141,159],"tags":[],"class_list":["post-3604","post","type-post","status-publish","format-standard","has-post-thumbnail","hentry","category-canada","category-manifestes-memos"],"acf":[],"_links":{"self":[{"href":"https:\/\/congolobilelo.com\/IN\/wp-json\/wp\/v2\/posts\/3604","targetHints":{"allow":["GET"]}}],"collection":[{"href":"https:\/\/congolobilelo.com\/IN\/wp-json\/wp\/v2\/posts"}],"about":[{"href":"https:\/\/congolobilelo.com\/IN\/wp-json\/wp\/v2\/types\/post"}],"author":[{"embeddable":true,"href":"https:\/\/congolobilelo.com\/IN\/wp-json\/wp\/v2\/users\/1"}],"replies":[{"embeddable":true,"href":"https:\/\/congolobilelo.com\/IN\/wp-json\/wp\/v2\/comments?post=3604"}],"version-history":[{"count":0,"href":"https:\/\/congolobilelo.com\/IN\/wp-json\/wp\/v2\/posts\/3604\/revisions"}],"wp:featuredmedia":[{"embeddable":true,"href":"https:\/\/congolobilelo.com\/IN\/wp-json\/"}],"wp:attachment":[{"href":"https:\/\/congolobilelo.com\/IN\/wp-json\/wp\/v2\/media?parent=3604"}],"wp:term":[{"taxonomy":"category","embeddable":true,"href":"https:\/\/congolobilelo.com\/IN\/wp-json\/wp\/v2\/categories?post=3604"},{"taxonomy":"post_tag","embeddable":true,"href":"https:\/\/congolobilelo.com\/IN\/wp-json\/wp\/v2\/tags?post=3604"}],"curies":[{"name":"wp","href":"https:\/\/api.w.org\/{rel}","templated":true}]}}