{"id":3598,"date":"2012-07-11T19:18:02","date_gmt":"2012-07-11T19:18:02","guid":{"rendered":"http:\/\/www.ingeta.com\/?p=3598"},"modified":"2012-07-11T19:18:02","modified_gmt":"2012-07-11T19:18:02","slug":"lor-noir-au-congo-risque-dinstabilite-ou-opportunite-de-developpement","status":"publish","type":"post","link":"https:\/\/congolobilelo.com\/IN\/lor-noir-au-congo-risque-dinstabilite-ou-opportunite-de-developpement\/","title":{"rendered":"L\u2019or noir au Congo : risque d\u2019instabilit\u00e9 ou opportunit\u00e9 de d\u00e9veloppement ?"},"content":{"rendered":"<p>\t\t\t\t<em>Source: <a href=\"http:\/\/www.crisisgroup.org\/fr\/publication-type\/communiques\/2012\/africa\/congo-black-gold-in-the-congo-threat-to-stability-or-development-opportunity.aspx?utm_source=drcemail&amp;utm_medium=mr&amp;utm_campaign=mremail&amp;utm_source=twitterfeed&amp;utm_medium=twitter\">International Crisis Group<\/a>. Kinshasa\/Nairobi\/Bruxelles, 11 juil. 2012<\/em><\/p>\n<p><em><strong>L\u2019int\u00e9r\u00eat renouvel\u00e9 pour le p\u00e9trole en R\u00e9publique d\u00e9mocratique du Congo (DRC) risque de nourrir les ressentiments communautaires, exacerber les dynamiques de conflit et fragiliser la coh\u00e9sion nationale.<\/strong><\/em><\/p>\n<p><a href=\"http:\/\/www.ingeta.com\/wp-content\/uploads\/2012\/07\/188-lor-noir-au-congo-risque-dinstabilite-ou-opportunite-de-developpement.pdf\">L\u2019or noir au Congo : risque d\u2019instabilit\u00e9 ou opportunit\u00e9 de d\u00e9veloppement ?<\/a>, le dernier rapport de l\u2019International Crisis Group, met en garde contre la \u00ab mal\u00e9diction du p\u00e9trole \u00bb dans un pays post-conflit toujours fragile. La prospection p\u00e9troli\u00e8re \u00e0 l\u2019Est et dans la Cuvette centrale pourrait aggraver le conflit dans les zones \u00e0 haut risque des Kivus, et r\u00e9veiller des vell\u00e9it\u00e9s s\u00e9paratistes, entretenues par l\u2019\u00e9chec de la d\u00e9centralisation et le diff\u00e9rend financier entre l\u2019Etat central et les provinces. Si les r\u00e9serves p\u00e9troli\u00e8res sont av\u00e9r\u00e9es, elles pourraient red\u00e9finir la g\u00e9opolitique du pays, et notamment remettre en cause la pr\u00e9pond\u00e9rance politique de la riche province mini\u00e8re du Katanga.<\/p>\n<p>\u00ab Dans le contexte d\u2019une course \u00e0 l\u2019or noir en Afrique de l\u2019Est et centrale, le flou autour des fronti\u00e8res, notamment dans la r\u00e9gion des Grands Lacs, constitue une menace consid\u00e9rable pour la stabilit\u00e9 \u00bb, selon Marc-Andr\u00e9 Lagrange, analyste principal de Crisis Group pour l\u2019Afrique centrale. \u00ab Les r\u00e9serves p\u00e9troli\u00e8res situ\u00e9es aux fronti\u00e8res du Congo avec l\u2019Ouganda et l\u2019Angola sont d\u00e9j\u00e0 sources de tensions \u00bb.<\/p>\n<p>L\u2019Est de la RDC est peupl\u00e9 de groupes rebelles qui se livrent, \u00e0 l\u2019instar de l\u2019arm\u00e9e congolaise, \u00e0 l\u2019exploitation ill\u00e9gale des ressources naturelles. En avril 2012, la mutinerie avort\u00e9e du g\u00e9n\u00e9ral Bosco Ntaganda, recherch\u00e9 par la Cour p\u00e9nale internationale depuis 2006 pour crimes de guerre, et l\u2019\u00e9mer\u00adgence d\u2019un nouveau mouvement arm\u00e9 (le M23) sont de nouvelles manifestations de cette instabilit\u00e9 chronique. A l\u2019Ouest, la RDC conteste la d\u00e9marcation des fronti\u00e8res maritimes avec l\u2019Angola alors que la production p\u00e9troli\u00e8re offshore a d\u00e9j\u00e0 commenc\u00e9 au profit de Luanda.<\/p>\n<p>La mauvaise gouvernance caract\u00e9rise le secteur p\u00e9trolier depuis la reprise des prospections. L\u2019or noir est d\u00e9j\u00e0 la premi\u00e8re source de revenus budg\u00e9taires, et pourtant, malgr\u00e9 le d\u00e9veloppement des explorations, la r\u00e9forme du secteur p\u00e9trolier a pris plusieurs ann\u00e9es de retard. Au lieu d\u2019\u00e9tablir un cadre l\u00e9gal transparent et des institutions solides, les pr\u00e9c\u00e9dents gouvernements ont agi comme des sp\u00e9culateurs.<\/p>\n<p>L\u2019incapacit\u00e9 de l\u2019Etat \u00e0 r\u00e9guler les int\u00e9r\u00eats divergents et potentiellement conflictuels des entreprises p\u00e9troli\u00e8res et des communaut\u00e9s d\u00e9munies nourrit des ressentiments susceptibles de provoquer des conflits locaux. Certaines concessions p\u00e9troli\u00e8res accord\u00e9es aux compagnies se situent dans des parcs naturels et englobent un site class\u00e9 au patrimoine mondial de l\u2019Unesco.<\/p>\n<p>Le gouvernement doit \u0153uvrer, avec les Etats voisins et gr\u00e2ce au soutien de l\u2019Union africaine, \u00e0 la cr\u00e9ation d\u2019un cadre de gestion des r\u00e9serves transfrontali\u00e8res et au lancement d\u2019un programme de d\u00e9limitation de ses fronti\u00e8res. Il doit r\u00e9former le secteur p\u00e9trolier, d\u00e9clarer un moratoire sur l\u2019exploration dans les zones dangereuses et associer les provinces dans les principales d\u00e9cisions concernant le p\u00e9trole.<\/p>\n<p>\u00ab Dans un contexte de pauvret\u00e9 extr\u00eame, d\u2019Etat faible, de mauvaise gouvernance et d\u2019ins\u00e9curit\u00e9 r\u00e9gionale, la ru\u00e9e vers l\u2019or noir peut avoir un effet d\u00e9stabilisateur important \u00bb, selon Thierry Vircoulon, le directeur du projet Afrique centrale de Crisis Group. \u00ab Pour \u00e9viter ce sc\u00e9nario catastrophe, le gouvernement doit, au niveau r\u00e9gional, favoriser le dialogue avec ses voisins, et, au niveau national, r\u00e9guler la prospection p\u00e9troli\u00e8re pour am\u00e9liorer la gouvernance et la responsabilit\u00e9 \u00bb.<\/p>\n<p>&nbsp;<\/p>\n<p>T\u00e9l\u00e9chargez <a href=\"http:\/\/www.ingeta.com\/wp-content\/uploads\/2012\/07\/188-lor-noir-au-congo-risque-dinstabilite-ou-opportunite-de-developpement.pdf\">le rapport en Fran\u00e7ais<\/a>.<\/p>\n<p>T\u00e9l\u00e9chargez <a href=\"http:\/\/www.ingeta.com\/wp-content\/uploads\/2012\/07\/188-black-gold-in-the-congo-threat-to-stability-or-development-opportunity.pdf\">le rapport en Anglais<\/a>.<\/p>\n<p>&nbsp;\t\t<\/p>\n","protected":false},"excerpt":{"rendered":"<p>Source: International Crisis Group. Kinshasa\/Nairobi\/Bruxelles, 11 juil. 2012 L\u2019int\u00e9r\u00eat renouvel\u00e9 pour le p\u00e9trole en R\u00e9publique d\u00e9mocratique du Congo (DRC) risque de nourrir les ressentiments communautaires, exacerber les dynamiques de conflit et fragiliser la coh\u00e9sion nationale. L\u2019or noir au Congo : risque d\u2019instabilit\u00e9 ou opportunit\u00e9 de d\u00e9veloppement ?, le dernier rapport de l\u2019International Crisis Group, met [&hellip;]<\/p>\n","protected":false},"author":1,"featured_media":3601,"comment_status":"open","ping_status":"open","sticky":false,"template":"","format":"standard","meta":{"_acf_changed":false,"content-type":"","footnotes":""},"categories":[152,154,120],"tags":[],"class_list":["post-3598","post","type-post","status-publish","format-standard","has-post-thumbnail","hentry","category-environnement","category-etudes-rapports","category-mondialisation"],"acf":[],"_links":{"self":[{"href":"https:\/\/congolobilelo.com\/IN\/wp-json\/wp\/v2\/posts\/3598","targetHints":{"allow":["GET"]}}],"collection":[{"href":"https:\/\/congolobilelo.com\/IN\/wp-json\/wp\/v2\/posts"}],"about":[{"href":"https:\/\/congolobilelo.com\/IN\/wp-json\/wp\/v2\/types\/post"}],"author":[{"embeddable":true,"href":"https:\/\/congolobilelo.com\/IN\/wp-json\/wp\/v2\/users\/1"}],"replies":[{"embeddable":true,"href":"https:\/\/congolobilelo.com\/IN\/wp-json\/wp\/v2\/comments?post=3598"}],"version-history":[{"count":0,"href":"https:\/\/congolobilelo.com\/IN\/wp-json\/wp\/v2\/posts\/3598\/revisions"}],"wp:featuredmedia":[{"embeddable":true,"href":"https:\/\/congolobilelo.com\/IN\/wp-json\/"}],"wp:attachment":[{"href":"https:\/\/congolobilelo.com\/IN\/wp-json\/wp\/v2\/media?parent=3598"}],"wp:term":[{"taxonomy":"category","embeddable":true,"href":"https:\/\/congolobilelo.com\/IN\/wp-json\/wp\/v2\/categories?post=3598"},{"taxonomy":"post_tag","embeddable":true,"href":"https:\/\/congolobilelo.com\/IN\/wp-json\/wp\/v2\/tags?post=3598"}],"curies":[{"name":"wp","href":"https:\/\/api.w.org\/{rel}","templated":true}]}}