{"id":3538,"date":"2012-07-05T09:18:52","date_gmt":"2012-07-05T09:18:52","guid":{"rendered":"http:\/\/www.ingeta.com\/?p=3538"},"modified":"2012-07-05T09:18:52","modified_gmt":"2012-07-05T09:18:52","slug":"afrique-du-sud-et-belgique-marche-de-dupes","status":"publish","type":"post","link":"https:\/\/congolobilelo.com\/IN\/afrique-du-sud-et-belgique-marche-de-dupes\/","title":{"rendered":"Afrique du Sud et Belgique, march\u00e9 de dupes."},"content":{"rendered":"<p>\t\t\t\t<strong>L&#8217;analyste politique, Jean-Jacques Wondo, r\u00e9agit aux <a href=\"http:\/\/www.rtbf.be\/info\/monde\/detail_afrique-du-sud-et-belgique-s-inquietent-pour-le-congo?id=7799352\">d\u00e9clarations de la Belgique et de l&#8217;Afrique du Sud sur leurs  &#8220;pr\u00e9occupations partag\u00e9es&#8221;<\/a> quant \u00e0 la situation dans l&#8217;Est de la R\u00e9publique d\u00e9mocratique du Congo (RDC).<\/strong><\/p>\n<p><a href=\"http:\/\/www.ingeta.com\/wp-content\/uploads\/2012\/07\/Belgique-RSA.jpg\"><img loading=\"lazy\" decoding=\"async\" src=\"http:\/\/www.ingeta.com\/wp-content\/uploads\/2012\/07\/Belgique-RSA.jpg\" alt=\"\" title=\"Belgique-RSA\" width=\"624\" height=\"341\" class=\"alignnone size-full wp-image-3540\" \/><\/a><br \/>\nJe vous demande de revisiter l&#8217;histoire du combat politique des actuels dirigeants de l&#8217;ANC (<a href=\"http:\/\/fr.wikipedia.org\/wiki\/Congr%C3%A8s_national_africain\">African National Congress<\/a>) du temps de l&#8217;Apartheid.<\/p>\n<p>Vous vous rendez compte qu&#8217;entre les ann\u00e9es 1970 et 1990, certains de leurs combattants ont eu \u00e0 partager des camps d&#8217;entra\u00eenement communs en Ouganda avec les dirigeants actuels au pouvoir au Rwanda et en Ouganda, avec lesquels ils ont sign\u00e9 des accords tacites d&#8217;entra\u00eede mutuelle. Une sorte d&#8217;alliance \u00e0 la mani\u00e8re de l&#8217;Otan.<\/p>\n<p>Il suffit pour s&#8217;en rendre compte d&#8217;observer la position de la RSA dans la crise congolaise depuis 1996.<\/p>\n<p>D&#8217;ailleurs en 2004, la Belgique s&#8217;\u00e9tait indign\u00e9e de la mani\u00e8re cavali\u00e8re dont la RDC avait privil\u00e9gi\u00e9e la r\u00e9forme du secteur de s\u00e9curit\u00e9 (RSS) avec la RSA dans le cadre d&#8217;une coop\u00e9ration bilat\u00e9rale assez floue au lieu de privil\u00e9gier une RSS dans le cadre d&#8217;une action globale multilat\u00e9rale, plus coh\u00e9rente et structurante.<\/p>\n<p>Je m&#8217;en tiens pour illustration, entre autres aux nombreux \u00e9changes et \u00e0 la collaboration que j&#8217;ai entretenus avec lui entre 1998 et 2000 avec le feu G\u00e9n\u00e9ral C\u00e9lestin Ilunga Shamanga (Ancien de Saint-Cyr, dernier ministre de l&#8217;int\u00e9rieur de Mobutu, ancien chef de la Maison militaire de Mobutu, un des fondateurs de la BSP puis DSP et tr\u00e8s proche collaborateur du feu g\u00e9n\u00e9ral Mahele). Alors en exil en Afrique du Sud o\u00f9 il \u00e9tait tr\u00e8s appr\u00e9ci\u00e9 et approch\u00e9 par le SSAA:\u00a0 South African Secret Service (par son intelligence et sa capacit\u00e9 d&#8217;analyse hors norme) pour int\u00e9grer le RCD Goma (appuy\u00e9 par le Rwanda) avec une franche promesse de jouer un r\u00f4le de premier plan si le RCD Goma parvenait \u00e0 renverser LD Kabila. Et il m&#8217;a montr\u00e9 \u00e0 l&#8217;\u00e9poque des preuves \u00e9crites. Il a \u00e9crit un excellent ouvrage sur les FAZ: La chute de Mobutu et l&#8217;effondrement de son arm\u00e9e, un livre-r\u00e9f\u00e9rence qui fera l&#8217;objet de nombreuses r\u00e9f\u00e9rences dans mon futur ouvrage \u00e0 publier: De la Force Publique aux FARDC: Radioscopie d&#8217;une arm\u00e9e fant\u00f4me, pervertie et intravertie).<\/p>\n<p>Personnellement, je vois mal la RSA jouer un r\u00f4le positif dans la r\u00e9solution \u00e9quitable de la crise congolaise, qui tienne compte des aspirations profondes des populations autochtones congolaises de l&#8217;Est, d\u00e8s lors qu&#8217;elle joue en quelque sorte le r\u00f4le g\u00e9ostrat\u00e9gique de parrain r\u00e9gional \u00e0 Kagame, Museveni et Joseph Kabila.<\/p>\n<p>Ce n&#8217;est pas avec un Jacob Zuma, tr\u00e8s proche de\u00a0 l&#8217;esprit et de l&#8217;axe Kampala-Kigali-Jo&#8217;Burg qu&#8217;une solution satisfaisante pour les populations congolaises du Kivu (et non pour Kabila) sera trouv\u00e9e. car Zuma ne pourra difficilement trahir ses fr\u00e8res de maquis \u00e0 Kampala.<\/p>\n<p>Les soi-disant &#8220;pr\u00e9occupations partag\u00e9es&#8221; entre L&#8217;Afrique du Sud et la Belgique ressemble \u00e0 un march\u00e9 de dupes. Du moins, \u00e0 mon avis personnel (qui peut aussi \u00eatre faux!) et sur base de divers \u00e9l\u00e9ments en ma possession en provenance des sources assez dignes de foi.<\/p>\n<p>D&#8217;ailleurs durant son escale en Afrique du Sud avant de regagner l&#8217;est de la RDC pour commencer sa campagne, tous les d\u00e9tails sur les faits et mouvements de Mr. Tshisekedi \u00e9taient rapport\u00e9s aux services de renseignements congolais et aux affaires \u00e9trang\u00e8res d&#8217;un pays occidental int\u00e9ress\u00e9 par la RDC.Il en est de m\u00eame de diff\u00e9rents d\u00e9placements de Mr. Kamerhe en Afrique du Sud.<\/p>\n<p><em>Jean-Jacques Wondo<br \/>\nAnalyste politique freelance<\/em>\t\t<\/p>\n","protected":false},"excerpt":{"rendered":"<p>L&#8217;analyste politique, Jean-Jacques Wondo, r\u00e9agit aux d\u00e9clarations de la Belgique et de l&#8217;Afrique du Sud sur leurs &#8220;pr\u00e9occupations partag\u00e9es&#8221; quant \u00e0 la situation dans l&#8217;Est de la R\u00e9publique d\u00e9mocratique du Congo (RDC). Je vous demande de revisiter l&#8217;histoire du combat politique des actuels dirigeants de l&#8217;ANC (African National Congress) du temps de l&#8217;Apartheid. Vous vous [&hellip;]<\/p>\n","protected":false},"author":1,"featured_media":3539,"comment_status":"open","ping_status":"open","sticky":false,"template":"","format":"standard","meta":{"_acf_changed":false,"content-type":"","footnotes":""},"categories":[160,124],"tags":[],"class_list":["post-3538","post","type-post","status-publish","format-standard","has-post-thumbnail","hentry","category-nouvelles-front-est","category-politique-societe"],"acf":[],"_links":{"self":[{"href":"https:\/\/congolobilelo.com\/IN\/wp-json\/wp\/v2\/posts\/3538","targetHints":{"allow":["GET"]}}],"collection":[{"href":"https:\/\/congolobilelo.com\/IN\/wp-json\/wp\/v2\/posts"}],"about":[{"href":"https:\/\/congolobilelo.com\/IN\/wp-json\/wp\/v2\/types\/post"}],"author":[{"embeddable":true,"href":"https:\/\/congolobilelo.com\/IN\/wp-json\/wp\/v2\/users\/1"}],"replies":[{"embeddable":true,"href":"https:\/\/congolobilelo.com\/IN\/wp-json\/wp\/v2\/comments?post=3538"}],"version-history":[{"count":0,"href":"https:\/\/congolobilelo.com\/IN\/wp-json\/wp\/v2\/posts\/3538\/revisions"}],"wp:featuredmedia":[{"embeddable":true,"href":"https:\/\/congolobilelo.com\/IN\/wp-json\/"}],"wp:attachment":[{"href":"https:\/\/congolobilelo.com\/IN\/wp-json\/wp\/v2\/media?parent=3538"}],"wp:term":[{"taxonomy":"category","embeddable":true,"href":"https:\/\/congolobilelo.com\/IN\/wp-json\/wp\/v2\/categories?post=3538"},{"taxonomy":"post_tag","embeddable":true,"href":"https:\/\/congolobilelo.com\/IN\/wp-json\/wp\/v2\/tags?post=3538"}],"curies":[{"name":"wp","href":"https:\/\/api.w.org\/{rel}","templated":true}]}}