{"id":3483,"date":"2012-06-26T17:36:41","date_gmt":"2012-06-26T17:36:41","guid":{"rendered":"http:\/\/www.ingeta.com\/?p=3483"},"modified":"2012-06-26T17:36:41","modified_gmt":"2012-06-26T17:36:41","slug":"armes-legeres-dans-lest-du-congo-enquete-sur-la-perception-du-grip","status":"publish","type":"post","link":"https:\/\/congolobilelo.com\/IN\/armes-legeres-dans-lest-du-congo-enquete-sur-la-perception-du-grip\/","title":{"rendered":"Armes l\u00e9g\u00e8res dans l&#8217;est du Congo : Enqu\u00eate du GRIP"},"content":{"rendered":"<p>\t\t\t\t<strong><a href=\"http:\/\/www.grip.org\/fr\/siteweb\/dev.asp?N=simple&amp;O=940&amp;titre_page=302-303\">&#8220;Armes l\u00e9g\u00e8res dans l&#8217;est du Congo : Enqu\u00eate sur la perception de l&#8217;ins\u00e9curit\u00e9&#8221;<\/a>, La coordination de cet ouvrage a \u00e9t\u00e9 assur\u00e9e par Georges Berghezan, chercheur au GRIP, et Xavier Zeebroek, directeur du GRIP. <\/strong><\/p>\n<p><a href=\"http:\/\/www.ingeta.com\/wp-content\/uploads\/2012\/06\/LES_LIVRES_DU_GRIP_302-303.pdf\"><img loading=\"lazy\" decoding=\"async\" class=\"alignleft size-full wp-image-3484\" title=\"Enqu\u00eate sur la perception de l'ins\u00e9curit\u00e9\" src=\"http:\/\/www.ingeta.com\/wp-content\/uploads\/2012\/06\/302-303.jpg\" alt=\"\" width=\"313\" height=\"448\" \/><\/a>Dans l\u2019est du Congo, la prolif\u00e9ration des armes \u00e0 feu a pris des proportions dramatiques avec les guerres de r\u00e9bellion et la combinaison d\u2019une s\u00e9rie de ph\u00e9nom\u00e8nes connexes : le banditisme, les activit\u00e9s des groupes arm\u00e9s congolais et \u00e9trangers, les conflits ethniques, l\u2019indiscipline des forces de s\u00e9curit\u00e9, l\u2019exploitation ill\u00e9gale des ressources naturelles&#8230;, alimentant une spirale de pauvret\u00e9 et d\u2019in\u00e9galit\u00e9s. Nombreux sont les civils \u00e0 \u00eatre maintenant arm\u00e9s, que ce soit pour se prot\u00e9ger ou dans une logique de pr\u00e9dation.<\/p>\n<p>Le PNUD lutte depuis de nombreuses ann\u00e9es contre le fl\u00e9au des armes l\u00e9g\u00e8res en RDC. C\u2019est dans ce cadre qu\u2019il a mandat\u00e9 deux instituts, le Groupe de recherche et d\u2019information sur la paix et la s\u00e9curit\u00e9 (GRIP) et le Bonn International Center for Conversion (BICC), pour mener une enqu\u00eate. Dans les provinces du Nord et Sud-Kivu, du Maniema, et dans les districts de l\u2019Ituri (Province Orientale) et du Tanganyika (Katanga), les enqu\u00eateurs ont sond\u00e9 plus de 10 000 m\u00e9nages et men\u00e9 plusieurs dizaines de groupes de discussion.<\/p>\n<p>La premi\u00e8re partie de l\u2019ouvrage analyse le contexte s\u00e9curitaire de la r\u00e9gion investigu\u00e9e : l\u2019\u00e9volution des conflits r\u00e9cents, la multiplication des bandes arm\u00e9es, les aspects l\u00e9gislatifs, les actions de l\u2019ONU et du gouvernement congolais, les perspectives de d\u00e9sarmement. La deuxi\u00e8me pr\u00e9sente les r\u00e9sultats de l\u2019enqu\u00eate \u2013 centr\u00e9e sur la prolif\u00e9ration d\u2019armes aupr\u00e8s des civils \u2013, et constitue une mine d\u2019informations in\u00e9dite sur les armes l\u00e9g\u00e8res : qui les demande, qui en poss\u00e8de, o\u00f9 les cache-t-on, quelle utilisation fait-on, comment sont-elles per\u00e7ues et quel est leur impact ? Toute la r\u00e9gion a \u00e9t\u00e9 pass\u00e9e au crible\u2026 Une \u00e9tude minutieuse qui devrait servir \u00e0 \u00e9laborer les futures politiques de r\u00e9duction de la violence arm\u00e9e dans l\u2019est du Congo ! Et au-del\u00e0&#8230;<\/p>\n<p><a href=\"http:\/\/www.ingeta.com\/wp-content\/uploads\/2012\/06\/LES_LIVRES_DU_GRIP_302-303.pdf\"><em>T\u00e9l\u00e9chargez l&#8217;ouvrage dans son int\u00e9gralit\u00e9<\/em><\/a>.\t\t<\/p>\n","protected":false},"excerpt":{"rendered":"<p>&#8220;Armes l\u00e9g\u00e8res dans l&#8217;est du Congo : Enqu\u00eate sur la perception de l&#8217;ins\u00e9curit\u00e9&#8221;, La coordination de cet ouvrage a \u00e9t\u00e9 assur\u00e9e par Georges Berghezan, chercheur au GRIP, et Xavier Zeebroek, directeur du GRIP. Dans l\u2019est du Congo, la prolif\u00e9ration des armes \u00e0 feu a pris des proportions dramatiques avec les guerres de r\u00e9bellion et la [&hellip;]<\/p>\n","protected":false},"author":1,"featured_media":3484,"comment_status":"open","ping_status":"open","sticky":false,"template":"","format":"standard","meta":{"_acf_changed":false,"content-type":"","footnotes":""},"categories":[154,124],"tags":[],"class_list":["post-3483","post","type-post","status-publish","format-standard","has-post-thumbnail","hentry","category-etudes-rapports","category-politique-societe"],"acf":[],"_links":{"self":[{"href":"https:\/\/congolobilelo.com\/IN\/wp-json\/wp\/v2\/posts\/3483","targetHints":{"allow":["GET"]}}],"collection":[{"href":"https:\/\/congolobilelo.com\/IN\/wp-json\/wp\/v2\/posts"}],"about":[{"href":"https:\/\/congolobilelo.com\/IN\/wp-json\/wp\/v2\/types\/post"}],"author":[{"embeddable":true,"href":"https:\/\/congolobilelo.com\/IN\/wp-json\/wp\/v2\/users\/1"}],"replies":[{"embeddable":true,"href":"https:\/\/congolobilelo.com\/IN\/wp-json\/wp\/v2\/comments?post=3483"}],"version-history":[{"count":0,"href":"https:\/\/congolobilelo.com\/IN\/wp-json\/wp\/v2\/posts\/3483\/revisions"}],"wp:featuredmedia":[{"embeddable":true,"href":"https:\/\/congolobilelo.com\/IN\/wp-json\/"}],"wp:attachment":[{"href":"https:\/\/congolobilelo.com\/IN\/wp-json\/wp\/v2\/media?parent=3483"}],"wp:term":[{"taxonomy":"category","embeddable":true,"href":"https:\/\/congolobilelo.com\/IN\/wp-json\/wp\/v2\/categories?post=3483"},{"taxonomy":"post_tag","embeddable":true,"href":"https:\/\/congolobilelo.com\/IN\/wp-json\/wp\/v2\/tags?post=3483"}],"curies":[{"name":"wp","href":"https:\/\/api.w.org\/{rel}","templated":true}]}}