{"id":3479,"date":"2012-06-25T07:32:29","date_gmt":"2012-06-25T07:32:29","guid":{"rendered":"http:\/\/www.ingeta.com\/?p=3479"},"modified":"2012-06-25T07:32:29","modified_gmt":"2012-06-25T07:32:29","slug":"journee-du-congo-a-lille-mettre-fin-a-laventurisme-au-sommet-de-la-rdc","status":"publish","type":"post","link":"https:\/\/congolobilelo.com\/IN\/journee-du-congo-a-lille-mettre-fin-a-laventurisme-au-sommet-de-la-rdc\/","title":{"rendered":"Journ\u00e9e du Congo \u00e0 Lille: mettre fin \u00e0 l&#8217;aventurisme au sommet de la RDC"},"content":{"rendered":"<p>\t\t\t\t<em>Par <a href=\"http:\/\/www.cheikfitanews.net\/article-journee-du-congo-a-lille-mettre-fin-a-l-aventurisme-au-sommet-de-notre-pays-107364690.html\">Cheikh Fita<\/a>.<\/em><\/p>\n<p><strong><em>Samedi 23 juin 2012 de 10h00 \u00e0 20h00, la communaut\u00e9 congolaise du Nord de France a organis\u00e9 une journ\u00e9e du Congo. \u00a0C\u2019\u00e9tait au Cin\u00e9ma l&#8217;Univers \u00a0sis 16 rue Georges Danton \u00e0 Lille. Au programme, une exposition photos, une projection cin\u00e9matographique, et avec comme clou, une conf\u00e9rence-d\u00e9bat \u00a0autour du th\u00e8me\u00a0: \u00ab\u00a0Regards sur l&#8217;histoire du Congo.\u00a0\u00bb Des orateurs \u00a0venus de quatre villes diff\u00e9rentes d\u2019Europe devaient d\u00e9velopper chacun un des quatre sous-th\u00e8mes. La restauration assur\u00e9e durant toute la journ\u00e9e \u00e9tait essentiellement compos\u00e9e de mets congolais<\/em>.<\/strong><\/p>\n<p><iframe loading=\"lazy\" src=\"http:\/\/www.youtube.com\/embed\/Ir86bdjeOsY\" frameborder=\"0\" width=\"560\" height=\"315\"><\/iframe><\/p>\n<p>Pourquoi cette journ\u00e9e\u00a0?<\/p>\n<p>Selon un des organisateurs qui introduisait la conf\u00e9rence, il y a eu des \u00e9lections en RD Congo. Au m\u00e9pris des r\u00e9sultats, le Pr\u00e9sident sortant s\u2019est cramponn\u00e9 au pouvoir via la fraude, le bourrage des urnes, la falsification des PV, la terreur gr\u00e2ce \u00e0 la soldatesque \u2026<\/p>\n<p>Que devrait maintenant\u00a0\u00eatre le comportement du Congolais?<\/p>\n<p>Le professeur Fweley Diangitukwa venu de Vevey en Suisse sera le premier intervenant et planchera sur les 50 ans apr\u00e8s\u00a0l&#8217;ind\u00e9pendance, avec d\u2019abord un\u00a0 regard sur la colonisation avec ses affres\u00a0: L\u2019exploitation du Congo par le Roi L\u00e9opold II des belges, la poursuite\u00a0 de cette exploitation par la Belgique jusque 1960.<\/p>\n<p>Les Congolais devraient d\u00e9sormais se d\u00e9barrasser de toute na\u00efvet\u00e9 et tirer les le\u00e7ons de l\u2019histoire.<\/p>\n<p>Monsieur Rolain Mena de l\u2019Apareco et venu de Paris planchera sur les relations entre le Congo et l&#8217;Occident.<\/p>\n<p>Les n\u00e9gro-africains sont regard\u00e9s de haut par l\u2019occident\u2026 Comme des grands enfants. Jusqu\u2019\u00e0 ce jour, le Congo est sous la coupe des n\u00e9ocolonialistes. Pire, pour leurs int\u00e9r\u00eats, ils ont plac\u00e9 \u00e0 la t\u00eate du pays des \u00e9trangers.<\/p>\n<p>Troisi\u00e8me intervenant, docteur Stanislas Kalombo, pr\u00e9sident d\u2019Aprodec asbl de Belgique. Son expos\u00e9 porte sur les\u00a0fraudes \u00e9lectorales.<\/p>\n<p>Chiffres et tableaux \u00e0 l\u2019appui, il d\u00e9montre l\u2019\u0153uvre machiav\u00e9lique de fraude \u00e0 tr\u00e8s grande \u00e9chelle du tandem Joseph Kabila-Ngoy Mulunda.<\/p>\n<p>Le public sera presque r\u00e9volt\u00e9 en se rendant compte \u00e0 quel point le comportement de Joseph Kabila pour se maintenir au pouvoir \u00e9tait un v\u00e9ritable m\u00e9pris du Congolais.<\/p>\n<p>Mais des institutions internationales comme la Monusco, le PNUD, peuvent-elles \u00eatre consid\u00e9r\u00e9es comme innocentes dans ce hold-up\u00a0\u00e9lectoral?<\/p>\n<p>Pour l\u2019orateur, non.<\/p>\n<p>&#8211; Et maintenant, que faire\u00a0?<\/p>\n<p>L\u2019abb\u00e9 Jean-Pierre Mbelu venu de Nivelles en Belgique cl\u00f4turera la s\u00e9rie des expos\u00e9s avec cette grande responsabilit\u00e9\u00a0: donner une piste de sortie.<\/p>\n<p>Au vu des institutions et autres forces occultes qui dirigent le monde,<\/p>\n<p>Au vu des app\u00e9tits pr\u00e9dateurs des grandes puissances,<\/p>\n<p>Au vu de l\u2019interp\u00e9n\u00e9tration de la politique et de la justice mondiale, il n\u2019y a plus de places pour les faibles.<\/p>\n<p>Les congolais doivent\u00a0 se d\u00e9barrasser de la \u00ab\u00a0personnalit\u00e9\u00a0\u00bb artificielle inculqu\u00e9e par la \u00ab\u00a0culture\u00a0\u00bb des dominants, se formater selon les valeurs de travail, de justice, d\u2019\u00e9galit\u00e9, se former et s\u2019informer, rapidement travailler en r\u00e9seau, mettre en place une banque de donn\u00e9es des ressources humaines, pr\u00e9alable pour la cr\u00e9ation d\u2019une banque v\u00e9ritablement congolaise, aucun combat de lib\u00e9ration ne pouvant se concevoir sans moyens financiers. Ce serait un leurre d\u2019esp\u00e9rer le soutien financier de ceux qui nous combattent (FMI, Banque mondiale, coop\u00e9rations bilat\u00e9rales et multilat\u00e9rales.)<\/p>\n<p>Durant le d\u00e9bat, le public insistera aussi sur une meilleure connaissance de nous-m\u00eames, une plong\u00e9e dans nos cultures, surtout pour mieux guider les enfants et les jeunes menac\u00e9s par l\u2019explosion de l\u2019Internet et ses r\u00e9seaux sociaux, et sur la n\u00e9cessit\u00e9 d\u2019un changement profond des mentalit\u00e9s.<\/p>\n<p>Le th\u00e8me abord\u00e9 ayant \u00e9t\u00e9 si vaste, les attentes du public si grandes, un participant regrettera qu\u2019il n\u2019y ait pas eu suffisamment de temps pour \u00e9changer.<\/p>\n<p>Il est certain, cette rencontre de Lille pr\u00e9sage une nouvelle dynamique dans la communaut\u00e9 congolaise de l\u2019\u00e9tranger\u00a0:<\/p>\n<p>Une \u00a0mise \u00e0 contribution plus grande de l\u2019intelligentsia, la plupart de ceux vivant au pays ayant vendu leur \u00e2me au diable pour une poign\u00e9e de dollars ou pour un poste politique creux.<\/p>\n<p>Le r\u00e9armement moral via la formation, l\u2019information et la culture.<\/p>\n<p>Depuis un demi-si\u00e8cle, la direction de l\u2019\u00e9tat \u00e9tant toujours dans les mains des parachut\u00e9s, des aventuriers et maintenant des incomp\u00e9tents et des \u00e9trangers, une nouvelle g\u00e9n\u00e9ration de Congolais \u00e9merge progressivement avec comme leitmotiv\u00a0: mettre fin \u00e0 l\u2019aventurisme au sommet de l\u2019\u00e9tat congolais. Le Congo m\u00e9rite mieux.<\/p>\n<p>&nbsp;<\/p>\n<p><em>Lille, le 23 juin 2012<\/em><br \/>\n<em> Cheik Fita<\/em>\t\t<\/p>\n","protected":false},"excerpt":{"rendered":"<p>Par Cheikh Fita. Samedi 23 juin 2012 de 10h00 \u00e0 20h00, la communaut\u00e9 congolaise du Nord de France a organis\u00e9 une journ\u00e9e du Congo. \u00a0C\u2019\u00e9tait au Cin\u00e9ma l&#8217;Univers \u00a0sis 16 rue Georges Danton \u00e0 Lille. Au programme, une exposition photos, une projection cin\u00e9matographique, et avec comme clou, une conf\u00e9rence-d\u00e9bat \u00a0autour du th\u00e8me\u00a0: \u00ab\u00a0Regards sur l&#8217;histoire [&hellip;]<\/p>\n","protected":false},"author":1,"featured_media":3480,"comment_status":"open","ping_status":"open","sticky":false,"template":"","format":"standard","meta":{"_acf_changed":false,"content-type":"","footnotes":""},"categories":[145,127],"tags":[],"class_list":["post-3479","post","type-post","status-publish","format-standard","has-post-thumbnail","hentry","category-conferences-salons","category-rencontresdebats"],"acf":[],"_links":{"self":[{"href":"https:\/\/congolobilelo.com\/IN\/wp-json\/wp\/v2\/posts\/3479","targetHints":{"allow":["GET"]}}],"collection":[{"href":"https:\/\/congolobilelo.com\/IN\/wp-json\/wp\/v2\/posts"}],"about":[{"href":"https:\/\/congolobilelo.com\/IN\/wp-json\/wp\/v2\/types\/post"}],"author":[{"embeddable":true,"href":"https:\/\/congolobilelo.com\/IN\/wp-json\/wp\/v2\/users\/1"}],"replies":[{"embeddable":true,"href":"https:\/\/congolobilelo.com\/IN\/wp-json\/wp\/v2\/comments?post=3479"}],"version-history":[{"count":0,"href":"https:\/\/congolobilelo.com\/IN\/wp-json\/wp\/v2\/posts\/3479\/revisions"}],"wp:featuredmedia":[{"embeddable":true,"href":"https:\/\/congolobilelo.com\/IN\/wp-json\/"}],"wp:attachment":[{"href":"https:\/\/congolobilelo.com\/IN\/wp-json\/wp\/v2\/media?parent=3479"}],"wp:term":[{"taxonomy":"category","embeddable":true,"href":"https:\/\/congolobilelo.com\/IN\/wp-json\/wp\/v2\/categories?post=3479"},{"taxonomy":"post_tag","embeddable":true,"href":"https:\/\/congolobilelo.com\/IN\/wp-json\/wp\/v2\/tags?post=3479"}],"curies":[{"name":"wp","href":"https:\/\/api.w.org\/{rel}","templated":true}]}}