{"id":3406,"date":"2012-06-16T14:00:01","date_gmt":"2012-06-16T14:00:01","guid":{"rendered":"http:\/\/www.ingeta.com\/?p=3406"},"modified":"2012-06-16T14:00:01","modified_gmt":"2012-06-16T14:00:01","slug":"paris-conference-devoir-de-memoire-samedi-30-juin","status":"publish","type":"post","link":"https:\/\/congolobilelo.com\/IN\/paris-conference-devoir-de-memoire-samedi-30-juin\/","title":{"rendered":"Paris &#8211; Conf\u00e9rence Devoir de m\u00e9moire &#8211; Samedi 30 juin 2012"},"content":{"rendered":"<div>\n<div id=\"id.476883728991944\"><strong>GRANDE JOURN\u00c9E DE R\u00c9FLEXION &amp; LEADERSHIP POUR B\u00c2TIR UN CONGO NOUVEAU<\/strong><\/div>\n<div><\/div>\n<div><strong>Date :<\/strong> 30 JUIN 2012e<\/div>\n<div><strong>Horaire :<\/strong> 17H00 A 21H00<\/div>\n<div><strong>Lieu :<\/strong> MAISON DES MINES , 270 Rue Saint-Jacques 75005 PARIS<br \/>\nStation &#8220;RER B &#8221; Port -Royal ( Dans le quartier Latin )<\/div>\n<div><strong>Th\u00e9matique :<\/strong> <strong>52 ANS APR\u00c8S L&#8217;IND\u00c9PENDANCE, OU SE TROUVE LE CONGO? Quel Leadership au c\u0153ur de la Mondialisation?<\/strong><\/div>\n<div><\/div>\n<div id=\"id.476883728991944\"><span style=\"text-decoration: underline;\"><strong>PROGRAMME SUR DEUX TEMPS FORTS:<\/strong><\/span><span style=\"text-decoration: underline;\">LES ATELIERS<\/span>De 17H00 \u00e0 18H00 ( Ateliers anim\u00e9s par des sp\u00e9cialistes )<br \/>\n&#8211; Atelier &#8220;\u00c9ducation et Insertion&#8221;: Le Congo expliqu\u00e9 \u00e0 mes enfants \/ La France, Comment s&#8217;int\u00e9grer.<br \/>\n&#8211; Atelier &#8220;Entrepreneuriat&#8221; : Promotion du R\u00caVE CONGOLAIS<br \/>\n&#8211; Atelier &#8221; Culture &#8220;: L&#8217;Excellence dans l&#8217;\u00e9dition et production des oeuvres culturelles congolaises. Quelques valeurs nobles de la culture Bantou \u00e0 transmettre \u00e0 la g\u00e9n\u00e9ration n\u00e9e ou grandie \u00e0 l&#8217;\u00e9tranger<span style=\"text-decoration: underline;\">TABLE ROND<\/span>E SU<span style=\"text-decoration: underline;\">R LE LEADERSHIP<\/span>+D\u00e9bat de 18H00 \u00e0 19H30<span style=\"text-decoration: underline;\">ORATEURS DE MARQUE:<\/span><br \/>\n<a href=\"http:\/\/www.ingeta.com\/wp-content\/uploads\/2012\/06\/Justine-KASA-VUBU-MPOYO.jpg\"><img loading=\"lazy\" decoding=\"async\" class=\"alignleft  wp-image-3411\" title=\"Justine KASA-VUBU MPOYO\" src=\"http:\/\/www.ingeta.com\/wp-content\/uploads\/2012\/06\/Justine-KASA-VUBU-MPOYO-290x290.jpg\" alt=\"\" width=\"150\" height=\"150\" \/><\/a>Mme <strong>Justine KASA-VUBU MPOYO<\/strong>, Sociologue et Auteur de plusieurs ouvrages. Dernier titre paru: &#8220;<strong><em>Et si Kennedy \u00e9tait mort pour l&#8217;Afrique?<\/em><\/strong> &#8220;, Editions KDS, Bruxelles 2010.<\/p>\n<p>Membre du groupe d&#8217;\u00e9tudes africaines de G\u00e9ostrat\u00e9gie. Pr\u00e9sidente du Mouvement des d\u00e9mocrates, Ancienne fonctionnaire internationale de l&#8217;ONU (HCR-Gen\u00e8ve ). Ancienne Secr\u00e9taire National aux Relations ext\u00e9rieures de l&#8217;UDPS.Candidate aux pr\u00e9sidentielles de 2006, Pr\u00e9sidente de la Fondation &#8220;Pr\u00e9sident Joseph KASA-VUBU&#8221;.<br \/>\nMinistre R\u00e9sident, Ambassadeur Pl\u00e9nipotentiaire de la RDC au Benelux et Union Europ\u00e9enne1997-98<br \/>\n<a href=\"http:\/\/www.ingeta.com\/wp-content\/uploads\/2012\/06\/Philippe-KABONGO-MBAYA.jpg\"><img loading=\"lazy\" decoding=\"async\" class=\"alignleft  wp-image-3412\" title=\"Philippe KABONGO-MBAYA\" src=\"http:\/\/www.ingeta.com\/wp-content\/uploads\/2012\/06\/Philippe-KABONGO-MBAYA-290x290.jpg\" alt=\"\" width=\"151\" height=\"151\" \/><\/a>Pasteur <strong>Philippe KABONGO-MBAYA<\/strong>, Docteur en Th\u00e9ologie, Sociologue, Pasteur de l\u2019\u00c9glise reform\u00e9e de France.<\/p>\n<p>Expert, il a \u00e9t\u00e9 charg\u00e9 de mission \u00e0 l&#8217;Alliance r\u00e9form\u00e9e mondiale pour les \u00c9glises de l&#8217;Afrique francophone en 1992 et il est le repr\u00e9sentant de l\u2019Alliance r\u00e9form\u00e9e mondiale pour la R\u00e9publique d\u00e9mocratique du Congo.<\/p>\n<p>Ouvrage co-\u00e9crit avec MARC LULLE: &#8221; Expulsion ou M\u00e9diation? Cachan, la force du dialogue ( Paris, l&#8217;Edition de l&#8217;Atelier, 2008. 152 pages )<\/p>\n<p><a href=\"http:\/\/www.ingeta.com\/wp-content\/uploads\/2012\/06\/Ciakudia.jpg\"><img loading=\"lazy\" decoding=\"async\" class=\"alignleft  wp-image-3413\" title=\"Ciakudia\" src=\"http:\/\/www.ingeta.com\/wp-content\/uploads\/2012\/06\/Ciakudia-290x290.jpg\" alt=\"\" width=\"147\" height=\"147\" \/><\/a>Professeur <strong>Julien CIAKUDIA<\/strong>, Panafricaniste et Lobbyste international, Th\u00e9ologien et Sociologue form\u00e9 \u00e0 l&#8217;Universit\u00e9 de Montr\u00e9al au CANADA.<\/p>\n<p>Leader Charismatique et Promoteur de la R\u00e9sistance Patriotique Congolaise Mondiale \u00e0 la De Gaule \u00e0 partir de Londres.<\/p>\n<p>Pr\u00e9sident National des Patriotes R\u00e9sistants pour la Lib\u00e9ration Totale du Congo (UPR) qui a l&#8217;ambition de devenir l&#8217;Union des Patriotes R\u00e9publicains de la RDC.<\/p>\n<p>&nbsp;<\/p>\n<p><strong><span style=\"text-decoration: underline;\">PAUSE COCKTAIL<\/span><\/strong><\/p>\n<p>De 19H30 \u00e0 20H00<\/p>\n<p>De 20H00 \u00e0 21H00 VEILL\u00c9E: LOUANGE-ACTION DE GR\u00c2CE-INTERCESSION POUR LE CONGO \u00e0 5 minutes du lieu de la Conf\u00e9rence<br \/>\nAU 102 BD. Arago 75014 PARIS \/ Station &#8220;RER B&#8221;: Denfert Rochereau<\/p>\n<p><span style=\"text-decoration: underline;\"><strong>CONTACT :<\/strong><\/span><br \/>\n<strong>Info &#8211; Contact: +33 (0)6 66 12 73 89 +33 (0)6 98 76 12 70<\/strong><br \/>\n<strong> E-mail: rdc.devoirdememoire@gmail.com<\/strong><\/p>\n<\/div>\n<div><\/div>\n<\/div>\n","protected":false},"excerpt":{"rendered":"<p>GRANDE JOURN\u00c9E DE R\u00c9FLEXION &amp; LEADERSHIP POUR B\u00c2TIR UN CONGO NOUVEAU Date : 30 JUIN 2012e Horaire : 17H00 A 21H00 Lieu : MAISON DES MINES , 270 Rue Saint-Jacques 75005 PARIS Station &#8220;RER B &#8221; Port -Royal ( Dans le quartier Latin ) Th\u00e9matique : 52 ANS APR\u00c8S L&#8217;IND\u00c9PENDANCE, OU SE TROUVE LE CONGO? [&hellip;]<\/p>\n","protected":false},"author":1,"featured_media":3411,"comment_status":"open","ping_status":"open","sticky":false,"template":"","format":"standard","meta":{"_acf_changed":false,"content-type":"","footnotes":""},"categories":[156,127],"tags":[],"class_list":["post-3406","post","type-post","status-publish","format-standard","has-post-thumbnail","hentry","category-france","category-rencontresdebats"],"acf":[],"_links":{"self":[{"href":"https:\/\/congolobilelo.com\/IN\/wp-json\/wp\/v2\/posts\/3406","targetHints":{"allow":["GET"]}}],"collection":[{"href":"https:\/\/congolobilelo.com\/IN\/wp-json\/wp\/v2\/posts"}],"about":[{"href":"https:\/\/congolobilelo.com\/IN\/wp-json\/wp\/v2\/types\/post"}],"author":[{"embeddable":true,"href":"https:\/\/congolobilelo.com\/IN\/wp-json\/wp\/v2\/users\/1"}],"replies":[{"embeddable":true,"href":"https:\/\/congolobilelo.com\/IN\/wp-json\/wp\/v2\/comments?post=3406"}],"version-history":[{"count":0,"href":"https:\/\/congolobilelo.com\/IN\/wp-json\/wp\/v2\/posts\/3406\/revisions"}],"wp:featuredmedia":[{"embeddable":true,"href":"https:\/\/congolobilelo.com\/IN\/wp-json\/"}],"wp:attachment":[{"href":"https:\/\/congolobilelo.com\/IN\/wp-json\/wp\/v2\/media?parent=3406"}],"wp:term":[{"taxonomy":"category","embeddable":true,"href":"https:\/\/congolobilelo.com\/IN\/wp-json\/wp\/v2\/categories?post=3406"},{"taxonomy":"post_tag","embeddable":true,"href":"https:\/\/congolobilelo.com\/IN\/wp-json\/wp\/v2\/tags?post=3406"}],"curies":[{"name":"wp","href":"https:\/\/api.w.org\/{rel}","templated":true}]}}