{"id":3247,"date":"2012-06-03T12:13:57","date_gmt":"2012-06-03T12:13:57","guid":{"rendered":"http:\/\/www.ingeta.com\/?p=3247"},"modified":"2012-06-03T12:13:57","modified_gmt":"2012-06-03T12:13:57","slug":"manifestation-de-lopposition-congolaise-au-siege-de-loif-a-paris","status":"publish","type":"post","link":"https:\/\/congolobilelo.com\/IN\/manifestation-de-lopposition-congolaise-au-siege-de-loif-a-paris\/","title":{"rendered":"Manifestation de l&#8217;opposition congolaise au si\u00e8ge de l&#8217;OIF \u00e0 Paris"},"content":{"rendered":"<p>\t\t\t\t<em>Source: <a href=\"http:\/\/www.rfi.fr\/afrique\/20120603-rdc-manifestation-opposition-congolaise-siege-oif-francophonie-paris\">RFI<\/a>. <\/em><\/p>\n<p><iframe loading=\"lazy\" src=\"http:\/\/www.youtube.com\/embed\/rcxffk1MX5M\" frameborder=\"0\" width=\"480\" height=\"360\"><\/iframe><\/p>\n<p>Une manifestation de l&#8217;opposition congolaise a eu lieu ce samedi 2 juin 2012 \u00e0 Paris, devant le si\u00e8ge de l&#8217;OIF, l&#8217;Organisation internationale de la Francophonie.<\/p>\n<p>Les manifestants d\u00e9non\u00e7aient l&#8217;organisation du 14e sommet de la Francophonie en octobre prochain \u00e0 Kinshasa, en RDC. Ils ont r\u00e9pondu \u00e0 l&#8217;appel de l&#8217;Apareco, l&#8217;Alliance des patriotes pour la refondation du Congo, un mouvement cr\u00e9\u00e9 en exil par Honor\u00e9 Ngbanda, ancien conseiller du r\u00e9gime de l&#8217;ex-pr\u00e9sident Mobutu. Candide Okeke, directrice de cabinet du pr\u00e9sident de l&#8217;Apareco, a \u00e9t\u00e9 re\u00e7ue avec une d\u00e9l\u00e9gation par le directeur de cabinet d&#8217;Abdou Diouf, le secr\u00e9taire g\u00e9n\u00e9ral de l&#8217;OIF. <a href=\"http:\/\/www.rfi.fr\/afrique\/20120603-rdc-manifestation-opposition-congolaise-siege-oif-francophonie-paris\">Elle relate cette rencontre<\/a>.<\/p>\n<link href=\"http:\/\/www.rfi.fr\/sites\/all\/themes\/aef_theme\/aef_theme.css\" media=\"all\" rel=\"stylesheet\" type=\"text\/css\" \/>\n<link href=\"http:\/\/www.rfi.fr\/sites\/rfi.fr\/modules\/maison\/rfi_ct_sound\/rfi_ct_sound.css\" media=\"all\" rel=\"stylesheet\" type=\"text\/css\" \/>\n<div class=\"rfi-ct-sound-teaser rfi-ct-sound-teaser-medium rfi-ct-sound-embed\">\n<div class=\"infos\">\n<div class=\"title\">\n      Candide Ok\u00e9k\u00e9, directrice de cabinet du pr\u00e9sident de l&#8217;Apareco    <\/div>\n<p>          <span class=\"time\">(01:05)<\/span><\/p>\n<div class=\"image\">\n        <img loading=\"lazy\" decoding=\"async\" width=\"24\" height=\"24\" title=\"\" alt=\"\" src=\"http:\/\/www.rfi.fr\/sites\/rfi.fr\/themes\/rfi\/images\/logo-rfi-redbg.png\">      <\/div>\n<div class=\"blaster\"> <\/div>\n<div class=\"blaster\"> <\/div><\/div>\n<div class=\"date-by-and-player\">\n<div class=\"embed-player\">\n      <object classid=\"clsid:D27CDB6E-AE6D-11cf-96B8-444553540000\" width=\"300\" height=\"20\"><param name=\"flashvars\" value=\"file=http:\/\/telechargement.rfi.fr.edgesuite.net\/rfi\/francais\/audio\/modules\/actu\/201206\/RDC_son_Manifestante_OIF_audience_avec_dircab.mp3&#038;skin=http:\/\/www.rfi.fr\/sites\/rfi.fr\/modules\/maison\/rfi_player\/flash\/rfiplayer.swf&#038;streamsense_jwp.debug=off&#038;streamsense_jwp.logurl=http:\/\/fr.sitestat.com\/aef\/rfi-fr\/s?embed&#038;streamsense_jwp.playlisttitle=&#038;streamsense_jwp.episodetitle=&#038;streamsense_jwp.dateproduction=1970-01-01&#038;plugins=http:\/\/www.rfi.fr\/sites\/rfi.fr\/custom-root\/streamsense_v4.0_jwp_plugin\/plugin\/streamsense_jwp-v1.swf\" \/><param name=\"movie\" value=\"\/sites\/all\/modules\/maison\/aef_player\/flash\/player.swf\" \/><param name=\"allowscriptaccess\" value=\"always\" \/><embed src=\"\/sites\/all\/modules\/maison\/aef_player\/flash\/player.swf\" width=\"300\" height=\"20\" type=\"application\/x-shockwave-flash\" pluginspage=\"http:\/\/www.macromedia.com\/go\/getflashplayer\" allowscriptaccess=\"always\"flashvars=\"file=http:\/\/telechargement.rfi.fr.edgesuite.net\/rfi\/francais\/audio\/modules\/actu\/201206\/RDC_son_Manifestante_OIF_audience_avec_dircab.mp3&#038;skin=http:\/\/www.rfi.fr\/sites\/rfi.fr\/modules\/maison\/rfi_player\/flash\/rfiplayer.swf&#038;streamsense_jwp.debug=off&#038;streamsense_jwp.logurl=http:\/\/fr.sitestat.com\/aef\/rfi-fr\/s?embed&#038;streamsense_jwp.playlisttitle=&#038;streamsense_jwp.episodetitle=&#038;streamsense_jwp.dateproduction=1970-01-01&#038;plugins=http:\/\/www.rfi.fr\/sites\/rfi.fr\/custom-root\/streamsense_v4.0_jwp_plugin\/plugin\/streamsense_jwp-v1.swf\" \/><\/object>    <\/div><\/div>\n<\/div>\n<p>Joe Mbeka dit non \u00e0 la francophonie:<br \/>\n<iframe loading=\"lazy\" width=\"560\" height=\"315\" src=\"http:\/\/www.youtube.com\/embed\/y9kA_lTI4wI\" frameborder=\"0\" allowfullscreen><\/iframe>\t\t<\/p>\n","protected":false},"excerpt":{"rendered":"<p>Source: RFI. Une manifestation de l&#8217;opposition congolaise a eu lieu ce samedi 2 juin 2012 \u00e0 Paris, devant le si\u00e8ge de l&#8217;OIF, l&#8217;Organisation internationale de la Francophonie. Les manifestants d\u00e9non\u00e7aient l&#8217;organisation du 14e sommet de la Francophonie en octobre prochain \u00e0 Kinshasa, en RDC. Ils ont r\u00e9pondu \u00e0 l&#8217;appel de l&#8217;Apareco, l&#8217;Alliance des patriotes pour [&hellip;]<\/p>\n","protected":false},"author":1,"featured_media":3248,"comment_status":"open","ping_status":"open","sticky":false,"template":"","format":"standard","meta":{"_acf_changed":false,"content-type":"","footnotes":""},"categories":[142,122,124],"tags":[],"class_list":["post-3247","post","type-post","status-publish","format-standard","has-post-thumbnail","hentry","category-ce-que-disent-les-medias","category-news-alertes","category-politique-societe"],"acf":[],"_links":{"self":[{"href":"https:\/\/congolobilelo.com\/IN\/wp-json\/wp\/v2\/posts\/3247","targetHints":{"allow":["GET"]}}],"collection":[{"href":"https:\/\/congolobilelo.com\/IN\/wp-json\/wp\/v2\/posts"}],"about":[{"href":"https:\/\/congolobilelo.com\/IN\/wp-json\/wp\/v2\/types\/post"}],"author":[{"embeddable":true,"href":"https:\/\/congolobilelo.com\/IN\/wp-json\/wp\/v2\/users\/1"}],"replies":[{"embeddable":true,"href":"https:\/\/congolobilelo.com\/IN\/wp-json\/wp\/v2\/comments?post=3247"}],"version-history":[{"count":0,"href":"https:\/\/congolobilelo.com\/IN\/wp-json\/wp\/v2\/posts\/3247\/revisions"}],"wp:featuredmedia":[{"embeddable":true,"href":"https:\/\/congolobilelo.com\/IN\/wp-json\/"}],"wp:attachment":[{"href":"https:\/\/congolobilelo.com\/IN\/wp-json\/wp\/v2\/media?parent=3247"}],"wp:term":[{"taxonomy":"category","embeddable":true,"href":"https:\/\/congolobilelo.com\/IN\/wp-json\/wp\/v2\/categories?post=3247"},{"taxonomy":"post_tag","embeddable":true,"href":"https:\/\/congolobilelo.com\/IN\/wp-json\/wp\/v2\/tags?post=3247"}],"curies":[{"name":"wp","href":"https:\/\/api.w.org\/{rel}","templated":true}]}}