{"id":3243,"date":"2012-06-02T17:56:01","date_gmt":"2012-06-02T17:56:01","guid":{"rendered":"http:\/\/www.ingeta.com\/?p=3243"},"modified":"2012-06-02T17:56:01","modified_gmt":"2012-06-02T17:56:01","slug":"kinshasa-une-marche-de-soutien-aux-fardc-et-a-la-population-de-lest-a-ete-dispersee","status":"publish","type":"post","link":"https:\/\/congolobilelo.com\/IN\/kinshasa-une-marche-de-soutien-aux-fardc-et-a-la-population-de-lest-a-ete-dispersee\/","title":{"rendered":"Kinshasa : Marche de soutien aux FARDC et \u00e0 la population de l\u2019Est dispers\u00e9e"},"content":{"rendered":"<p>\t\t\t\tSource: <a href=\"http:\/\/radiookapi.net\/actualite\/2012\/06\/02\/kinshasa-une-marche-de-soutien-aux-fardc-la-population-de-ete-dispersee\/\">Radio Okapi<\/a>.<\/p>\n<p><em><strong>Une marche de soutien \u00e0 l\u2019arm\u00e9e et \u00e0 la population de l\u2019Est de la RDC a \u00e9t\u00e9 dispers\u00e9e par la police samedi 2 juin \u00e0 Kinshasa. La marche d\u00e9nomm\u00e9e \u00ab debout congolais \u00bb et initi\u00e9e par le d\u00e9put\u00e9 national, membre de l\u2019opposition, Cl\u00e9ment Kanku, visait \u00e0 \u00ab dire non \u00e0 la guerre et \u00e0 la balkanisation de la RDC \u00bb.<\/strong><\/em><\/p>\n<p>Elle devait partir du rond-point des huileries, dans la commune de Lingwala, vers le boulevard triomphal. Le d\u00e9put\u00e9 Cl\u00e9ment Kanku y avait pr\u00e9vu un rassemblement avec la population. C\u2019est sur le lieu de d\u00e9part de la marche que les participants ont \u00e9t\u00e9 inform\u00e9s par la police de l\u2019interdiction de cette manifestation par l\u2019h\u00f4tel de ville.<\/p>\n<p>Venus de diverses directions, ils n\u2019ont m\u00eame pas pu se r\u00e9unir pour amorcer la marche. Les policiers \u00e9taientt d\u00e9j\u00e0 d\u00e9ploy\u00e9s au rond-point huileries, dont certains patrouillant \u00e0 bord de jeeps. Ceux des manifestants qui ont tent\u00e9 d\u2019atteindre ce rond-point ont gentiment \u00e9t\u00e9 renvoy\u00e9s.<\/p>\n<p>Ils se sont dit \u00e9tonn\u00e9s de l\u2019interdiction d\u2019une marche destin\u00e9e \u00e0 soutenir les FARDC et la population de l\u2019Est du pays, expos\u00e9es aux exactions des diff\u00e9rents groupes arm\u00e9s. L\u2019organisateur de la marche, le d\u00e9put\u00e9 national Cl\u00e9ment Kanku, a tent\u00e9 des d\u00e9marches aupr\u00e8s du ministre de l\u2019Int\u00e9rieur sans obtenir gain de cause.<\/p>\n<p>&nbsp;<\/p>\n<p>&nbsp;\t\t<\/p>\n","protected":false},"excerpt":{"rendered":"<p>Source: Radio Okapi. Une marche de soutien \u00e0 l\u2019arm\u00e9e et \u00e0 la population de l\u2019Est de la RDC a \u00e9t\u00e9 dispers\u00e9e par la police samedi 2 juin \u00e0 Kinshasa. La marche d\u00e9nomm\u00e9e \u00ab debout congolais \u00bb et initi\u00e9e par le d\u00e9put\u00e9 national, membre de l\u2019opposition, Cl\u00e9ment Kanku, visait \u00e0 \u00ab dire non \u00e0 la guerre [&hellip;]<\/p>\n","protected":false},"author":1,"featured_media":3244,"comment_status":"open","ping_status":"open","sticky":false,"template":"","format":"standard","meta":{"_acf_changed":false,"content-type":"","footnotes":""},"categories":[122,124],"tags":[],"class_list":["post-3243","post","type-post","status-publish","format-standard","has-post-thumbnail","hentry","category-news-alertes","category-politique-societe"],"acf":[],"_links":{"self":[{"href":"https:\/\/congolobilelo.com\/IN\/wp-json\/wp\/v2\/posts\/3243","targetHints":{"allow":["GET"]}}],"collection":[{"href":"https:\/\/congolobilelo.com\/IN\/wp-json\/wp\/v2\/posts"}],"about":[{"href":"https:\/\/congolobilelo.com\/IN\/wp-json\/wp\/v2\/types\/post"}],"author":[{"embeddable":true,"href":"https:\/\/congolobilelo.com\/IN\/wp-json\/wp\/v2\/users\/1"}],"replies":[{"embeddable":true,"href":"https:\/\/congolobilelo.com\/IN\/wp-json\/wp\/v2\/comments?post=3243"}],"version-history":[{"count":0,"href":"https:\/\/congolobilelo.com\/IN\/wp-json\/wp\/v2\/posts\/3243\/revisions"}],"wp:featuredmedia":[{"embeddable":true,"href":"https:\/\/congolobilelo.com\/IN\/wp-json\/"}],"wp:attachment":[{"href":"https:\/\/congolobilelo.com\/IN\/wp-json\/wp\/v2\/media?parent=3243"}],"wp:term":[{"taxonomy":"category","embeddable":true,"href":"https:\/\/congolobilelo.com\/IN\/wp-json\/wp\/v2\/categories?post=3243"},{"taxonomy":"post_tag","embeddable":true,"href":"https:\/\/congolobilelo.com\/IN\/wp-json\/wp\/v2\/tags?post=3243"}],"curies":[{"name":"wp","href":"https:\/\/api.w.org\/{rel}","templated":true}]}}