{"id":3192,"date":"2012-05-27T11:03:22","date_gmt":"2012-05-27T11:03:22","guid":{"rendered":"http:\/\/www.ingeta.com\/?p=3192"},"modified":"2012-05-27T11:03:22","modified_gmt":"2012-05-27T11:03:22","slug":"journee-congolaise-a-lille-le-23-juin-2012","status":"publish","type":"post","link":"https:\/\/congolobilelo.com\/IN\/journee-congolaise-a-lille-le-23-juin-2012\/","title":{"rendered":"Journ\u00e9e congolaise \u00e0 Lille, le 23 juin 2012"},"content":{"rendered":"<p>\t\t\t\t&nbsp;<\/p>\n<p>La Communaut\u00e9 Congolaise du Nord de France, a le plaisir de vous convier \u00e0 la journ\u00e9e congolaise qui aura lieu :<\/p>\n<p>Le 23 juin 2012 \u00e0 partir de 10h00.<br \/>\nAu Cin\u00e9ma l&#8217;Univers<br \/>\n16 rue Georges Danton<br \/>\n59000 Lille (Moulins)<\/p>\n<p><strong>Orateurs : <\/strong><br \/>\nMonsieur Jean Pierre MBELU,(Groupe Epiphanie)<br \/>\nMonsieur Fweley DIANGITUKWA,( Pr\u00e9sident du CLD)<br \/>\nMonsieur Benjamen Stanis KALOMBO (Pr\u00e9sident de l&#8217;APRODEC)<br \/>\nMonsieur Kany KANYANGA<\/p>\n<p><strong>Th\u00e8me : <\/strong><br \/>\nRegards sur l&#8217;histoire du Congo (RDC)<br \/>\nSous-th\u00e8mes :<br \/>\n&#8211; 50 ans apr\u00e8s l&#8217;ind\u00e9pendance<br \/>\n&#8211; les fraudes \u00e9lectorales<br \/>\n&#8211; relations entre le Congo et l&#8217;Occident<br \/>\n&#8211; Et maintenant, que faire ?<\/p>\n<p><strong>Le programme : <\/strong><br \/>\nExpo photos de 10h00 \u00e0 20h00<br \/>\nA partir de 12h00 : restauration rapide et rafra\u00eechissement (avec participation aux frais)<br \/>\n15H\/16H : projection de film sur les causes de l&#8217;ins\u00e9curit\u00e9 \u00e0 l&#8217;est de la RDC<br \/>\n16H\/18H : conf\u00e9rence<br \/>\n18H\/19H : d\u00e9bat<br \/>\n19H\/20H : \u00e9changes<\/p>\n<p>Restauration rapide et rafra\u00eechissement. Tout au long de la journ\u00e9e, la restauration et le rafra\u00eechissement seront assur\u00e9s (avec une participation aux frais)<\/p>\n<p><strong>Nous contacter : <\/strong><br \/>\n06 50 26 40 42 \/ 06 51 13 60 26 \/ 06 23 70 55 62<\/p>\n<p><strong>Acc\u00e8s:<\/strong><br \/>\n<em>*En voiture<br \/>\nParl&#8217;A25,sortie2Faches-Thumesnil<br \/>\nPar la N356 sortie 2a Lille &#8211; Grand Palais<br \/>\nLa deuxi\u00e8me rue sur la gauche est la rue Georges Danton.<br \/>\n*En m\u00e9tro<br \/>\nM\u00e9tro Porte de Valenciennes, ligne 2<br \/>\nLonger le boulevard de Belfort,<br \/>\narriv\u00e9 au rond-point, prendre la rue de Valenciennes,<br \/>\nla deuxi\u00e8me rue sur la droite est la rue Georges Danton.<br \/>\n<\/em>\t\t<\/p>\n","protected":false},"excerpt":{"rendered":"<p>&nbsp; La Communaut\u00e9 Congolaise du Nord de France, a le plaisir de vous convier \u00e0 la journ\u00e9e congolaise qui aura lieu : Le 23 juin 2012 \u00e0 partir de 10h00. Au Cin\u00e9ma l&#8217;Univers 16 rue Georges Danton 59000 Lille (Moulins) Orateurs : Monsieur Jean Pierre MBELU,(Groupe Epiphanie) Monsieur Fweley DIANGITUKWA,( Pr\u00e9sident du CLD) Monsieur Benjamen [&hellip;]<\/p>\n","protected":false},"author":1,"featured_media":3193,"comment_status":"open","ping_status":"open","sticky":false,"template":"","format":"standard","meta":{"_acf_changed":false,"content-type":"","footnotes":""},"categories":[145,108,156,124,127],"tags":[],"class_list":["post-3192","post","type-post","status-publish","format-standard","has-post-thumbnail","hentry","category-conferences-salons","category-evenements","category-france","category-politique-societe","category-rencontresdebats"],"acf":[],"_links":{"self":[{"href":"https:\/\/congolobilelo.com\/IN\/wp-json\/wp\/v2\/posts\/3192","targetHints":{"allow":["GET"]}}],"collection":[{"href":"https:\/\/congolobilelo.com\/IN\/wp-json\/wp\/v2\/posts"}],"about":[{"href":"https:\/\/congolobilelo.com\/IN\/wp-json\/wp\/v2\/types\/post"}],"author":[{"embeddable":true,"href":"https:\/\/congolobilelo.com\/IN\/wp-json\/wp\/v2\/users\/1"}],"replies":[{"embeddable":true,"href":"https:\/\/congolobilelo.com\/IN\/wp-json\/wp\/v2\/comments?post=3192"}],"version-history":[{"count":0,"href":"https:\/\/congolobilelo.com\/IN\/wp-json\/wp\/v2\/posts\/3192\/revisions"}],"wp:featuredmedia":[{"embeddable":true,"href":"https:\/\/congolobilelo.com\/IN\/wp-json\/"}],"wp:attachment":[{"href":"https:\/\/congolobilelo.com\/IN\/wp-json\/wp\/v2\/media?parent=3192"}],"wp:term":[{"taxonomy":"category","embeddable":true,"href":"https:\/\/congolobilelo.com\/IN\/wp-json\/wp\/v2\/categories?post=3192"},{"taxonomy":"post_tag","embeddable":true,"href":"https:\/\/congolobilelo.com\/IN\/wp-json\/wp\/v2\/tags?post=3192"}],"curies":[{"name":"wp","href":"https:\/\/api.w.org\/{rel}","templated":true}]}}