{"id":3174,"date":"2012-05-24T03:03:16","date_gmt":"2012-05-24T03:03:16","guid":{"rendered":"http:\/\/www.ingeta.com\/?p=3174"},"modified":"2012-05-24T03:03:16","modified_gmt":"2012-05-24T03:03:16","slug":"apple-store-opera-paris-sit-in-contre-le-trafic-du-coltan-au-congo","status":"publish","type":"post","link":"https:\/\/congolobilelo.com\/IN\/apple-store-opera-paris-sit-in-contre-le-trafic-du-coltan-au-congo\/","title":{"rendered":"Apple Store, Paris : Sit-in contre le trafic du Coltan en RDC"},"content":{"rendered":"<div>\n<div>Ce mardi 23 Mai 2012 a eu lieu un nouveau sit-in devant le magasin <strong>APPLE<\/strong> Op\u00e9ra \u00e0 Paris.<\/div>\n<div>\u00c0 l&#8217;initiative du Collectif des Association Unie et Solidaires pour l&#8217;Afrique et sa Renaissance (A.S.U.A.R) , des militants panfricains se sont mobili\u00e9s en solidarit\u00e9 avec les activistes de la communaut\u00e9 congolaise de Paris, afin protester contre le trafic meurtrier du &#8220;<strong>COLTAN DU SANG<\/strong>&#8221; \u00e0 l&#8217;est de la R\u00e9publique D\u00e9mocratique du Congo.<\/div>\n<div><\/div>\n<div><\/div>\n<div>\u00a0<a href=\"http:\/\/www.youtube.com\/watch?v=g6-Yd-7L6es\">http:\/\/www.youtube.com\/watch?v=g6-Yd-7L6es<\/a><\/div>\n<div><\/div>\n<div>On constate ainsi que les actions r\u00e9p\u00e9t\u00e9es depuis des mois\u00a0 par les activistes de la diaspora congolaise de Paris, portent leurs fruits et b\u00e9n\u00e9ficient d&#8217;un\u00a0\u00e9cho au-del\u00e0 de la communaut\u00e9 Congolaise comme ce fut le cas avec le mouvement &#8220;<a href=\"http:\/\/www.ingeta.com\/le-coltan-du-congo-kinshasa-nouveau-combat-du-collectif-anonymous\/\"><em><strong>Anonymous<\/strong><\/em><\/a>&#8220;<\/div>\n<div><\/div>\n<div><\/div>\n<div><span style=\"text-decoration: underline;\">Flash back sur l&#8217;action r\u00e9alis\u00e9e en 2011 lors de la sortie du I-PAD 2 \u00e0 Paris<\/span><\/div>\n<div><\/div>\n<div><a href=\"http:\/\/www.youtube.com\/watch?v=O4eTNOA-ywI\">http:\/\/www.youtube.com\/watch?v=O4eTNOA-ywI<\/a><\/div>\n<\/div>\n<p>&nbsp;<\/p>\n<p>Note de la r\u00e9daction : D\u00e9couvrez \u00e9galement l&#8217;op\u00e9ration <a href=\"http:\/\/www.somba-zongisa.org\/\" target=\"_blank\" rel=\"noopener\">SOMBA ZONGISA<\/a>.<\/p>\n<p>&nbsp;\t\t<\/p>\n","protected":false},"excerpt":{"rendered":"<p>Ce mardi 23 Mai 2012 a eu lieu un nouveau sit-in devant le magasin APPLE Op\u00e9ra \u00e0 Paris. \u00c0 l&#8217;initiative du Collectif des Association Unie et Solidaires pour l&#8217;Afrique et sa Renaissance (A.S.U.A.R) , des militants panfricains se sont mobili\u00e9s en solidarit\u00e9 avec les activistes de la communaut\u00e9 congolaise de Paris, afin protester contre le [&hellip;]<\/p>\n","protected":false},"author":1,"featured_media":3176,"comment_status":"open","ping_status":"open","sticky":false,"template":"","format":"standard","meta":{"_acf_changed":false,"content-type":"","footnotes":""},"categories":[143,156,116,118,122],"tags":[],"class_list":["post-3174","post","type-post","status-publish","format-standard","has-post-thumbnail","hentry","category-comment-simpliquer","category-france","category-manifs","category-featured-manif","category-news-alertes"],"acf":[],"_links":{"self":[{"href":"https:\/\/congolobilelo.com\/IN\/wp-json\/wp\/v2\/posts\/3174","targetHints":{"allow":["GET"]}}],"collection":[{"href":"https:\/\/congolobilelo.com\/IN\/wp-json\/wp\/v2\/posts"}],"about":[{"href":"https:\/\/congolobilelo.com\/IN\/wp-json\/wp\/v2\/types\/post"}],"author":[{"embeddable":true,"href":"https:\/\/congolobilelo.com\/IN\/wp-json\/wp\/v2\/users\/1"}],"replies":[{"embeddable":true,"href":"https:\/\/congolobilelo.com\/IN\/wp-json\/wp\/v2\/comments?post=3174"}],"version-history":[{"count":0,"href":"https:\/\/congolobilelo.com\/IN\/wp-json\/wp\/v2\/posts\/3174\/revisions"}],"wp:featuredmedia":[{"embeddable":true,"href":"https:\/\/congolobilelo.com\/IN\/wp-json\/"}],"wp:attachment":[{"href":"https:\/\/congolobilelo.com\/IN\/wp-json\/wp\/v2\/media?parent=3174"}],"wp:term":[{"taxonomy":"category","embeddable":true,"href":"https:\/\/congolobilelo.com\/IN\/wp-json\/wp\/v2\/categories?post=3174"},{"taxonomy":"post_tag","embeddable":true,"href":"https:\/\/congolobilelo.com\/IN\/wp-json\/wp\/v2\/tags?post=3174"}],"curies":[{"name":"wp","href":"https:\/\/api.w.org\/{rel}","templated":true}]}}