{"id":3137,"date":"2012-05-18T05:37:55","date_gmt":"2012-05-18T05:37:55","guid":{"rendered":"http:\/\/www.ingeta.com\/?p=3137"},"modified":"2012-05-18T05:37:55","modified_gmt":"2012-05-18T05:37:55","slug":"internet-la-rdc-rate-sa-connexion-a-la-fibre-optique","status":"publish","type":"post","link":"https:\/\/congolobilelo.com\/IN\/internet-la-rdc-rate-sa-connexion-a-la-fibre-optique\/","title":{"rendered":"Internet: La RDC rate sa connexion \u00e0 la fibre optique"},"content":{"rendered":"<p>\t\t\t\t<em>Source: <a href=\"http:\/\/radiookapi.net\/actualite\/2012\/05\/16\/internet-projet-wacs-la-rdc-rate-sa-connexion-la-fibre-optique\/\">Radio Okapi<\/a>.<\/em><\/p>\n<p><em><strong>La R\u00e9publique d\u00e9mocratique du Congo vient de rater l\u2019occasion de se connecter \u00e0 la fibre optique. Sur quatorze pays \u00e0 connecter, seule la RDC ne l\u2019est pas encore alors que la R\u00e9publique du Congo et le Togo ont \u00e9t\u00e9 officiellement connect\u00e9s pour la premi\u00e8re fois, mardi 15 mai, \u00e0 l\u2019occasion du lancement du projet WACS (west africain submarin cable system). Ce projet du g\u00e9ant de t\u00e9l\u00e9com MTN vise \u00e0 connecter quatorze pays africains \u00e0 la fibre optique pour utiliser Internet \u00e0 haut d\u00e9bit.<\/strong><\/em><\/p>\n<p>Les c\u00e2bles de la fibre optique, d\u00e9ploy\u00e9s pour le projet WACS, longs de 14.600 km quittent Londres, longent les pays de l\u2019Afrique de l\u2019Ouest jusqu\u2019\u00e0 Cape Town (Afrique du Sud). Son co\u00fbt s\u2019\u00e9l\u00e8ve \u00e0 600 millions de dollars am\u00e9ricains.<\/p>\n<p>\u00ab La RDC n\u2019a pas \u00e9t\u00e9 connect\u00e9e parce que nous sommes un peu en retard par rapport \u00e0 la construction du point d\u2019atterrage qui doit \u00eatre connect\u00e9 \u00e0 la fibre optique. Dans les deux mois qui suivent, les travaux [de construction de cette station] seront finis. Cette fois, il y a trois vecteurs qui concordent : il y a la volont\u00e9 politique tr\u00e8s engag\u00e9e, la comp\u00e9tence de l\u2019ex\u00e9cutif de la SCPT et la volont\u00e9 de tous les employ\u00e9s de la SCPT [\u00e0 faire aboutir ce projet]\u00bb, a d\u00e9clar\u00e9 Placide Mbatika, administrateur directeur g\u00e9n\u00e9ral de la Soci\u00e9t\u00e9 congolaise de poste et t\u00e9l\u00e9communication (SCTP) qui a assist\u00e9 lundi au lancement du projet WACS en Afrique du Sud.<\/p>\n<p>La station d\u2019atterrage permet l\u2019exploitation effective de la fibre optique. \u00ab Fin ao\u00fbt, nous serons connect\u00e9s \u00bb, assure Placide Mbatika. A l\u2019en croire, le d\u00e9placement de la d\u00e9l\u00e9gation congolaise en Afrique du Sud s\u2019inscrivait davantage dans le cadre d\u2019une visite d\u2019information. Il a affirm\u00e9 :<\/p>\n<blockquote><p>\u00ab\u00a0Nous sommes all\u00e9s visiter le point d\u2019atterrage de l\u2019Afrique du Sud et nous sommes all\u00e9s rassurer nos partenaires sur l\u2019implication de la RD Congo dans le consortium WACS, leur dire que l\u2019Etat congolais a mis tous les moyens pour notre participation au projet WACS.\u00a0\u00bb<\/p><\/blockquote>\n<p><strong>Qui va g\u00e9rer les revenus de la fibre optique\u00a0?<\/strong><\/p>\n<p>La RD Congo demeure \u00e0 la queue des Nations connect\u00e9es \u00e0 la fibre optique alors que <a title=\"RDC: la fibre optique sous-marine atteint Moanda\" href=\"http:\/\/radiookapi.net\/economie\/2011\/02\/19\/rdc-la-fibre-optique-sous-marin-atteint-moanda\/\">le c\u00e2ble sous-marin qui relie le pays \u00e0 l\u2019Europe a \u00e9t\u00e9 pos\u00e9 \u00e0 Moanda<\/a>, ville c\u00f4ti\u00e8re de l\u2019Ouest, en f\u00e9vrier 2011. Depuis cette date, les querelles se sont succ\u00e9d\u00e9es entre syndicalistes et l\u2019ancien comit\u00e9 de gestion de la SCPT sur l\u2019entit\u00e9 qui devrait g\u00e9rer les revenus que g\u00e9n\u00e9rera l\u2019exploitation de cette technologie. En juin 2011, Alphonse Lukusa, le pr\u00e9sident d\u2019un syndicat de la SCPT affirmait \u00e0 Radio Okapi que les revenus attendus de l\u2019exploitation de la fibre optique \u00e9taient de l\u2019ordre de <a title=\"Gestion de la fibre optique: les syndicalistes de l\u2019ex-OCPT refusent une entreprise priv\u00e9e\" href=\"http:\/\/radiookapi.net\/actualite\/2011\/06\/22\/gestion-de-la-fibre-optique-les-syndicalistes-de-l%E2%80%99ex-ocpt-refusent-une-entreprise-privee-2\/\">30 \u00e0 40 millions de dollars am\u00e9ricains par mois<\/a>. Une affaire de gros sou.<\/p>\n<p>Les syndicalistes accusaient l\u2019ancienne ministre du Portefeuille, Jeanine Mabunda et celui des PTT, simon Bulupiy d\u2019user des man\u0153uvres visant \u00e0 retirer la gestion de la fibre optique \u00e0 la SCPT pour la confier \u00e0 une entreprise d\u00e9nomm\u00e9e Congo c\u00e2ble, fictive, selon les syndicalistes et cr\u00e9\u00e9e de toute pi\u00e8ce pour g\u00e9rer les fonds qui seront g\u00e9n\u00e9r\u00e9s par l\u2019exploitation de la fibre optique. Des craintes compr\u00e9hensibles, estimaient les observateurs, lorsqu\u2019on sait que<a title=\"Haut-d\u00e9bit : les Congolais vont bient\u00f4t go\u00fbt\u00e9 aux d\u00e9lices de la fibre optique\" href=\"http:\/\/www.laconscience.com\/Haut-debit-les-Congolais-vont-bientot-goute-aux-delices-de-la-fibre-optique.html\" target=\"_blank\" rel=\"noopener\"> les employ\u00e9s de la SCPT comptent pr\u00e8s de cent mois de non paiement de salaires<\/a>. Et attendent beaucoup de l\u2019exploitation de la fibre optique.<\/p>\n<p><strong>Taux de p\u00e9n\u00e9tration Internet<\/strong><\/p>\n<p>La fibre optique s\u2019av\u00e8re utile en RD Congo, un pays grand comme quatre fois la France, mais qui a l\u2019un des taux de p\u00e9n\u00e9tration d\u2019Internet le plus faible au monde. L\u2019Afrique elle-m\u00eame ayant un taux de p\u00e9n\u00e9tration de 23%. Les chiffres r\u00e9cents sur le taux r\u00e9el de p\u00e9n\u00e9tration d\u2019Internet en RDC sont difficilement trouvables. Mais \u00ab\u00a0quinze fournisseurs d\u2019acc\u00e8s Internet \u00e9taient reconnus en 2005, avec un nombre d\u2019internautes estim\u00e9 \u00e0 140 625, celui des abonn\u00e9s \u00e0 Internet WLAN \u00e0 24 000 et celui des abonn\u00e9s \u00e0 Internet \u00e0 large bande \u00e0 1 500 la m\u00eame ann\u00e9e\u00a0\u00bb pour une population estim\u00e9e \u00e0 60 millions d\u2019habitants, indique <a title=\"Lire en page 35 de cette \u00e9tude de 156 pages (PDF)\" href=\"http:\/\/web.idrc.ca\/uploads\/user-S\/12095032471FINAL-RDC-TIC.pdf\" target=\"_blank\" rel=\"noopener\">une \u00e9tude r\u00e9alis\u00e9e en 2007 par le centre canadien de recherche pour le d\u00e9veloppement international (CRDI)<\/a> pour le compte de l\u2019Office congolais de poste et t\u00e9l\u00e9communication (OCPT), l\u2019actuelle SCPT.<\/p>\n<p>Dans les grandes villes du pays, les Congolais acc\u00e8dent \u00e0 Internet dans les cybercaf\u00e9s essentiellement pour lire et envoyer des courriers \u00e9lectroniques. Et de plus en plus des jeunes gens fr\u00e9quentent les cybercaf\u00e9s pour utiliser les r\u00e9seaux sociaux, le d\u00e9bit tr\u00e8s faible ne permettant g\u00e9n\u00e9ralement pas la lecture des vid\u00e9os ou les t\u00e9l\u00e9chargements de certains fichiers lourds dont le PDF. En RD Congo, l\u2019Internet reste encore un bien \u00e9litiste. Mais si le pays n\u2019est pas connect\u00e9 \u00e0 la fin ao\u00fbt, il y a une \u00e9lite qui risque d\u2019\u00eatre p\u00e9nalis\u00e9e. C\u2019est celle qui se r\u00e9unira du 12 au 14 octobre prochains \u00e0 Kinshasa dans le cadre du XIV\u00e8 sommet de la francophonie. Une rencontre qui n\u00e9cessitera, on s\u2019en doute bien, de l\u2019Internet \u00e0 haut d\u00e9bit.\t\t<\/p>\n","protected":false},"excerpt":{"rendered":"<p>Source: Radio Okapi. La R\u00e9publique d\u00e9mocratique du Congo vient de rater l\u2019occasion de se connecter \u00e0 la fibre optique. Sur quatorze pays \u00e0 connecter, seule la RDC ne l\u2019est pas encore alors que la R\u00e9publique du Congo et le Togo ont \u00e9t\u00e9 officiellement connect\u00e9s pour la premi\u00e8re fois, mardi 15 mai, \u00e0 l\u2019occasion du lancement [&hellip;]<\/p>\n","protected":false},"author":1,"featured_media":3138,"comment_status":"open","ping_status":"open","sticky":false,"template":"","format":"standard","meta":{"_acf_changed":false,"content-type":"","footnotes":""},"categories":[119,120,122],"tags":[],"class_list":["post-3137","post","type-post","status-publish","format-standard","has-post-thumbnail","hentry","category-medias","category-mondialisation","category-news-alertes"],"acf":[],"_links":{"self":[{"href":"https:\/\/congolobilelo.com\/IN\/wp-json\/wp\/v2\/posts\/3137","targetHints":{"allow":["GET"]}}],"collection":[{"href":"https:\/\/congolobilelo.com\/IN\/wp-json\/wp\/v2\/posts"}],"about":[{"href":"https:\/\/congolobilelo.com\/IN\/wp-json\/wp\/v2\/types\/post"}],"author":[{"embeddable":true,"href":"https:\/\/congolobilelo.com\/IN\/wp-json\/wp\/v2\/users\/1"}],"replies":[{"embeddable":true,"href":"https:\/\/congolobilelo.com\/IN\/wp-json\/wp\/v2\/comments?post=3137"}],"version-history":[{"count":0,"href":"https:\/\/congolobilelo.com\/IN\/wp-json\/wp\/v2\/posts\/3137\/revisions"}],"wp:featuredmedia":[{"embeddable":true,"href":"https:\/\/congolobilelo.com\/IN\/wp-json\/"}],"wp:attachment":[{"href":"https:\/\/congolobilelo.com\/IN\/wp-json\/wp\/v2\/media?parent=3137"}],"wp:term":[{"taxonomy":"category","embeddable":true,"href":"https:\/\/congolobilelo.com\/IN\/wp-json\/wp\/v2\/categories?post=3137"},{"taxonomy":"post_tag","embeddable":true,"href":"https:\/\/congolobilelo.com\/IN\/wp-json\/wp\/v2\/tags?post=3137"}],"curies":[{"name":"wp","href":"https:\/\/api.w.org\/{rel}","templated":true}]}}