{"id":3134,"date":"2012-05-17T19:37:16","date_gmt":"2012-05-17T19:37:16","guid":{"rendered":"http:\/\/www.ingeta.com\/?p=3134"},"modified":"2012-05-17T19:37:16","modified_gmt":"2012-05-17T19:37:16","slug":"colloque-rdc-enjeux-daujourdhui-et-defis-davenir-a-washington-usa-le-7-juillet-2012","status":"publish","type":"post","link":"https:\/\/congolobilelo.com\/IN\/colloque-rdc-enjeux-daujourdhui-et-defis-davenir-a-washington-usa-le-7-juillet-2012\/","title":{"rendered":"Colloque \u201cRDC : Enjeux d\u2019aujourd\u2019hui et d\u00e9fis d\u2019avenir\u201d \u00e0 Washington, USA, le 7 juillet 2012"},"content":{"rendered":"<p>\t\t\t\t&nbsp;<\/p>\n<p><strong>Date:<\/strong><br \/>\nle 7 juillet 2012.<\/p>\n<p><strong>Lieu:<\/strong><br \/>\nAmerican University Washington, DC. 4400 Massachusetts Avenue, NW,Washington, DC 20016 USA.<\/p>\n<p><strong>Argumentaire<\/strong>:<br \/>\nAujourd\u2019hui, vingt ans apr\u00e8s la d\u00e9compression du r\u00e9gime de la deuxi\u00e8me r\u00e9publique, la R.D.Congo patauge dans ses efforts pour instaurer un ordre politique qui soit d\u00e9mocratique et respectueux des droits civiques et politiques.\u00a0 La chute du r\u00e9gime Mobutu, l\u2019instauration de la Troisi\u00e8me R\u00e9publique par Laurent D\u00e9sir\u00e9 Kabila et la marche\u00a0 du r\u00e9gime de Joseph Kabila Kabange sont \u00e9maill\u00e9s des \u00e9v\u00e8nements qui ont r\u00e9duit le Congo Kinshasa au rang d\u2019\u00e9l\u00e9phant mou si non de la ris\u00e9e des autres pays d\u2019Afrique et du monde.<br \/>\nGuerre d\u2019agression, bandes arm\u00e9es, pillages, exploitation \u00e9hont\u00e9e des richesses, institutions en mal de fonctionnement, \u00e9lites politiques avides et cupides \u00e0 la recherche de positionnement, \u00e9lections mal pr\u00e9par\u00e9es et truqu\u00e9es, crise post \u00e9lectorales, d\u00e9tournements et gabegie des fonds publics, etc\u00a0 sont autant des faits qu\u2019endurent la population congolaise. Puisque l\u2019impression g\u00e9n\u00e9rale est que rien ne marche, il est imp\u00e9rieux de jeter un regard sur la marche de ce pays pour analyser, comprendre et expliquer ce qui bloque ce pays, alors qu\u2019il est appel\u00e9 \u00e0 prendre sa place dans le concert des nations d\u00e9mocratiques.<\/p>\n<p>Les d\u00e9fis \u00e0 relever \u00e9tant immenses, la r\u00e9flexion peut \u00eatre orient\u00e9e vers les th\u00e9matiques ci-apr\u00e8s, sans que l\u2019on consid\u00e8re qu\u2019elles sont les seules : gouvernance d\u00e9mocratique, gestion saine et responsable, imputabilit\u00e9 des mandataires de services publics et politiques. La compr\u00e9hension des jeux et des interactions des forces internes et externes dans les dynamiques en cours au Congo, ainsi que les strat\u00e9gies des uns et des autres sur l\u2019\u00e9chiquier mondial et r\u00e9gional en relation avec la RDC et son devenir.<\/p>\n<p><strong>1. Les objectifs<\/strong><br \/>\nLes organisateurs du colloque sont membres de la diaspora congolaise (am\u00e9ricains et canadiens) en Am\u00e9rique du Nord, estiment qu\u2019il est plus que temps de combler le d\u00e9ficit de compr\u00e9hension de la dynamique de leur pays d\u2019origine.\u00a0 Ils veulent r\u00e9fl\u00e9chir sur l\u2019actualit\u00e9 et le devenir du Congo, et ainsi contribuer \u00e0 la construction d\u2019une vision partag\u00e9e du devenir de la Nation qui donne aux populations l\u2019espoir de vivre, la force d\u2019y croire encore, l\u2019assurance des dividendes de paix et de progr\u00e8s, l\u2019acceptation des sacrifices que cela peut demander, et enfin l\u2019engagement dans la construction d\u2019une nation congolaise capable de rayonner sur l\u2019\u00e9chiquier africain et mondial.<\/p>\n<p>De ce fait les objectifs du Colloque sont les suivants :<br \/>\nA.\u00a0\u00a0 \u00a0Comprendre les dynamiques en cours en RDC et explorer les voies de rel\u00e8vement.<br \/>\nB.\u00a0\u00a0 \u00a0Contribuer \u00e0 la construction\/d\u00e9finition d\u2019une vision partag\u00e9e du devenir de la Nation congolaise, en proposant des strat\u00e9gies r\u00e9alistes et viables de sortie de crise<br \/>\nC.\u00a0\u00a0 \u00a0informer et sensibiliser l\u2019opinion publique nationale et internationale sur la situation en RDC.<\/p>\n<p><strong>2.\u00a0\u00a0 \u00a0Les r\u00e9sultats attendus<\/strong><br \/>\nA.\u00a0\u00a0 \u00a0Participation concr\u00e8te de la diaspora congolaise \u00e0 la r\u00e9solution de la crise actuelle et une vision partag\u00e9e sur le devenir du Congo.<br \/>\nB.\u00a0\u00a0 \u00a0Opinion publique inform\u00e9e sur la situation du Congo et les vues des congolais sur le devenir de leur pays.<br \/>\nC.\u00a0\u00a0 \u00a0Sensibilisation des partenaires et ami(e)s du Congo.<\/p>\n<p><strong>3.\u00a0\u00a0 \u00a0La structuration th\u00e9matique<\/strong><br \/>\nOutre une discussion d\u2019ensemble sur les dynamiques en cours en RDC qui sera introduite par un document de base sur le Colloque, les travaux se d\u00e9rouleront en quatre ateliers ou commissions qui sont :<br \/>\nA.\u00a0\u00a0 \u00a0Dynamique et projet politiques.<br \/>\nB.\u00a0\u00a0 \u00a0Ressources naturelles : mal\u00e9diction ou b\u00e9n\u00e9diction?<br \/>\nC.\u00a0\u00a0 \u00a0D\u00e9veloppement et dynamique socioculturels : harmonie et coh\u00e9sion sociales, progr\u00e8s\u00a0\u00a0\u00a0 et dividendes socioculturels pour le peuple.<br \/>\nD.\u00a0\u00a0 \u00a0Sciences et technologies au service d\u2019un d\u00e9veloppement endog\u00e8ne.<\/p>\n<p><strong>4.\u00a0\u00a0 \u00a0Participants<\/strong><br \/>\nLes participants attendus \u00e0 cette rencontre de r\u00e9flexion englobent les acteurs des cat\u00e9gories suivantes :<br \/>\nA.\u00a0\u00a0 \u00a0La Diaspora congolaise.<br \/>\nB.\u00a0\u00a0 \u00a0Les forces politiques et socio-\u00e9conomiques repr\u00e9sentatives au Congo.<br \/>\nC.\u00a0\u00a0 \u00a0Les partenaires au d\u00e9veloppement du Congo, y compris les acteurs politiques et des milieux d\u2019affaires\u2026<br \/>\nD.\u00a0\u00a0 \u00a0L\u2019opinion publique\u00a0 internationale.<\/p>\n<p><strong>Contacts:<\/strong><br \/>\nT\u00e9l.: +1.613.796.53.73 et Email: congo.7.2012@gmail.com<\/p>\n<p>&nbsp;<\/p>\n<p><em>La participation et la contribution \u00e0 ce grand forum est un acte patriotique. Faute de disponibilit\u00e9 financi\u00e8re appropri\u00e9e, les frais de voyage et de s\u00e9jour sont-ils enti\u00e8rement \u00e0 la charge de chaque participant. En outre, les frais d&#8217;inscription au Congres s\u2019\u00e9l\u00e8vent \u00e0 quinze dollars ($ 15,00) et la participation \u00e0 la soir\u00e9e culturelle (en attente de confirmation)\u00a0vingt dollars ($ 20,00)\u00a0; ces montants payables \u00e0 l&#8217;ouverture des assises. Quant au logement, la\u00a0page web ci-dessous reprend les adresses des h\u00f4tels se trouvant dans la proximit\u00e9 de American University\u00a0 <a href=\"http:\/\/www.tripadvisor.com\/\" target=\"_blank\" rel=\"noopener\">www.tripadvisor.com<\/a>. La pre-reservation peut s\u2019y faire directement<\/em>\t\t<\/p>\n","protected":false},"excerpt":{"rendered":"<p>&nbsp; Date: le 7 juillet 2012. Lieu: American University Washington, DC. 4400 Massachusetts Avenue, NW,Washington, DC 20016 USA. Argumentaire: Aujourd\u2019hui, vingt ans apr\u00e8s la d\u00e9compression du r\u00e9gime de la deuxi\u00e8me r\u00e9publique, la R.D.Congo patauge dans ses efforts pour instaurer un ordre politique qui soit d\u00e9mocratique et respectueux des droits civiques et politiques.\u00a0 La chute du [&hellip;]<\/p>\n","protected":false},"author":1,"featured_media":3135,"comment_status":"open","ping_status":"open","sticky":false,"template":"","format":"standard","meta":{"_acf_changed":false,"content-type":"","footnotes":""},"categories":[145,108,124,165],"tags":[],"class_list":["post-3134","post","type-post","status-publish","format-standard","has-post-thumbnail","hentry","category-conferences-salons","category-evenements","category-politique-societe","category-usa"],"acf":[],"_links":{"self":[{"href":"https:\/\/congolobilelo.com\/IN\/wp-json\/wp\/v2\/posts\/3134","targetHints":{"allow":["GET"]}}],"collection":[{"href":"https:\/\/congolobilelo.com\/IN\/wp-json\/wp\/v2\/posts"}],"about":[{"href":"https:\/\/congolobilelo.com\/IN\/wp-json\/wp\/v2\/types\/post"}],"author":[{"embeddable":true,"href":"https:\/\/congolobilelo.com\/IN\/wp-json\/wp\/v2\/users\/1"}],"replies":[{"embeddable":true,"href":"https:\/\/congolobilelo.com\/IN\/wp-json\/wp\/v2\/comments?post=3134"}],"version-history":[{"count":0,"href":"https:\/\/congolobilelo.com\/IN\/wp-json\/wp\/v2\/posts\/3134\/revisions"}],"wp:featuredmedia":[{"embeddable":true,"href":"https:\/\/congolobilelo.com\/IN\/wp-json\/"}],"wp:attachment":[{"href":"https:\/\/congolobilelo.com\/IN\/wp-json\/wp\/v2\/media?parent=3134"}],"wp:term":[{"taxonomy":"category","embeddable":true,"href":"https:\/\/congolobilelo.com\/IN\/wp-json\/wp\/v2\/categories?post=3134"},{"taxonomy":"post_tag","embeddable":true,"href":"https:\/\/congolobilelo.com\/IN\/wp-json\/wp\/v2\/tags?post=3134"}],"curies":[{"name":"wp","href":"https:\/\/api.w.org\/{rel}","templated":true}]}}