{"id":3082,"date":"2012-05-11T09:20:02","date_gmt":"2012-05-11T09:20:02","guid":{"rendered":"http:\/\/www.ingeta.com\/?p=3082"},"modified":"2012-05-11T09:20:02","modified_gmt":"2012-05-11T09:20:02","slug":"belgique-conference-conjonctures-congolaises-le-8-juin-2012-a-bruxelles","status":"publish","type":"post","link":"https:\/\/congolobilelo.com\/IN\/belgique-conference-conjonctures-congolaises-le-8-juin-2012-a-bruxelles\/","title":{"rendered":"Belgique: Conf\u00e9rence &#8220;Conjonctures Congolaises&#8221;, le 8 juin 2012 \u00e0 Bruxelles"},"content":{"rendered":"<p>\t\t\t\t<strong>Date:<\/strong><br \/>\n8 juin 2012<\/p>\n<p><strong>Heure:<\/strong><br \/>\n9h30 \u2013 13h30<\/p>\n<p><strong>Lieu:<\/strong><br \/>\nSalle de congr\u00e8s, Maison des Parlementaires, Rue de Louvain 21, 1000 Bruxelles.<\/p>\n<p><strong>Programme:<\/strong><br \/>\n9h30: Accueil et inscription des participants<br \/>\n10h00: Introduction par Mr Herman De Croo, Ministre d\u2019Etat, D\u00e9put\u00e9, Pr\u00e9sident du CRE-AC<br \/>\n10h10 : Panel 1: \u201cQuel avenir apr\u00e8s les \u00e9lections? \u00bb<br \/>\nIntervenants : Jean Omasombo (\u00e9d.), Paule Bouvier, Gauthier de Villers<br \/>\n11u10 : Questions et r\u00e9ponses : mod\u00e9rateur Mr Herman De Croo<br \/>\n11u25 : Panel 2: \u201cRichesse de la nation\u2026 et pauvret\u00e9 \u00bb<br \/>\nIntervenants : Stefaan Marysse (\u00e9d.), Claudine Tshimanga, Fran\u00e7ois Misser, Thierry De Putter<br \/>\n12h15 : Questions et r\u00e9ponses : mod\u00e9rateur Mr Herman De Croo<br \/>\n12h30 : Allocution de cl\u00f4ture<br \/>\n12h45 : R\u00e9ception et sandwiches jusqu\u2019\u00e0 13h30<\/p>\n<p><strong>Message de l&#8217;organisateur:<\/strong><br \/>\n<a href=\"http:\/\/www.eca-creac.eu\">E-CA-CRE-AC<\/a> a l\u2019honneur de vous inviter \u00e0 la pr\u00e9sentation de \u00ab Conjonctures Congolaises \u00bb qui pr\u00e9sente une analyse de l&#8217;\u00e9volution r\u00e9cente en RDC, le 8 juin 2012 dans la salle de Congr\u00e8s, la Maison des Parlementaires, Rue de Louvain 21 , 1000 Bruxelles.<\/p>\n<p>Merci de bien vouloir me confirmer votre pr\u00e9sence avant le 4 juin 2012 \u00e0 l\u2019adresse suivante : lieve.nevens@eca-creac.eu.<\/p>\n<p>Selon les consignes de s\u00e9curit\u00e9 du Parlement, l\u2019acc\u00e8s est r\u00e9serv\u00e9 uniquement aux personnes qui se sont inscrites \u00e0 l\u2019avance. Vous recevrez un mail de confirmation le 5 juin avec le plan d\u2019acc\u00e8s.<\/p>\n<p><strong>Contact:<\/strong><br \/>\nStefaan Marysse<br \/>\nDirecteur E-CA &#8211; CRE-AC<br \/>\nT +32 (0) 2 769 58 48<br \/>\nF +32 (0) 2 769 58 20<br \/>\nW <a href=\"http:\/\/www.eca-creac.eu\">www.eca-creac.eu<\/a>\t\t<\/p>\n","protected":false},"excerpt":{"rendered":"<p>Date: 8 juin 2012 Heure: 9h30 \u2013 13h30 Lieu: Salle de congr\u00e8s, Maison des Parlementaires, Rue de Louvain 21, 1000 Bruxelles. Programme: 9h30: Accueil et inscription des participants 10h00: Introduction par Mr Herman De Croo, Ministre d\u2019Etat, D\u00e9put\u00e9, Pr\u00e9sident du CRE-AC 10h10 : Panel 1: \u201cQuel avenir apr\u00e8s les \u00e9lections? \u00bb Intervenants : Jean Omasombo [&hellip;]<\/p>\n","protected":false},"author":1,"featured_media":3084,"comment_status":"open","ping_status":"open","sticky":false,"template":"","format":"standard","meta":{"_acf_changed":false,"content-type":"","footnotes":""},"categories":[145,124],"tags":[],"class_list":["post-3082","post","type-post","status-publish","format-standard","has-post-thumbnail","hentry","category-conferences-salons","category-politique-societe"],"acf":[],"_links":{"self":[{"href":"https:\/\/congolobilelo.com\/IN\/wp-json\/wp\/v2\/posts\/3082","targetHints":{"allow":["GET"]}}],"collection":[{"href":"https:\/\/congolobilelo.com\/IN\/wp-json\/wp\/v2\/posts"}],"about":[{"href":"https:\/\/congolobilelo.com\/IN\/wp-json\/wp\/v2\/types\/post"}],"author":[{"embeddable":true,"href":"https:\/\/congolobilelo.com\/IN\/wp-json\/wp\/v2\/users\/1"}],"replies":[{"embeddable":true,"href":"https:\/\/congolobilelo.com\/IN\/wp-json\/wp\/v2\/comments?post=3082"}],"version-history":[{"count":0,"href":"https:\/\/congolobilelo.com\/IN\/wp-json\/wp\/v2\/posts\/3082\/revisions"}],"wp:featuredmedia":[{"embeddable":true,"href":"https:\/\/congolobilelo.com\/IN\/wp-json\/"}],"wp:attachment":[{"href":"https:\/\/congolobilelo.com\/IN\/wp-json\/wp\/v2\/media?parent=3082"}],"wp:term":[{"taxonomy":"category","embeddable":true,"href":"https:\/\/congolobilelo.com\/IN\/wp-json\/wp\/v2\/categories?post=3082"},{"taxonomy":"post_tag","embeddable":true,"href":"https:\/\/congolobilelo.com\/IN\/wp-json\/wp\/v2\/tags?post=3082"}],"curies":[{"name":"wp","href":"https:\/\/api.w.org\/{rel}","templated":true}]}}