{"id":3076,"date":"2012-05-11T08:19:55","date_gmt":"2012-05-11T08:19:55","guid":{"rendered":"http:\/\/www.ingeta.com\/?p=3076"},"modified":"2012-05-11T08:19:55","modified_gmt":"2012-05-11T08:19:55","slug":"matata-ponyo-reconduit-les-matata-des-insitutions-financieres-chez-nous","status":"publish","type":"post","link":"https:\/\/congolobilelo.com\/IN\/matata-ponyo-reconduit-les-matata-des-insitutions-financieres-chez-nous\/","title":{"rendered":"Matata Ponyo reconduit les \u00abmatata\u00bb des institutions financi\u00e8res chez nous"},"content":{"rendered":"<p>\t\t\t\t<em>Par Jean-Pierre Mbelu<\/em><\/p>\n<p><strong>Les Grecs sont all\u00e9s dans la rue et ont vot\u00e9 contre les partis politiques ayant appliqu\u00e9 les mesures d\u2019aust\u00e9rit\u00e9 pr\u00f4n\u00e9es par la tro\u00efka (le FMI, la Banque centrale europ\u00e9enne et le Commission europ\u00e9enne). Ils ne veulent pas perdre compl\u00e8tement leur souverainet\u00e9 politique et \u00e9conomique. Les Fran\u00e7ais ont vot\u00e9 contre Sarkozy pour \u00e9viter que ses accointances avec Merkel ne conduisent leur pays \u00e0 la catastrophe. Les Espagnols, les Portugais, les Italiens, etc. peinent \u00e0 rompre avec les cons\u00e9quences des mesures d\u2019aust\u00e9rit\u00e9 impos\u00e9es \u00e0 leurs gouvernants. Curieusement, au Congo, \u00ab les honorables d\u00e9put\u00e9s \u00bb avalisent un \u00ab coup d\u2019Etat administratif \u00bb en acceptant que Matata Ponyo ob\u00e9issent aux directives du FMI et de la Banque mondiale. Le monde \u00e0 l\u2019envers ! Ils acceptent que Matata Ponyo reconduisent \u00ab les matata \u00bb , les souffrances que ces IFI nous ont impos\u00e9es depuis les ann\u00e9es 80. Ignorance et cupidit\u00e9 quand vous nous tenez !<\/strong><\/p>\n<p>Bien que victimes d\u2019un coup d\u2019Etat administratif apr\u00e8s les \u00e9lections de novembre et d\u00e9cembre 2011, les minorit\u00e9s organis\u00e9es et agissantes devraient s\u2019en tenir au devoir patriotique de la vigilance. Elles devraient demeurer attentives \u00e0 la fa\u00e7on dont les b\u00e9n\u00e9ficiaires de ce coup d\u2019Etat voudraient mener davantage le pays, notre patrimoine commun, \u00e0 la d\u00e9rive. Pendant que la guerre de pr\u00e9dation bat son plein \u00e0 l\u2019Est pour transformer d\u00e9finitivement cette partie de notre pays en un morceau du march\u00e9 de l\u2019Afrique de l\u2019Est, \u00e0 Kinshasa, les d\u00e9bats, chez les b\u00e9n\u00e9ficiaires dudit coup d\u2019Etat et leurs clients, tournent autour du programme de gouvernement de Matata Ponyo pour les cinq ans \u00e0 venir. A y regarder de plus pr\u00eat, ce programme tourne autour de deux axes principaux : l\u2019am\u00e9lioration du climat des affaires et la reconduction de l\u2019Initiative des Pays Pauvres Tr\u00e8s endett\u00e9s comme sous Gizenga et Muzito ; c\u2019est-\u00e0-dire l\u2019application du Consensus de Washington et des mesures d\u2019aust\u00e9rit\u00e9 au Congo. Contrairement aux apparences, c\u2019est un programme fondamentalement extraverti.<\/p>\n<p>Pour cause. Qui dit am\u00e9lioration du climat des affaires dit lib\u00e9ralisation, d\u00e9r\u00e8glementation et privatisation. C\u2019est-\u00e0-dire privil\u00e8ge accord\u00e9 \u00e0 la supr\u00e9matie du march\u00e9 et non \u00e0 la souverainet\u00e9 \u00e9conomique et politique au pays. Initi\u00e9 \u00e0 Lyon en 1996 au sommet de G7, l\u2019IPPTE \u00ab est le dernier m\u00e9canisme con\u00e7u par la communaut\u00e9 des cr\u00e9anciers \u00e0 l\u2019intention des Etats surendett\u00e9s en vue de parachever leur conversion rapide \u00e0 l\u2019\u00e9conomie de march\u00e9. Elle consiste en des r\u00e9\u00e9chelonnements successifs de la dette pour les pays ayant r\u00e9alis\u00e9 de fa\u00e7on durable de \u00ab bonnes performances \u00bb selon les crit\u00e8res des IFI. \u00bb (A. TRAORE, Le viol de l\u2019imaginaire, Paris, Fayard, 2001, p.46). Qu\u2019est-ce que cette fa\u00e7on de proc\u00e9der \u00e0 comme corollaire ? Lisons encore Aminata Traor\u00e9 : \u00ab Puisqu\u2019elle pr\u00e9voit que le FMI et la Banque mondiale d\u00e9cident de l\u2019\u00e9ligibilit\u00e9 d\u2019un pays, elle tend \u00e0 institutionnaliser l\u2019ing\u00e9rence politique. Les Etats concern\u00e9s se trouvant pris en tenailles entre une demande sociale forte et l\u2019exigence de r\u00e9duction des d\u00e9penses publiques pour r\u00e9pondre aux recommandations des cr\u00e9anciers. \u00bb (Ibidem)<\/p>\n<p>Pour dire les choses autrement, il est quasi-impossible de s\u2019inscrire dans la logique de l\u2019IPPTE et d\u2019augmenter les salaires de la fonction publique, de cr\u00e9er des emplois d\u00e9cents dans la fonction publique, de financer convenablement l\u2019\u00e9ducation nationale, la sant\u00e9, le logement social, etc. Les sceptiques peuvent \u00e9tudier les sources du financement du programme de gouvernement de Matata Ponyo. En plus de ressources internes ( ?), ce programme mentionne les ressources additionnelles (PPTE, ct.) et les ressources provenant des partenariats avec les institutions multilat\u00e9rales (FMI, BM, BAD, etc.) Il \u00e9voque aussi le troc : la construction d\u2019infrastructures contre \u00e9changes des ressources naturelles. (Il reconduit le principe des contrats l\u00e9onins semblables \u00e0 ceux sign\u00e9s entre certaines entreprises chinoises et les gouvernants pr\u00e9c\u00e9dents.)<\/p>\n<p>Il est quand m\u00eame curieux qu\u2019au moment o\u00f9, en Europe, les gouvernements ayant avalis\u00e9 les mesures d\u2019aust\u00e9rit\u00e9 pr\u00f4n\u00e9es le FMI, la Commission Europ\u00e9enne et la Banque centrale europ\u00e9enne tombent les uns apr\u00e8s les autres, nous puissions avoir au Congo, des \u00ab d\u00e9put\u00e9s \u00bb soutenant un programme de gouvernement fond\u00e9 sur les m\u00eames mesures (plus le troc de nos mati\u00e8res premi\u00e8res) ! Le plus curieux est que dans les d\u00e9bats, il n\u2019y ait pas eu- \u00e0 notre connaissance- un simple rapprochement entre ce qui se passe en Gr\u00e8ce, en Espagne, au Portugal, en Italie et peut-\u00eatre bient\u00f4t en France et ce programme n\u00e9olib\u00e9ral de Matata Ponyo !<br \/>\nChez nous, \u00ab les honorables \u00bb, dans leur immense majorit\u00e9, voudraient juger sur les faits. Ils sont donc incapables de pr\u00e9voir les faits \u00e0 partir des moyens auxquels ledit gouvernement va recourir pour ex\u00e9cuter son programme.<\/p>\n<p>L\u00e0, il y a quelque chose qui ne va pas et cela fondamentalement. Dison bri\u00e8vement que du point de vue \u00e9conomique, Matata Ponyo ne fera pas mieux que Gizenga et Muzito : il applique la m\u00eame politique \u00e9conomique n\u00e9olib\u00e9rale que ses pr\u00e9d\u00e9cesseurs. Il est plus ou moins s\u00fbr que l\u2019application de ce programme contribuera \u00e0 l\u2019enrichissement sans cause d\u2019une poign\u00e9e d\u2019\u00e9lites compradores ; notre peuple n\u2019y trouvera pas son compte. Ses droits \u00e9conomiques, sociaux et culturels ne seront pas respect\u00e9s. Le recours \u00e0 la violence, \u00e0 la guerre, \u00e0 la violation massive des droits de l\u2019homme et \u00e0 la manipulation m\u00e9diatique sera permanent pour \u00e9viter que les plus \u00e9veill\u00e9s de ce peuple n\u2019usent de leurs droits et libert\u00e9s fondamentales pour d\u00e9crier les mesures d\u2019aust\u00e9rit\u00e9 reconduites par Matata Ponyo. (Demander \u00e0 Matata Ponyo de s\u2019impliquer pour que cesse la violence dans notre pays, c\u2019est couper la branche sur laquelle il est assis, la loi de la guerre de tous contre tous sur laquelle est fond\u00e9e le n\u00e9olib\u00e9ralisme.)<\/p>\n<p>Pouvait-il en \u00eatre autrement ? Non. D\u2019un processus non-conforme \u00e0 la v\u00e9rit\u00e9 et \u00e0 la justice, il est difficile de tirer des institutions citoyennes au service de la v\u00e9rit\u00e9, de la paix et de la justice sociale.<\/p>\n<p>Avouons que comme tous les autres pays du monde subissant les diktats des IFI et des oligarchies d\u2019argent, le Congo (RD) notre pays, conna\u00eet des probl\u00e8mes structurels intenses, \u00e0 commencer par celui de l\u2019existence d\u2019un Etat r\u00e9publicain. Depuis la guerre de pr\u00e9dation et de basse intensit\u00e9 qui nous est livr\u00e9e par \u00ab les cosmocrates \u00bb et leurs n\u00e8gres de service, notre pays est devenu une jungle o\u00f9 r\u00e8gne la loi du plus fort. Les minorit\u00e9s agissantes et organis\u00e9es l\u2019ont suffisamment bien compris. Comme des fourmis, elles travaillent \u00e0 leur redynamisation, \u00e0 la r\u00e9sistance contre les forces mortif\u00e8res et \u00e0 la r\u00e9invention d\u2019un autre Congo. Cela prend du temps et c\u2019est normal : nous luttons contre un syst\u00e8me n\u00e9olib\u00e9ral cynique et bien outill\u00e9 par ses \u00ab petites mains \u00bb.<\/p>\n<p>&nbsp;<\/p>\n<p><em>J-P. Mbelu<\/em>\t\t<\/p>\n","protected":false},"excerpt":{"rendered":"<p>Par Jean-Pierre Mbelu Les Grecs sont all\u00e9s dans la rue et ont vot\u00e9 contre les partis politiques ayant appliqu\u00e9 les mesures d\u2019aust\u00e9rit\u00e9 pr\u00f4n\u00e9es par la tro\u00efka (le FMI, la Banque centrale europ\u00e9enne et le Commission europ\u00e9enne). Ils ne veulent pas perdre compl\u00e8tement leur souverainet\u00e9 politique et \u00e9conomique. Les Fran\u00e7ais ont vot\u00e9 contre Sarkozy pour \u00e9viter [&hellip;]<\/p>\n","protected":false},"author":1,"featured_media":2942,"comment_status":"open","ping_status":"open","sticky":false,"template":"","format":"standard","meta":{"_acf_changed":false,"content-type":"","footnotes":""},"categories":[120,160,124],"tags":[],"class_list":["post-3076","post","type-post","status-publish","format-standard","has-post-thumbnail","hentry","category-mondialisation","category-nouvelles-front-est","category-politique-societe"],"acf":[],"_links":{"self":[{"href":"https:\/\/congolobilelo.com\/IN\/wp-json\/wp\/v2\/posts\/3076","targetHints":{"allow":["GET"]}}],"collection":[{"href":"https:\/\/congolobilelo.com\/IN\/wp-json\/wp\/v2\/posts"}],"about":[{"href":"https:\/\/congolobilelo.com\/IN\/wp-json\/wp\/v2\/types\/post"}],"author":[{"embeddable":true,"href":"https:\/\/congolobilelo.com\/IN\/wp-json\/wp\/v2\/users\/1"}],"replies":[{"embeddable":true,"href":"https:\/\/congolobilelo.com\/IN\/wp-json\/wp\/v2\/comments?post=3076"}],"version-history":[{"count":0,"href":"https:\/\/congolobilelo.com\/IN\/wp-json\/wp\/v2\/posts\/3076\/revisions"}],"wp:featuredmedia":[{"embeddable":true,"href":"https:\/\/congolobilelo.com\/IN\/wp-json\/"}],"wp:attachment":[{"href":"https:\/\/congolobilelo.com\/IN\/wp-json\/wp\/v2\/media?parent=3076"}],"wp:term":[{"taxonomy":"category","embeddable":true,"href":"https:\/\/congolobilelo.com\/IN\/wp-json\/wp\/v2\/categories?post=3076"},{"taxonomy":"post_tag","embeddable":true,"href":"https:\/\/congolobilelo.com\/IN\/wp-json\/wp\/v2\/tags?post=3076"}],"curies":[{"name":"wp","href":"https:\/\/api.w.org\/{rel}","templated":true}]}}