{"id":3026,"date":"2012-05-08T18:07:03","date_gmt":"2012-05-08T18:07:03","guid":{"rendered":"http:\/\/www.ingeta.com\/?p=3026"},"modified":"2012-05-08T18:07:03","modified_gmt":"2012-05-08T18:07:03","slug":"12-mai-montreal-presentation-du-livre-le-canada-dans-les-guerres-en-afrique-centrale-par-patrick-mbecko","status":"publish","type":"post","link":"https:\/\/congolobilelo.com\/IN\/12-mai-montreal-presentation-du-livre-le-canada-dans-les-guerres-en-afrique-centrale-par-patrick-mbecko\/","title":{"rendered":"12 mai : &#8220;Le Canada dans les guerres en Afrique Centrale&#8221;"},"content":{"rendered":"<p>\t\t\t\t<a href=\"http:\/\/www.ingeta.com\/wp-content\/uploads\/2012\/05\/PAT.jpg\"><img loading=\"lazy\" decoding=\"async\" class=\"alignleft size-full wp-image-3027\" title=\"PAT\" src=\"http:\/\/www.ingeta.com\/wp-content\/uploads\/2012\/05\/PAT.jpg\" alt=\"\" width=\"180\" height=\"279\" \/><\/a><strong>Auteur :<\/strong> Patrick MBEKO<\/p>\n<p><strong>Date et heure :<\/strong> 12 mai 2012, \u00e0 18h,<\/p>\n<p><strong>Lieu :<\/strong> Centre des Loisirs de Saint-Laurent, au 1375, rue Grenet, Montr\u00e9al.<\/p>\n<p>Dans cet ouvrage sans concessions et remarquablement document\u00e9, Patrick Mbekonous plonge dans les m\u00e9andres de l\u2019\u00e9conomie du crime qui s\u00e9vit en&#8230; Afrique centrale,particuli\u00e8rement en RD Congo.<\/p>\n<p>Il d\u00e9voile l\u2019existence d\u2019op\u00e9rations concert\u00e9esentre le Canada, les puissances occidentales et leurs multinationales, par leRwanda interpos\u00e9, pour d\u00e9pouiller la RDC de ses ressources strat\u00e9giques, quitte\u00e0 la d\u00e9membrer en de micro-\u00c9tats. Il met en lumi\u00e8re l\u2019assujettissement de lajustice internationale \u00e0 une communaut\u00e9 d\u2019\u00e9lites capitalistes et r\u00e9v\u00e8lecomment, en 2006 \u2212 et en 2011\u2212 la \u00ab communaut\u00e9 internationale \u00bb et un ancienPremier ministre canadien ont parrain\u00e9 des fictions \u00e9lectorales pour maintenirau pouvoir le pr\u00e9sident Joseph Kabila, pr\u00e9sent\u00e9 comme le garant des int\u00e9r\u00eatsoccidentaux au Congo.<\/p>\n<p>M\u00ealant analyse minutieuse et critique impitoyable,non sans audace intellectuelle, l\u2019auteur taille en pi\u00e8ces l\u2019Histoire officiellede la trag\u00e9die rwandaise et d\u00e9montre que la v\u00e9rit\u00e9 sur ce drame a \u00e9t\u00e9 tronqu\u00e9e,voire soigneusement occult\u00e9e, pour asseoir et justifier en Afrique des GrandsLacs une \u00ab politique du d\u00e9sastre \u00bb parrain\u00e9e par le Canada et d\u2019autres \u00abgrandes d\u00e9mocraties \u00bb occidentales. Pour la premi\u00e8re fois, on apprend commentle Canada a particip\u00e9 \u00e0 l\u2019assassinat du premier chef de gouvernement du Congo,Patrice Emery Lumumba.<\/p>\n<p>Ce livre que tout Africain et citoyen du monde doitlire est pr\u00e9fac\u00e9 par le journaliste am\u00e9ricain Keith Harmon Snow et Postfac\u00e9 parMa\u00eetre Christopher Black, avocat au Tribunal P\u00e9nal International pour le Rwanda(TPIR).<\/p>\n<p>\u00ab Patrick Mbeko fait entendre, avec une \u00e9loquencequi colle aux faits et aux documents, une voix africaine, congolaise desurcro\u00eet, dans le concert qui s&#8217;amplifie enfin sur la barbarie g\u00e9nocidaire etles guerres de pillage impos\u00e9es depuis plus de 20 ans \u00e0 l&#8217;Afrique des Grandslacs par les ma\u00eetres, \u00c9tats et firmes multinationales confondus, de l&#8217;Apartheidmondial \u00bb. Jooneed Khan, Journaliste, \u00e9crivain et militant dedroits humains.\t\t<\/p>\n","protected":false},"excerpt":{"rendered":"<p>Auteur : Patrick MBEKO Date et heure : 12 mai 2012, \u00e0 18h, Lieu : Centre des Loisirs de Saint-Laurent, au 1375, rue Grenet, Montr\u00e9al. Dans cet ouvrage sans concessions et remarquablement document\u00e9, Patrick Mbekonous plonge dans les m\u00e9andres de l\u2019\u00e9conomie du crime qui s\u00e9vit en&#8230; Afrique centrale,particuli\u00e8rement en RD Congo. Il d\u00e9voile l\u2019existence d\u2019op\u00e9rations [&hellip;]<\/p>\n","protected":false},"author":1,"featured_media":3028,"comment_status":"open","ping_status":"closed","sticky":false,"template":"","format":"standard","meta":{"_acf_changed":false,"content-type":"","footnotes":""},"categories":[141,145,122],"tags":[],"class_list":["post-3026","post","type-post","status-publish","format-standard","has-post-thumbnail","hentry","category-canada","category-conferences-salons","category-news-alertes"],"acf":[],"_links":{"self":[{"href":"https:\/\/congolobilelo.com\/IN\/wp-json\/wp\/v2\/posts\/3026","targetHints":{"allow":["GET"]}}],"collection":[{"href":"https:\/\/congolobilelo.com\/IN\/wp-json\/wp\/v2\/posts"}],"about":[{"href":"https:\/\/congolobilelo.com\/IN\/wp-json\/wp\/v2\/types\/post"}],"author":[{"embeddable":true,"href":"https:\/\/congolobilelo.com\/IN\/wp-json\/wp\/v2\/users\/1"}],"replies":[{"embeddable":true,"href":"https:\/\/congolobilelo.com\/IN\/wp-json\/wp\/v2\/comments?post=3026"}],"version-history":[{"count":0,"href":"https:\/\/congolobilelo.com\/IN\/wp-json\/wp\/v2\/posts\/3026\/revisions"}],"wp:featuredmedia":[{"embeddable":true,"href":"https:\/\/congolobilelo.com\/IN\/wp-json\/"}],"wp:attachment":[{"href":"https:\/\/congolobilelo.com\/IN\/wp-json\/wp\/v2\/media?parent=3026"}],"wp:term":[{"taxonomy":"category","embeddable":true,"href":"https:\/\/congolobilelo.com\/IN\/wp-json\/wp\/v2\/categories?post=3026"},{"taxonomy":"post_tag","embeddable":true,"href":"https:\/\/congolobilelo.com\/IN\/wp-json\/wp\/v2\/tags?post=3026"}],"curies":[{"name":"wp","href":"https:\/\/api.w.org\/{rel}","templated":true}]}}