{"id":3017,"date":"2012-05-08T12:14:06","date_gmt":"2012-05-08T12:14:06","guid":{"rendered":"http:\/\/www.ingeta.com\/?p=3017"},"modified":"2012-05-08T12:14:06","modified_gmt":"2012-05-08T12:14:06","slug":"rd-congo-les-pays-bas-rentrent-dans-la-danse","status":"publish","type":"post","link":"https:\/\/congolobilelo.com\/IN\/rd-congo-les-pays-bas-rentrent-dans-la-danse\/","title":{"rendered":"RD Congo: Les Pays-Bas rentrent dans la danse"},"content":{"rendered":"<p>\t\t\t\tSource:<a href=\"http:\/\/www.lepotentiel.cd\/2012\/05\/les-pays-bas-rentrent-dans-la-danse.html\"> Le Potentiel<\/a>.<\/p>\n<p><strong>En cause, deux initiatives. D\u2019abord, un s\u00e9minaire organis\u00e9 en 2010 et centr\u00e9 sur les fronti\u00e8res de la RDC en 2020. Ensuite, pr\u00e9vu initialement pour le 12 avril 2012, un s\u00e9minaire pluriannuel sur la coop\u00e9ration au d\u00e9veloppement avec l\u2019Afrique report\u00e9 \u00e0 une date ult\u00e9rieure. Fait curieux, \u00e9taient invit\u00e9s \u00e0 cette derni\u00e8re rencontre : le Rwanda, le Burundi, l\u2019Ouganda et l\u2019Est de la RDC (sic). Qu\u2019est-ce \u00e0 dire ? Les Pays-Bas, initiateur de ces rencontres, se sont d\u00e9voil\u00e9s comme faisant partie des artisans de la balkanisation de la RDC.<\/strong><\/p>\n<p><img loading=\"lazy\" decoding=\"async\" class=\"alignnone size-full wp-image-3018\" title=\"Des enfants congolais pr\u00e8s du Lac Kivu, janvier 2009\" src=\"http:\/\/www.ingeta.com\/wp-content\/uploads\/2012\/05\/Kivu.gif\" alt=\"\" width=\"430\" height=\"298\" \/><\/p>\n<p>La paix en RDC est toujours pr\u00e9caire et fugace. Cette situation, on en est persuad\u00e9 aujourd\u2019hui, est entretenue par tous ceux qui, au pays comme \u00e0 l\u2019\u00e9tranger, ne veulent pas d\u2019un Congo uni en tant que Nation et Etat. Pis encore, les t\u00e9nors de la partition de l\u2019ex-Congo Belge rivalisent d\u2019arguments pour remettre en cause l\u2019existence de la RDC dans ses limites actuelles h\u00e9rit\u00e9es du partage colonial en 1885.<\/p>\n<p>Tenaces, ces derniers agissent tant\u00f4t comme\u00a0 des cam\u00e9l\u00e9ons en changeant de couleur, tant\u00f4t comme des hydres en changeant de t\u00eate. Perspicaces, ils jouent \u00e0 la fois aux pyromanes et aux sapeurs-pompiers. Raison pour laquelle, aux conflits arm\u00e9s succ\u00e8dent des soi-disant initiatives de paix soutenues par des conf\u00e9rences, des colloques, des s\u00e9minaires tant au niveau national qu\u2019international.<\/p>\n<p>A ce sujet, il sied de noter la rentr\u00e9e dans la danse des Pays-Bas. Rest\u00e9 dans l\u2019ombre, ce pays europ\u00e9en s\u2019est d\u00e9voil\u00e9 en abritant en 2010, la tenue d\u2019un s\u00e9minaire centr\u00e9 sur les fronti\u00e8res de la RDC en 2020. Cette projection de la Hollande et compagnie ne pourrait pas passer pour \u00eatre innocente. Pourquoi s\u2019int\u00e9resser \u00e0 ce sujet si l\u2019on ne s\u2019est pas d\u00e9j\u00e0 fait soi-m\u00eame une certaine id\u00e9e ?<br \/>\nComme si cela ne suffisait pas, le 12 avril 2012, un autre s\u00e9minaire pr\u00e9vu sur le sol hollandais a avort\u00e9 pour des raisons non encore \u00e9lucid\u00e9es. Cette rencontre initi\u00e9e par le gouvernement hollandais par le biais du minist\u00e8re des Affaires \u00e9trang\u00e8res, en collaboration avec la fondation Netherlands-African Business Council (NABC), reposait sur un plan pluriannuel de coop\u00e9ration des Pays-Bas avec l\u2019Afrique. Au fond, elle avait pour but de donner des informations utiles aux entreprises int\u00e9ress\u00e9es sur la situation du Ghana, de l\u2019\u00c9thiopie et de la r\u00e9gion des Grands Lacs.<\/p>\n<p>La question qui revient sur les l\u00e8vres tout de suite est celle de savoir comment la Hollande peut inviter l\u2019Est de la RDC sans l\u2019accord de Kinshasa. Serait-ce une fa\u00e7on d\u2019annoncer les couleurs sur cette projection sur les prochaines fronti\u00e8res de la RDC en se disant qu\u2019elle voyait d\u00e9j\u00e0 l\u2019Est de la RDC comme partie \u00e0 part enti\u00e8re de la r\u00e9gion des Grands Lacs ?<\/p>\n<p>Dans le m\u00eame ordre d\u2019id\u00e9es, il nous revient que les invit\u00e9s de l\u2019Est de la RDC seraient une \u00e9lite tri\u00e9e sur le volet, essentiellement dans le business. Quoique l\u2019on dise, c\u2019est bien l\u00e0 une \u00e9trange coop\u00e9ration. Un Etat qui coop\u00e8re avec une partie cibl\u00e9e de la population congolaise, \u00e7a fait jaser, \u00e7a fait probl\u00e8me. Bien plus, la d\u00e9marche des Pays\u2013Bas se rapproche de celle d\u2019Herman Cohen qui a toujours soutenu l\u2019appartenance du Kivu au Rwanda.<\/p>\n<p>Les suspicions sur la d\u00e9marche des Pays-Bas sont soutenues par cet argumentaire qui tranche sur le respect des principes universellement admis. En 2006, indiquent des sources fiables, la Hollande avait projet\u00e9 d\u2019ouvrir un consulat dans l\u2019Est. Le projet tient debout.<\/p>\n<p>Ceci expliquant cela, les Pays-Bas ne pourraient pas se disculper aussi facilement. Dans la mesure o\u00f9 la Hollande fait partie des financiers de la Conf\u00e9rence pour la paix et la s\u00e9curit\u00e9 dans la r\u00e9gion des Grands Lacs (CPSGRL), une initiative internationale convoqu\u00e9e dans le but de consolider la paix dans cette r\u00e9gion. Dans son ouvrage intitul\u00e9 : \u00abDu pacte de stabilit\u00e9 de Nairobi \u00e0 l\u2019acte d\u2019engagement de Goma. Enjeux et d\u00e9fis du processus de paix en RDC\u00bb (publi\u00e9 en d\u00e9cembre 2008 aux \u00e9ditions Cepas\/Rodhecic), le p\u00e8re Robert Minani Bihuzo\u00a0 renseigne : \u00abParmi les promoteurs de l\u2019initiative, l\u2019on cite les Nations unies et l\u2019Union africaine\u00a0 soutenues par le groupe dit \u00abAmis de la r\u00e9gion des Grands Lacs\u00bb. Ce groupe de pays de cette r\u00e9gion est pr\u00e9sid\u00e9 par deux pays : le Canada et les Pays-Bas\u00bb.<\/p>\n<p>Robert Minani ajoute \u00e9galement : \u00abLes acteurs internationaux qui poussaient l\u2019agenda de la r\u00e9vision des fronti\u00e8res h\u00e9rit\u00e9es de la colonisation esp\u00e9raient que le d\u00e9part de Mobutu allait consacrer l\u2019implosion et la d\u00e9sint\u00e9gration de la RDC en 4 zones linguistiques. Ceci rendrait possible une influence anglophone de la partie Est de la RDC d\u00e9sormais sous contr\u00f4le de l\u2019Ouganda et du Rwanda. En outre, les n\u00e9gociations \u00e9conomiques seraient rendues faciles \u00e0 des unit\u00e9s territoriales plus r\u00e9duites (Ituri, Kivu, Katanga,etc.)\u00bb.<\/p>\n<p>A la lumi\u00e8re de ces r\u00e9v\u00e9lations, il appara\u00eet que le malheur des balkanisateurs du Congo-Kinshasa est que leur jeu, quoique subtil, ne peut plus passer inaper\u00e7u. Ils butent \u00e0 un nationalisme dur comme fer de la part des populations qui, malgr\u00e9 toutes les exactions subies, ont montr\u00e9 \u00e0 la face du monde qu\u2019elles savent rester un seul peuple sur un territoire appel\u00e9 RD Congo.<\/p>\n<p>Ce sentiment d\u2019appartenance \u00e0 une seule nation s\u2019est r\u00e9v\u00e9l\u00e9 avec le temps tr\u00e8s solide pouvant justifier, si besoin en est encore, l\u2019\u00e9chec de toutes les tentatives amorc\u00e9es \u00e0 plusieurs reprises et sous diverses formes pour diviser le peuple congolais et faire \u00e9clater son pays en petits Etats sous la mainmise de certaines puissances politiques et \u00e9conomiques.<\/p>\n<p>Celles-ci ont form\u00e9 une coalition qu\u2019elles mettent en branle chaque fois qu\u2019elles trouvent l\u2019occasion favorable \u00e0 l\u2019atteinte de leur objectif, \u00e0 savoir, faire main basse sur les richesses naturelles et autres de la RDC. Cette coalition est form\u00e9e, entre autres, par des multinationales qui entretiennent des groupes arm\u00e9s, cr\u00e9ent des seigneurs \u00e0 qui elles inculquent une id\u00e9ologie s\u00e9paratiste fond\u00e9e sur de faux pr\u00e9textes relatifs \u00e0 la question identitaire et aux conflits fonciers.<\/p>\n<p>C\u2019est dans ce sens que beaucoup d\u2019acteurs internationaux ne cessent de tenter de montrer aux populations vivant dans l\u2019Est qu\u2019elles seraient plus proches de celles des pays voisins que de celles de l\u2019Ouest.<\/p>\n<p>Leurs offensives ou irruptions sont sous-tendues par une complicit\u00e9 interne \u00e0 tous les niveaux de la soci\u00e9t\u00e9 congolaise. Heureusement que ces \u00e9lites ne constituent qu\u2019une minorit\u00e9 ne pouvant casser les bases solides jet\u00e9es \u00e0 travers des si\u00e8cles de cohabitation.<\/p>\n<p>Tous les observateurs avis\u00e9s sont d\u2019avis que l\u2019agenda de diff\u00e9rents conflits arm\u00e9s en RDC est avant tout \u00e9conomique pour tous les pays qui y sont impliqu\u00e9s, dont les Pays-Bas, qui tentent de s\u00e9duire, comme le font ses voisins europ\u00e9ens, les \u00e9lites congolaises, particuli\u00e8rement, celles de l\u2019est de la RDC.<\/p>\n<p>Un simple regret : le silence de Kinshasa, de la classe politique congolaise, toutes tendances confondues.\t\t<\/p>\n","protected":false},"excerpt":{"rendered":"<p>Source: Le Potentiel. En cause, deux initiatives. D\u2019abord, un s\u00e9minaire organis\u00e9 en 2010 et centr\u00e9 sur les fronti\u00e8res de la RDC en 2020. Ensuite, pr\u00e9vu initialement pour le 12 avril 2012, un s\u00e9minaire pluriannuel sur la coop\u00e9ration au d\u00e9veloppement avec l\u2019Afrique report\u00e9 \u00e0 une date ult\u00e9rieure. Fait curieux, \u00e9taient invit\u00e9s \u00e0 cette derni\u00e8re rencontre : [&hellip;]<\/p>\n","protected":false},"author":1,"featured_media":3018,"comment_status":"open","ping_status":"closed","sticky":false,"template":"","format":"standard","meta":{"_acf_changed":false,"content-type":"","footnotes":""},"categories":[107,120,124],"tags":[],"class_list":["post-3017","post","type-post","status-publish","format-standard","has-post-thumbnail","hentry","category-analyses-commentaires","category-mondialisation","category-politique-societe"],"acf":[],"_links":{"self":[{"href":"https:\/\/congolobilelo.com\/IN\/wp-json\/wp\/v2\/posts\/3017","targetHints":{"allow":["GET"]}}],"collection":[{"href":"https:\/\/congolobilelo.com\/IN\/wp-json\/wp\/v2\/posts"}],"about":[{"href":"https:\/\/congolobilelo.com\/IN\/wp-json\/wp\/v2\/types\/post"}],"author":[{"embeddable":true,"href":"https:\/\/congolobilelo.com\/IN\/wp-json\/wp\/v2\/users\/1"}],"replies":[{"embeddable":true,"href":"https:\/\/congolobilelo.com\/IN\/wp-json\/wp\/v2\/comments?post=3017"}],"version-history":[{"count":0,"href":"https:\/\/congolobilelo.com\/IN\/wp-json\/wp\/v2\/posts\/3017\/revisions"}],"wp:featuredmedia":[{"embeddable":true,"href":"https:\/\/congolobilelo.com\/IN\/wp-json\/"}],"wp:attachment":[{"href":"https:\/\/congolobilelo.com\/IN\/wp-json\/wp\/v2\/media?parent=3017"}],"wp:term":[{"taxonomy":"category","embeddable":true,"href":"https:\/\/congolobilelo.com\/IN\/wp-json\/wp\/v2\/categories?post=3017"},{"taxonomy":"post_tag","embeddable":true,"href":"https:\/\/congolobilelo.com\/IN\/wp-json\/wp\/v2\/tags?post=3017"}],"curies":[{"name":"wp","href":"https:\/\/api.w.org\/{rel}","templated":true}]}}