{"id":3009,"date":"2012-05-08T09:29:06","date_gmt":"2012-05-08T09:29:06","guid":{"rendered":"http:\/\/www.ingeta.com\/?p=3009"},"modified":"2012-05-08T09:29:06","modified_gmt":"2012-05-08T09:29:06","slug":"grande-marche-pour-la-paix-et-la-democratie-en-rdc-a-lille-le-12-mai-2012","status":"publish","type":"post","link":"https:\/\/congolobilelo.com\/IN\/grande-marche-pour-la-paix-et-la-democratie-en-rdc-a-lille-le-12-mai-2012\/","title":{"rendered":"Grande marche pour la paix et la d\u00e9mocratie en RDC, \u00e0 Lille, le 12 mai 2012"},"content":{"rendered":"<p>\t\t\t\t<img loading=\"lazy\" decoding=\"async\" class=\"wp-image-3010 alignnone\" title=\"CCN-12052012\" src=\"http:\/\/www.ingeta.com\/wp-content\/uploads\/2012\/05\/CCN-12052012.jpg\" alt=\"\" width=\"543\" height=\"768\" \/><br \/>\n<strong>Date:<\/strong><br \/>\nSamedi 12 mai 2012<\/p>\n<p><strong>Lieu de rassemblement: <\/strong><br \/>\nPlace de la R\u00e9publique, m\u00e9tro : R\u00e9publique<\/p>\n<p><strong>Heure du rendez-vous: <\/strong><br \/>\n15h30<\/p>\n<p>La communaut\u00e9 congolaise du Nord organise une grande marche pour la paix et la d\u00e9mocratie en R\u00e9publique D\u00e9mocratique du Congo, le samedi 12 mai \u00e0 Lille, \u00e0 partir de 15h30.<\/p>\n<p><strong>Pour plus d&#8217;informations:<\/strong><br \/>\nT\u00e9l.: 0631232229\/0751144168\/0666806850\t\t<\/p>\n","protected":false},"excerpt":{"rendered":"<p>Date: Samedi 12 mai 2012 Lieu de rassemblement: Place de la R\u00e9publique, m\u00e9tro : R\u00e9publique Heure du rendez-vous: 15h30 La communaut\u00e9 congolaise du Nord organise une grande marche pour la paix et la d\u00e9mocratie en R\u00e9publique D\u00e9mocratique du Congo, le samedi 12 mai \u00e0 Lille, \u00e0 partir de 15h30. Pour plus d&#8217;informations: T\u00e9l.: 0631232229\/0751144168\/0666806850<\/p>\n","protected":false},"author":1,"featured_media":3010,"comment_status":"open","ping_status":"closed","sticky":false,"template":"","format":"standard","meta":{"_acf_changed":false,"content-type":"","footnotes":""},"categories":[116,124],"tags":[],"class_list":["post-3009","post","type-post","status-publish","format-standard","has-post-thumbnail","hentry","category-manifs","category-politique-societe"],"acf":[],"_links":{"self":[{"href":"https:\/\/congolobilelo.com\/IN\/wp-json\/wp\/v2\/posts\/3009","targetHints":{"allow":["GET"]}}],"collection":[{"href":"https:\/\/congolobilelo.com\/IN\/wp-json\/wp\/v2\/posts"}],"about":[{"href":"https:\/\/congolobilelo.com\/IN\/wp-json\/wp\/v2\/types\/post"}],"author":[{"embeddable":true,"href":"https:\/\/congolobilelo.com\/IN\/wp-json\/wp\/v2\/users\/1"}],"replies":[{"embeddable":true,"href":"https:\/\/congolobilelo.com\/IN\/wp-json\/wp\/v2\/comments?post=3009"}],"version-history":[{"count":0,"href":"https:\/\/congolobilelo.com\/IN\/wp-json\/wp\/v2\/posts\/3009\/revisions"}],"wp:featuredmedia":[{"embeddable":true,"href":"https:\/\/congolobilelo.com\/IN\/wp-json\/"}],"wp:attachment":[{"href":"https:\/\/congolobilelo.com\/IN\/wp-json\/wp\/v2\/media?parent=3009"}],"wp:term":[{"taxonomy":"category","embeddable":true,"href":"https:\/\/congolobilelo.com\/IN\/wp-json\/wp\/v2\/categories?post=3009"},{"taxonomy":"post_tag","embeddable":true,"href":"https:\/\/congolobilelo.com\/IN\/wp-json\/wp\/v2\/tags?post=3009"}],"curies":[{"name":"wp","href":"https:\/\/api.w.org\/{rel}","templated":true}]}}