{"id":2990,"date":"2012-05-03T20:46:30","date_gmt":"2012-05-03T20:46:30","guid":{"rendered":"http:\/\/www.ingeta.com\/?p=2990"},"modified":"2012-05-03T20:46:30","modified_gmt":"2012-05-03T20:46:30","slug":"bruxelles-conference-debat-la-belgique-et-le-monde-avec-didier-reynders","status":"publish","type":"post","link":"https:\/\/congolobilelo.com\/IN\/bruxelles-conference-debat-la-belgique-et-le-monde-avec-didier-reynders\/","title":{"rendered":"Bruxelles: Conf\u00e9rence d\u00e9bat &#8220;La Belgique et le monde&#8221; avec Didier Reynders, le 22 mai 2012"},"content":{"rendered":"<p>\t\t\t\t<img loading=\"lazy\" decoding=\"async\" class=\"alignnone size-full wp-image-2991\" title=\"Conf\u00e9rence d\u00e9bat La Belgique et le Monde 22 mai 2012\" src=\"http:\/\/www.ingeta.com\/wp-content\/uploads\/2012\/05\/Conf\u00e9rence-d\u00e9bat-La-Belgique-et-le-Monde-22-mai-2012.jpg\" alt=\"\" width=\"494\" height=\"738\" \/><br \/>\n<strong>Date:<\/strong><br \/>\n22 mai 2012<\/p>\n<p><strong>Lieu: <\/strong><br \/>\nLe centre culturel de Uccle,<br \/>\n47, Rue rouge, 1180, Bruxelles, Belgique<\/p>\n<p><strong>Heure:<\/strong><br \/>\nA partir de 19h30.<\/p>\n<p>L&#8217;association lib\u00e9rale d&#8217;Uccle organise, ce mardi 22 mai, au Centre Culturel d&#8217;Uccle \u00e0 partir de 19h30 une conf\u00e9rence sur le th\u00e8me &#8220;La Belgique et le Monde&#8221; en avec comme intervenants Didier Reynders, vice-premier ministre et ministre des affaires \u00e9trang\u00e8res, et Armand Dedecker, bourgmestre d&#8217;Uccle et ministre d&#8217;Etat.<\/p>\n<p>La question de la r\u00e9publique d\u00e9mocratique du Congo sera assur\u00e9ment abord\u00e9e. Venez nombreux, cette conf\u00e9rence sera suivie d&#8217;un d\u00e9bat.<\/p>\n<p>L&#8217;entr\u00e9e est gratuite.\t\t<\/p>\n","protected":false},"excerpt":{"rendered":"<p>Date: 22 mai 2012 Lieu: Le centre culturel de Uccle, 47, Rue rouge, 1180, Bruxelles, Belgique Heure: A partir de 19h30. L&#8217;association lib\u00e9rale d&#8217;Uccle organise, ce mardi 22 mai, au Centre Culturel d&#8217;Uccle \u00e0 partir de 19h30 une conf\u00e9rence sur le th\u00e8me &#8220;La Belgique et le Monde&#8221; en avec comme intervenants Didier Reynders, vice-premier ministre [&hellip;]<\/p>\n","protected":false},"author":1,"featured_media":2991,"comment_status":"open","ping_status":"closed","sticky":false,"template":"","format":"standard","meta":{"_acf_changed":false,"content-type":"","footnotes":""},"categories":[145,120,124],"tags":[],"class_list":["post-2990","post","type-post","status-publish","format-standard","has-post-thumbnail","hentry","category-conferences-salons","category-mondialisation","category-politique-societe"],"acf":[],"_links":{"self":[{"href":"https:\/\/congolobilelo.com\/IN\/wp-json\/wp\/v2\/posts\/2990","targetHints":{"allow":["GET"]}}],"collection":[{"href":"https:\/\/congolobilelo.com\/IN\/wp-json\/wp\/v2\/posts"}],"about":[{"href":"https:\/\/congolobilelo.com\/IN\/wp-json\/wp\/v2\/types\/post"}],"author":[{"embeddable":true,"href":"https:\/\/congolobilelo.com\/IN\/wp-json\/wp\/v2\/users\/1"}],"replies":[{"embeddable":true,"href":"https:\/\/congolobilelo.com\/IN\/wp-json\/wp\/v2\/comments?post=2990"}],"version-history":[{"count":0,"href":"https:\/\/congolobilelo.com\/IN\/wp-json\/wp\/v2\/posts\/2990\/revisions"}],"wp:featuredmedia":[{"embeddable":true,"href":"https:\/\/congolobilelo.com\/IN\/wp-json\/"}],"wp:attachment":[{"href":"https:\/\/congolobilelo.com\/IN\/wp-json\/wp\/v2\/media?parent=2990"}],"wp:term":[{"taxonomy":"category","embeddable":true,"href":"https:\/\/congolobilelo.com\/IN\/wp-json\/wp\/v2\/categories?post=2990"},{"taxonomy":"post_tag","embeddable":true,"href":"https:\/\/congolobilelo.com\/IN\/wp-json\/wp\/v2\/tags?post=2990"}],"curies":[{"name":"wp","href":"https:\/\/api.w.org\/{rel}","templated":true}]}}