{"id":2974,"date":"2012-05-02T10:14:42","date_gmt":"2012-05-02T10:14:42","guid":{"rendered":"http:\/\/www.ingeta.com\/?p=2974"},"modified":"2012-05-02T10:14:42","modified_gmt":"2012-05-02T10:14:42","slug":"belgique-les-non-belges-peuvent-voter-aux-elections-communales-du-14-octobre-prochain","status":"publish","type":"post","link":"https:\/\/congolobilelo.com\/IN\/belgique-les-non-belges-peuvent-voter-aux-elections-communales-du-14-octobre-prochain\/","title":{"rendered":"Belgique: Les non-belges peuvent voter aux \u00e9lections communales du 14 octobre prochain"},"content":{"rendered":"<p>\t\t\t\t<strong>Le 14 octobre 2012, il sera proc\u00e9d\u00e9 \u00e0 l\u2019\u00e9lection des conseillers communaux en Belgique. Les non-Belges peuvent participer \u00e0 ces \u00e9lections mais, \u00e0 cet effet, ils doivent s\u2019inscrire sur les listes \u00e9lectorales, au plus tard le 31 juillet 2012.<\/strong><\/p>\n<p>Ci dessous le communiqu\u00e9 de l&#8217;association Congo In Vlaanderen.<\/p>\n<p>&#8212;&#8212;&#8212;&#8212;&#8212;&#8212;&#8212;&#8212;&#8212;&#8212;&#8212;&#8212;&#8212;&#8212;<br \/>\nChers tous,<\/p>\n<p>Voici ce qui est int\u00e9ressant pour les congolais et tous les autres \u00e9trangers qui veulent s&#8217;exprimer par les urnes ici en Belgique, voici une occasion pour vous exprimer.<\/p>\n<p>Cette fois ici, m\u00eame si vous n&#8217;\u00eates pas belge, vous pouvez voter.<\/p>\n<p>Conditions:<br \/>\n*5 ans de s\u00e9jour l\u00e9gal en Belgique<br \/>\n*Faire introduire la demande avant le 31 juillet 2012.<\/p>\n<p>Pour plus d&#8217;informations: <a href=\"http:\/\/www.allrights.be\/fr\/node\/215\">http:\/\/www.allrights.be\/fr\/node\/215<\/a><\/p>\n<p>T\u00e9l\u00e9chargez le formulaire de la demande ci-dessous: (Tr\u00e8s important si vous tenez r\u00e9ellement \u00e0 vous exprimer)<br \/>\n<a href=\"http:\/\/www.ibz.rrn.fgov.be\/fileadmin\/user_upload\/Elections\/communales2012\/fr\/AR-CITOYENS-NON-BELGES-modeles-annexe-II.pdf\">http:\/\/www.ibz.rrn.fgov.be\/fileadmin\/user_upload\/Elections\/communales2012\/fr\/AR-CITOYENS-NON-BELGES-modeles-annexe-II.pdf<\/a><\/p>\n<p>Si possible, informez les personnes int\u00e9ress\u00e9es autour de vous. Si vous avez des questions, nous sommes dispos\u00e9s \u00e0 vous r\u00e9pondre \u00e0 mesure du possible ou \u00e0 vous orienter vers les services comp\u00e9tents.<\/p>\n<p>Merci.<\/p>\n<p>Avenir Maseme<br \/>\nPR Congo In Vlaanderen<br \/>\nEmail: congoinvlaanderen[a]hotmail.com\t\t<\/p>\n","protected":false},"excerpt":{"rendered":"<p>Le 14 octobre 2012, il sera proc\u00e9d\u00e9 \u00e0 l\u2019\u00e9lection des conseillers communaux en Belgique. Les non-Belges peuvent participer \u00e0 ces \u00e9lections mais, \u00e0 cet effet, ils doivent s\u2019inscrire sur les listes \u00e9lectorales, au plus tard le 31 juillet 2012. Ci dessous le communiqu\u00e9 de l&#8217;association Congo In Vlaanderen. &#8212;&#8212;&#8212;&#8212;&#8212;&#8212;&#8212;&#8212;&#8212;&#8212;&#8212;&#8212;&#8212;&#8212; Chers tous, Voici ce qui est [&hellip;]<\/p>\n","protected":false},"author":1,"featured_media":2975,"comment_status":"open","ping_status":"closed","sticky":false,"template":"","format":"standard","meta":{"_acf_changed":false,"content-type":"","footnotes":""},"categories":[122,124],"tags":[],"class_list":["post-2974","post","type-post","status-publish","format-standard","has-post-thumbnail","hentry","category-news-alertes","category-politique-societe"],"acf":[],"_links":{"self":[{"href":"https:\/\/congolobilelo.com\/IN\/wp-json\/wp\/v2\/posts\/2974","targetHints":{"allow":["GET"]}}],"collection":[{"href":"https:\/\/congolobilelo.com\/IN\/wp-json\/wp\/v2\/posts"}],"about":[{"href":"https:\/\/congolobilelo.com\/IN\/wp-json\/wp\/v2\/types\/post"}],"author":[{"embeddable":true,"href":"https:\/\/congolobilelo.com\/IN\/wp-json\/wp\/v2\/users\/1"}],"replies":[{"embeddable":true,"href":"https:\/\/congolobilelo.com\/IN\/wp-json\/wp\/v2\/comments?post=2974"}],"version-history":[{"count":0,"href":"https:\/\/congolobilelo.com\/IN\/wp-json\/wp\/v2\/posts\/2974\/revisions"}],"wp:featuredmedia":[{"embeddable":true,"href":"https:\/\/congolobilelo.com\/IN\/wp-json\/"}],"wp:attachment":[{"href":"https:\/\/congolobilelo.com\/IN\/wp-json\/wp\/v2\/media?parent=2974"}],"wp:term":[{"taxonomy":"category","embeddable":true,"href":"https:\/\/congolobilelo.com\/IN\/wp-json\/wp\/v2\/categories?post=2974"},{"taxonomy":"post_tag","embeddable":true,"href":"https:\/\/congolobilelo.com\/IN\/wp-json\/wp\/v2\/tags?post=2974"}],"curies":[{"name":"wp","href":"https:\/\/api.w.org\/{rel}","templated":true}]}}