{"id":2969,"date":"2012-05-02T09:36:11","date_gmt":"2012-05-02T09:36:11","guid":{"rendered":"http:\/\/www.ingeta.com\/?p=2969"},"modified":"2012-05-02T09:36:11","modified_gmt":"2012-05-02T09:36:11","slug":"pourquoi-le-congo-va-t-il-si-mal","status":"publish","type":"post","link":"https:\/\/congolobilelo.com\/IN\/pourquoi-le-congo-va-t-il-si-mal\/","title":{"rendered":"Pourquoi le Congo va-t-il si mal?"},"content":{"rendered":"<p>\t\t\t\t<strong>Le <a href=\"http:\/\/www.ingeta.com\/wp-content\/uploads\/2012\/05\/Lemalcongolais-2012.pdf\">8\u00e8me num\u00e9ro de &#8220;Dialogue&#8221;<\/a>, publi\u00e9e par l&#8217;association bas\u00e9e en Belgique, Dialogue des peuples, s&#8217;efforce \u00e0 r\u00e9pondre \u00e0 la question &#8220;Pourquoi le Congo va-t-il si mal?&#8221; dans un document de pr\u00e8s de 30 pages.<\/strong><\/p>\n<p>Ce que &#8220;Dialogue&#8221; s&#8217;attache \u00e0 montrer est que le mal remonte fort loin, \u00e0 la d\u00e9cision d\u2019un Ministre belge des Colonies qui d\u00e9cida de n\u00e9gliger la v\u00e9ritable richesse du Congo, qui est agricole, au profit des mines et de l\u2019industrie, et organisa de ce fait l\u2019\u00e9conomie congolaise de telle mani\u00e8re que l\u2019\u00e9mergence d\u2019une classe bourgeoise nationale ne fut jamais possible.<\/p>\n<p>Le document d\u00e9montre, notamment, comment le r\u00e9gime Mobutu tenta de la cr\u00e9er artificiellement, principalement au profit du Mar\u00e9chal lui-m\u00eame et de ses satellites, et aggrava ainsi le probl\u00e8me en posant les premiers jalons de ce qui devait devenir la sanglante \u00ab ins\u00e9curit\u00e9 de l\u2019Est \u00bb. Souligne, aussi, pourquoi Laurent Kabila, par trop d\u2019indulgence, laissa le probl\u00e8me subsister. Et sugg\u00e8re que le mal reste donc entier et le restera jusqu\u2019au \u00ab le suicide de la bourgeoisie \u00bb (comme l&#8217;appelait Amilcar Cabral). N\u00e9cessaire \u00ab suicide \u00bb de la petite bourgeoisie en tant que classe afin que, une fois au pouvoir, elle se mette au service des int\u00e9r\u00eats de la majorit\u00e9 et non pas \u00e0 son propre service.<\/p>\n<p><a href=\"http:\/\/www.ingeta.com\/wp-content\/uploads\/2012\/05\/Lemalcongolais-2012.pdf\">T\u00e9l\u00e9chargez ce document<\/a>.\t\t<\/p>\n","protected":false},"excerpt":{"rendered":"<p>Le 8\u00e8me num\u00e9ro de &#8220;Dialogue&#8221;, publi\u00e9e par l&#8217;association bas\u00e9e en Belgique, Dialogue des peuples, s&#8217;efforce \u00e0 r\u00e9pondre \u00e0 la question &#8220;Pourquoi le Congo va-t-il si mal?&#8221; dans un document de pr\u00e8s de 30 pages. Ce que &#8220;Dialogue&#8221; s&#8217;attache \u00e0 montrer est que le mal remonte fort loin, \u00e0 la d\u00e9cision d\u2019un Ministre belge des Colonies [&hellip;]<\/p>\n","protected":false},"author":1,"featured_media":2970,"comment_status":"open","ping_status":"closed","sticky":false,"template":"","format":"standard","meta":{"_acf_changed":false,"content-type":"","footnotes":""},"categories":[148,124],"tags":[],"class_list":["post-2969","post","type-post","status-publish","format-standard","has-post-thumbnail","hentry","category-documents-presse","category-politique-societe"],"acf":[],"_links":{"self":[{"href":"https:\/\/congolobilelo.com\/IN\/wp-json\/wp\/v2\/posts\/2969","targetHints":{"allow":["GET"]}}],"collection":[{"href":"https:\/\/congolobilelo.com\/IN\/wp-json\/wp\/v2\/posts"}],"about":[{"href":"https:\/\/congolobilelo.com\/IN\/wp-json\/wp\/v2\/types\/post"}],"author":[{"embeddable":true,"href":"https:\/\/congolobilelo.com\/IN\/wp-json\/wp\/v2\/users\/1"}],"replies":[{"embeddable":true,"href":"https:\/\/congolobilelo.com\/IN\/wp-json\/wp\/v2\/comments?post=2969"}],"version-history":[{"count":0,"href":"https:\/\/congolobilelo.com\/IN\/wp-json\/wp\/v2\/posts\/2969\/revisions"}],"wp:featuredmedia":[{"embeddable":true,"href":"https:\/\/congolobilelo.com\/IN\/wp-json\/"}],"wp:attachment":[{"href":"https:\/\/congolobilelo.com\/IN\/wp-json\/wp\/v2\/media?parent=2969"}],"wp:term":[{"taxonomy":"category","embeddable":true,"href":"https:\/\/congolobilelo.com\/IN\/wp-json\/wp\/v2\/categories?post=2969"},{"taxonomy":"post_tag","embeddable":true,"href":"https:\/\/congolobilelo.com\/IN\/wp-json\/wp\/v2\/tags?post=2969"}],"curies":[{"name":"wp","href":"https:\/\/api.w.org\/{rel}","templated":true}]}}