{"id":2964,"date":"2012-04-30T17:47:03","date_gmt":"2012-04-30T17:47:03","guid":{"rendered":"http:\/\/www.ingeta.com\/?p=2964"},"modified":"2012-04-30T17:47:03","modified_gmt":"2012-04-30T17:47:03","slug":"les-medias-kinois-et-quelques-questions-dactualite","status":"publish","type":"post","link":"https:\/\/congolobilelo.com\/IN\/les-medias-kinois-et-quelques-questions-dactualite\/","title":{"rendered":"Les m\u00e9dias kinois et quelques questions d\u2019actualit\u00e9"},"content":{"rendered":"<p>\t\t\t\t<em>Par Jean-Pierre Mbelu.<\/em><\/p>\n<p><em><strong>Il est parfois \u00e9tonnant de remarquer que plusieurs journaux de notre pays se limitent \u00e0 commenter l\u2019actualit\u00e9 telle qu\u2019elle est faite par les tenants du pouvoir sortant (ou ayant fait le coup d\u2019Etat administratif apr\u00e8s les \u00e9lections chaotiques de novembre et d\u00e9cembre 2011) sans faire de lien avec ce qui se vit et est dit sur notre pays sous d\u2019autres cieux. Ce faisant, ils aident difficilement leurs lecteurs \u00e0 avoir une vision plus ou moins lucide de notre histoire collective. Pourtant, une certaine efficacit\u00e9 de nos actions \u00e0 impact visible sera li\u00e9e \u00e0 la ma\u00eetrise que nous aurons de cette histoire.<\/strong><\/em><\/p>\n<p>Prenons quelques exemples.\u00a0 Le 31 mars 2012, un ex-proche de Paul Kagame, le Docteur Th\u00e9og\u00e8ne Rudasingwa, lors d\u2019une conf\u00e9rence \u00e0 Bruxelles, soutient que c\u2019est l\u2019actuel Pr\u00e9sident du Rwanda qui a orchestr\u00e9 la mort de Laurent-D\u00e9sir\u00e9 Kabila. Cette r\u00e9v\u00e9lation est faite longtemps apr\u00e8s la diffusion d\u2019un film posant effectivement la question de savoir qui a tu\u00e9 Laurent-D\u00e9sir\u00e9 Kabila. (Le documentaire de Thierry Michel est intitul\u00e9 \u2018Meurtre \u00e0 Kinshasa. Qui a tu\u00e9 Laurent-D\u00e9sir\u00e9 Kabila ?\u2019) Il est quand m\u00eame ahurissant que le d\u00e9but de r\u00e9ponse \u00e0 la question pos\u00e9e par ce documentaire n\u2019ait pas retenu l\u2019attention de plusieurs m\u00e9dias de notre pays !<\/p>\n<p>Et puis,\u00a0 en\u00a0 suivant ce documentaire, on se rend compte que l\u2019un des proches de Laurent-D\u00e9sir\u00e9 Kabila, encore vivant, Y\u00e9rodia Ndombasi, soutient que les Congolais(es) arr\u00eat\u00e9(es) au sujet de ce meurtre sont innocent(es). Exploiter la r\u00e9v\u00e9lation de Th\u00e9og\u00e8ne Rudasingwa\u00a0 aurait permis l\u2019attrait de l\u2019attention sur nos compatriotes incarc\u00e9r\u00e9s \u00e0 la prison\u00a0 de Makala et dont le proc\u00e8s est toujours remis aux calendes grecques.<br \/>\nMalheureusement, ces compatriotes ne sont pas les seuls. Plusieurs prisonniers d\u2019opinion et\/ou politiques se retrouvent dans cette prison sans qu\u2019un d\u00e9but de leur jugement soit envisag\u00e9. Gabriel Mokia et le pasteur Kutino sont les cas les plus connus.<\/p>\n<p>En dehors de Makala, il y a ces autres prisons souterraines et cach\u00e9es o\u00f9 croupissent certains de nos compatriotes dans le total m\u00e9pris de la dignit\u00e9 humaine. Les experts de l\u2019ONU enqu\u00eatant sur les violations des droits humains pendant la p\u00e9riode \u00e9lectorale n\u2019ont pas pu y avoir acc\u00e8s. Dans ces prisons souterraines et cach\u00e9es, vous retrouvez en autres la garde rapproch\u00e9e de Mbuza\u00a0 Mabe dont les motifs d\u2019arrestation sont inconnus jusqu\u2019\u00e0 ce jour.<\/p>\n<p>Au sein de cette garde, certains noms nous sont connus dont celui du lieutenant Mangangu Ndoye D\u00e9ogratias. Il est d\u00e9tenu avec trois de ses compagnons sans jugement sous le fallacieux pr\u00e9texte d\u2019avoir particip\u00e9 \u00e0 la r\u00e9bellion des Enyele.<\/p>\n<p>Une autre question d\u2019actualit\u00e9 est celle de la nationalit\u00e9 de Bosco Ntaganda : il est un sujet Rwanda et membre du FPR. A Kinshasa, les journaux font allusion \u00e0 son \u00e9ventuelle arrestation et\/ou \u00e0 son jugement sans poser cette question de fond : comment un sujet Rwandais, membre du FPR, a-t-il pu se retrouver \u00e0 un haut niveau de la hi\u00e9rarchie militaire dans un pays o\u00f9 le Rwanda participe d\u2019un g\u00e9nocide oubli\u00e9 avec le soutien de grandes puissances occidentales de la pr\u00e9dation ? Ou cette autre : qui nous a fait croire que Ntanganda \u00e9tait indispensable \u00e0 la paix dans notre pays pour qu\u2019il se retrouve \u00e0 un si haut niveau d\u2019une arm\u00e9e ayant contribu\u00e9 \u00e0 l\u2019extermination de nos populations ?<br \/>\nMalgr\u00e9 la clart\u00e9 des r\u00e9ponses \u00e0 toutes ces questions, plusieurs m\u00e9dias kinois ne cessent\u00a0 d\u2019encenser \u00ab le ra\u00efs \u00bb ; c\u2019est-\u00e0-dire celui qui a b\u00e9n\u00e9fici\u00e9 directement de l\u2019assassinat de Laurent-D\u00e9sir\u00e9 Kabila et favoris\u00e9 l\u2019infiltration de notre arm\u00e9e par \u00ab les escadrons de la mort \u00bb du FPR. Bien que faisant ce travail de thurif\u00e9raires-mangeurs-\u00e9litistes, certains de ces m\u00e9dias kinois finissent toujours par trouver des \u00ab sorciers \u00bb \u00e0 la base de notre mis\u00e8re anthropologique.\u00a0 Ils mettent entre parenth\u00e8ses leur travail de d\u00e9sinformation et\u00a0 de lobotomisation ; ils mettent entre parenth\u00e8ses leur travail de lavage de cerveaux.<br \/>\nC\u2019est vrai. Il y a le d\u00e9ni de la libert\u00e9 d\u2019expression dans lequel \u00e9voluent tous ces m\u00e9dias. Il est bon de louer les efforts que l\u2019un ou l\u2019autre fournit pour d\u00e9crier les pratiques liberticides du\u00a0 pouvoir (os) sortant.\u00a0 Mais le d\u00e9ni de la libert\u00e9 ne devrait tout de m\u00eame pas contribuer au d\u00e9ni de la v\u00e9rit\u00e9 historique et \u00e0 la falsification de notre histoire collective.<br \/>\nLentement mais s\u00fbrement, plusieurs documents historiques ont jet\u00e9 une grande lumi\u00e8re sur la trag\u00e9die\u00a0 que conna\u00eet la r\u00e9gion\u00a0 de l\u2019Afrique Centrale depuis les ann\u00e9es 1990. Les t\u00e9moins vivants existent et sont m\u00eame dispos\u00e9s \u00e0 partager leur part de v\u00e9rit\u00e9 avec des juges impartiaux de cette trag\u00e9die. Rester \u00e0 leur \u00e9coute nous tournerait beaucoup plus vers la r\u00e9colte des preuves suppl\u00e9mentaires que vers une \u00e9criture insens\u00e9e de notre commune histoire collective.<\/p>\n<p>Pour rappel, Th\u00e9og\u00e8ne Rudasingwa publie, le 01 octobre 2011, un an apr\u00e8s la publication du Rapport Mapping, un texte intitul\u00e9\u00a0 \u2018La v\u00e9rit\u00e9 enfin\u2019. Bien que tardive, cette \u00ab v\u00e9rit\u00e9 \u00bb venait confirmer des hypoth\u00e8ses assez \u00e9toff\u00e9es de Pierre P\u00e9an, de Charles Onana, d\u2019Honor\u00e9 Ngbanda et d\u2019autres artisans de paix et de justice ayant travaill\u00e9 sur la trag\u00e9die de notre r\u00e9gion. Depuis lors, Th\u00e9og\u00e8ne Rudasingwa et certains autres membres dissidents du FPR n\u2019h\u00e9sitent pas\u00a0 \u00e0 dire ce qu\u2019ils savent de notre commune trag\u00e9die.<\/p>\n<p>Au Congo dit d\u00e9mocratique, l\u2019affaire Ntaganda est venue davantage \u00e9clairer le projet du FPR et de ses parrains sur les pays dits des Grands Lacs. Un projet que d\u00e9crit clairement le documentaire intitul\u00e9 \u2018Le conflit au Congo. La v\u00e9rit\u00e9 d\u00e9voil\u00e9e\u2019.<\/p>\n<p>Poursuivre la r\u00e9\u00e9criture de notre histoire en mettant entre parenth\u00e8ses toutes ces r\u00e9v\u00e9lations \u00e9quivaut \u00e0 mener une action de suicide collectif.<br \/>\nCela \u00e9tant, nous ne sommes pas s\u00fbrs que les m\u00e9dias kinois\u00a0 en tiendront compte : ils doivent survivre et \u2018ils ne mangent pas la v\u00e9rit\u00e9 historique\u2019. N\u00e9anmoins, \u00e0 d\u00e9faut de ne pas \u00ab la manger \u00bb, ils pourraient la respecter sous peine d\u2019\u00eatre qualifi\u00e9s demain de\u00a0 \u00ab m\u00e9dias collabos \u00bb et d\u2019\u00eatre destin\u00e9 \u00e0 la vindicte populaire.<br \/>\nBref, l\u2019histoire de notre\u00a0 commune trag\u00e9die est d\u00e9j\u00e0 bien r\u00e9sum\u00e9e dans certains documents suffisamment \u00e9toff\u00e9s. (Le dernier num\u00e9ro de Rencontre et Paix intitul\u00e9 \u2018Sp\u00e9cial Afrique Centrale\u2019 du mois d\u2019Avril 2012 peut \u00eatre ajout\u00e9 \u00e0 ces documents.) Il appartient aux m\u00e9dias alternatifs, \u00e0 nos minorit\u00e9s organis\u00e9es et agissantes de se saisir de ces documents, de les \u00e9tudier\u00a0 et de les approfondir pour mieux planifier leurs actions \u00e0 impact visible au Congo, dans les pays des Grands Lacs et dans toute l\u2019Afrique. Les m\u00e9dias alternatifs et les minorit\u00e9s organis\u00e9es devront comprendre que la v\u00e9ritable r\u00e9\u00e9criture de notre histoire ne se fera pas avec les acteurs faisant partie du r\u00e9seau transnational de la pr\u00e9dation de notre pays. Quoi qu\u2019ils disent, ils devraient d\u2019abord r\u00e9pondre de leur responsabilit\u00e9 dans notre commune trag\u00e9die. \u00ab Cinq chantiers, r\u00e9volution de la modernit\u00e9 \u00bb, tout \u00e7a, ce n\u2019est que de la poudre aux yeux\u2026Il n\u2019y aura pas de \u00ab r\u00e9volution de la modernit\u00e9 \u00bb sans justice et v\u00e9rit\u00e9 sur notre histoire collective.<\/p>\n<p><em><\/em><\/p>\n<p><em>J.-P. Mbelu<\/em>\t\t<\/p>\n","protected":false},"excerpt":{"rendered":"<p>Par Jean-Pierre Mbelu. Il est parfois \u00e9tonnant de remarquer que plusieurs journaux de notre pays se limitent \u00e0 commenter l\u2019actualit\u00e9 telle qu\u2019elle est faite par les tenants du pouvoir sortant (ou ayant fait le coup d\u2019Etat administratif apr\u00e8s les \u00e9lections chaotiques de novembre et d\u00e9cembre 2011) sans faire de lien avec ce qui se vit [&hellip;]<\/p>\n","protected":false},"author":1,"featured_media":2965,"comment_status":"open","ping_status":"closed","sticky":false,"template":"","format":"standard","meta":{"_acf_changed":false,"content-type":"","footnotes":""},"categories":[107,119,124],"tags":[],"class_list":["post-2964","post","type-post","status-publish","format-standard","has-post-thumbnail","hentry","category-analyses-commentaires","category-medias","category-politique-societe"],"acf":[],"_links":{"self":[{"href":"https:\/\/congolobilelo.com\/IN\/wp-json\/wp\/v2\/posts\/2964","targetHints":{"allow":["GET"]}}],"collection":[{"href":"https:\/\/congolobilelo.com\/IN\/wp-json\/wp\/v2\/posts"}],"about":[{"href":"https:\/\/congolobilelo.com\/IN\/wp-json\/wp\/v2\/types\/post"}],"author":[{"embeddable":true,"href":"https:\/\/congolobilelo.com\/IN\/wp-json\/wp\/v2\/users\/1"}],"replies":[{"embeddable":true,"href":"https:\/\/congolobilelo.com\/IN\/wp-json\/wp\/v2\/comments?post=2964"}],"version-history":[{"count":0,"href":"https:\/\/congolobilelo.com\/IN\/wp-json\/wp\/v2\/posts\/2964\/revisions"}],"wp:featuredmedia":[{"embeddable":true,"href":"https:\/\/congolobilelo.com\/IN\/wp-json\/"}],"wp:attachment":[{"href":"https:\/\/congolobilelo.com\/IN\/wp-json\/wp\/v2\/media?parent=2964"}],"wp:term":[{"taxonomy":"category","embeddable":true,"href":"https:\/\/congolobilelo.com\/IN\/wp-json\/wp\/v2\/categories?post=2964"},{"taxonomy":"post_tag","embeddable":true,"href":"https:\/\/congolobilelo.com\/IN\/wp-json\/wp\/v2\/tags?post=2964"}],"curies":[{"name":"wp","href":"https:\/\/api.w.org\/{rel}","templated":true}]}}