{"id":2937,"date":"2012-04-28T17:31:53","date_gmt":"2012-04-28T17:31:53","guid":{"rendered":"http:\/\/www.ingeta.com\/?p=2937"},"modified":"2012-04-28T17:31:53","modified_gmt":"2012-04-28T17:31:53","slug":"manifestation-non-au-14eme-sommet-de-la-francophonie-a-kinshasa","status":"publish","type":"post","link":"https:\/\/congolobilelo.com\/IN\/manifestation-non-au-14eme-sommet-de-la-francophonie-a-kinshasa\/","title":{"rendered":"Manifestation: &#8220;Non au 14\u00e8me sommet de la Francophonie \u00e0 Kinshasa&#8221;, le 2 juin \u00e0 Paris"},"content":{"rendered":"<p>\t\t\t\t<a href=\"http:\/\/www.ingeta.com\/wp-content\/uploads\/2012\/04\/Kinshasa2012.jpg\"><img loading=\"lazy\" decoding=\"async\" class=\"alignleft size-medium wp-image-2938\" title=\"Kinshasa2012\" src=\"http:\/\/www.ingeta.com\/wp-content\/uploads\/2012\/04\/Kinshasa2012-233x300.jpg\" alt=\"\" width=\"233\" height=\"300\" \/><\/a><strong>Date:<\/strong><br \/>\n2 juin 2012<\/p>\n<p><strong>Heure: <\/strong><br \/>\nDe 14h \u00e0 18h<\/p>\n<p><strong>Lieu de rassemblement:<\/strong><br \/>\nSi\u00e8ge de l&#8217;organisation internationale de la Francophonie (OIF), 19-21 avenue Bosquet, 75007 Paris, France.<\/p>\n<p><strong>Communiqu\u00e9:<\/strong><br \/>\nL&#8217;APARECO invite toutes les personnes \u00e9prises de Justice et de Paix pour la RDC, tous les congolais(es) et tous les vaillants mouvements et partis politiques de la r\u00e9sistance, \u00e0 s&#8217;associer \u00e0 cette manifestation Soyez tous les bienvenus : UDPS \u2013 CEC- Collectif RDC France \u2013 ARP- Objectif Congo- UCDP- RCK- CRC- APK-MLC- BPK- CCRF- RPCFRANCE \u2013 MNR \u2013 Collectif SOS RDCONGO &#8211; Mission &#8220;CONGODEBOUT&#8221;, Bana Congo, MRDCF etc&#8230; )<br \/>\n============================<br \/>\nContact \/ APARECO-EUROPE : T\u00e9l: 00 33 6 13 93 15 74<br \/>\nSite web: www.apareco-rdc.com\t\t<\/p>\n","protected":false},"excerpt":{"rendered":"<p>Date: 2 juin 2012 Heure: De 14h \u00e0 18h Lieu de rassemblement: Si\u00e8ge de l&#8217;organisation internationale de la Francophonie (OIF), 19-21 avenue Bosquet, 75007 Paris, France. Communiqu\u00e9: L&#8217;APARECO invite toutes les personnes \u00e9prises de Justice et de Paix pour la RDC, tous les congolais(es) et tous les vaillants mouvements et partis politiques de la r\u00e9sistance, [&hellip;]<\/p>\n","protected":false},"author":1,"featured_media":2938,"comment_status":"open","ping_status":"closed","sticky":false,"template":"","format":"standard","meta":{"_acf_changed":false,"content-type":"","footnotes":""},"categories":[156,116,124],"tags":[],"class_list":["post-2937","post","type-post","status-publish","format-standard","has-post-thumbnail","hentry","category-france","category-manifs","category-politique-societe"],"acf":[],"_links":{"self":[{"href":"https:\/\/congolobilelo.com\/IN\/wp-json\/wp\/v2\/posts\/2937","targetHints":{"allow":["GET"]}}],"collection":[{"href":"https:\/\/congolobilelo.com\/IN\/wp-json\/wp\/v2\/posts"}],"about":[{"href":"https:\/\/congolobilelo.com\/IN\/wp-json\/wp\/v2\/types\/post"}],"author":[{"embeddable":true,"href":"https:\/\/congolobilelo.com\/IN\/wp-json\/wp\/v2\/users\/1"}],"replies":[{"embeddable":true,"href":"https:\/\/congolobilelo.com\/IN\/wp-json\/wp\/v2\/comments?post=2937"}],"version-history":[{"count":0,"href":"https:\/\/congolobilelo.com\/IN\/wp-json\/wp\/v2\/posts\/2937\/revisions"}],"wp:featuredmedia":[{"embeddable":true,"href":"https:\/\/congolobilelo.com\/IN\/wp-json\/"}],"wp:attachment":[{"href":"https:\/\/congolobilelo.com\/IN\/wp-json\/wp\/v2\/media?parent=2937"}],"wp:term":[{"taxonomy":"category","embeddable":true,"href":"https:\/\/congolobilelo.com\/IN\/wp-json\/wp\/v2\/categories?post=2937"},{"taxonomy":"post_tag","embeddable":true,"href":"https:\/\/congolobilelo.com\/IN\/wp-json\/wp\/v2\/tags?post=2937"}],"curies":[{"name":"wp","href":"https:\/\/api.w.org\/{rel}","templated":true}]}}