{"id":2932,"date":"2012-04-28T17:13:33","date_gmt":"2012-04-28T17:13:33","guid":{"rendered":"http:\/\/www.ingeta.com\/?p=2932"},"modified":"2012-04-28T17:13:33","modified_gmt":"2012-04-28T17:13:33","slug":"lancement-officiel-du-livre-le-canada-dans-les-guerres-en-afrique-centrale","status":"publish","type":"post","link":"https:\/\/congolobilelo.com\/IN\/lancement-officiel-du-livre-le-canada-dans-les-guerres-en-afrique-centrale\/","title":{"rendered":"Lancement officiel du livre: &#8220;Le Canada dans les guerres en Afrique Centrale&#8221;"},"content":{"rendered":"<p>\t\t\t\t<em><strong>Patrick MBEKO<\/strong>\u00a0pr\u00e9sente son livre\u00a0le 12 mai 2012, \u00e0 18h au Centre des Loisirs de Saint-Laurent, au 1375, rue Grenet, Montr\u00e9al, Canada.<\/em><\/p>\n<p><strong>Communiqu\u00e9:<\/strong><br \/>\nDans cet ouvrage sans concessions et remarquablement document\u00e9, Patrick Mbeko nous plonge dans les m\u00e9andres de l\u2019\u00e9conomie du crime qui s\u00e9vit en Afrique centrale, particuli\u00e8rement en RD Congo. Il d\u00e9voile l\u2019existence d\u2019op\u00e9rations concert\u00e9es entre le Canada, les puissances occidentales et leurs multinationales, par le Rwanda interpos\u00e9, pour d\u00e9pouiller la RDC de ses ressources strat\u00e9giques, quitte \u00e0 la d\u00e9membrer en de micro-\u00c9tats. Il met en lumi\u00e8re l\u2019assujettissement de la justice internationale \u00e0 une communaut\u00e9 d\u2019\u00e9lites capitalistes et r\u00e9v\u00e8le comment, en 2006 \u2212 et en 2011\u2212 la \u00ab communaut\u00e9 internationale \u00bb et un ancien Premier ministre canadien ont parrain\u00e9 des fictions \u00e9lectorales pour maintenir au pouvoir le pr\u00e9sident Joseph Kabila, pr\u00e9sent\u00e9 comme le garant des int\u00e9r\u00eats occidentaux au Congo.\u00a0M\u00ealant analyse minutieuse et critique impitoyable, non sans audace intellectuelle, l\u2019auteur taille en pi\u00e8ces l\u2019Histoire officielle de la trag\u00e9die rwandaise et d\u00e9montre que la v\u00e9rit\u00e9 sur ce drame a \u00e9t\u00e9 tronqu\u00e9e, voire soigneusement occult\u00e9e, pour asseoir et justifier en Afrique des Grands Lacs une \u00ab politique du d\u00e9sastre \u00bb parrain\u00e9e par le Canada et d\u2019autres \u00ab grandes d\u00e9mocraties \u00bb occidentales. Pour la premi\u00e8re fois, on apprend comment le Canada a particip\u00e9 \u00e0 l\u2019assassinat du premier chef de gouvernement du Congo, Patrice Emery Lumumba. Ce livre que tout Africain et citoyen du monde doit lire est pr\u00e9fac\u00e9 par le journaliste am\u00e9ricain <strong>Keith Harmon Snow<\/strong> et Postfac\u00e9 par Ma\u00eetre <strong>Christopher Black<\/strong>, avocat au Tribunal P\u00e9nal International pour le Rwanda (TPIR).<\/p>\n<p>\u00ab Patrick Mbeko fait entendre, avec une \u00e9loquence qui colle aux faits et aux documents, une voix africaine, congolaise de surcro\u00eet, \u00a0dans le concert qui s&#8217;amplifie enfin sur la barbarie g\u00e9nocidaire et les guerres de pillage impos\u00e9es depuis plus de 20 ans \u00e0 l&#8217;Afrique des Grands lacs par les ma\u00eetres, \u00c9tats et firmes multinationales confondus, de l&#8217;Apartheid mondial \u00bb.<strong>JOONEED KHAN<\/strong> Journaliste, \u00e9crivain et militant de droits humains.<br \/>\n<img loading=\"lazy\" decoding=\"async\" class=\"alignnone size-full wp-image-2933\" title=\"Le Canada dans les guerres en Afrique centrale\" src=\"http:\/\/www.ingeta.com\/wp-content\/uploads\/2012\/04\/mbeko.jpg\" alt=\"\" width=\"463\" height=\"720\" \/>\t\t<\/p>\n","protected":false},"excerpt":{"rendered":"<p>Patrick MBEKO\u00a0pr\u00e9sente son livre\u00a0le 12 mai 2012, \u00e0 18h au Centre des Loisirs de Saint-Laurent, au 1375, rue Grenet, Montr\u00e9al, Canada. Communiqu\u00e9: Dans cet ouvrage sans concessions et remarquablement document\u00e9, Patrick Mbeko nous plonge dans les m\u00e9andres de l\u2019\u00e9conomie du crime qui s\u00e9vit en Afrique centrale, particuli\u00e8rement en RD Congo. Il d\u00e9voile l\u2019existence d\u2019op\u00e9rations concert\u00e9es [&hellip;]<\/p>\n","protected":false},"author":1,"featured_media":2933,"comment_status":"open","ping_status":"closed","sticky":false,"template":"","format":"standard","meta":{"_acf_changed":false,"content-type":"","footnotes":""},"categories":[145,119,120],"tags":[],"class_list":["post-2932","post","type-post","status-publish","format-standard","has-post-thumbnail","hentry","category-conferences-salons","category-medias","category-mondialisation"],"acf":[],"_links":{"self":[{"href":"https:\/\/congolobilelo.com\/IN\/wp-json\/wp\/v2\/posts\/2932","targetHints":{"allow":["GET"]}}],"collection":[{"href":"https:\/\/congolobilelo.com\/IN\/wp-json\/wp\/v2\/posts"}],"about":[{"href":"https:\/\/congolobilelo.com\/IN\/wp-json\/wp\/v2\/types\/post"}],"author":[{"embeddable":true,"href":"https:\/\/congolobilelo.com\/IN\/wp-json\/wp\/v2\/users\/1"}],"replies":[{"embeddable":true,"href":"https:\/\/congolobilelo.com\/IN\/wp-json\/wp\/v2\/comments?post=2932"}],"version-history":[{"count":0,"href":"https:\/\/congolobilelo.com\/IN\/wp-json\/wp\/v2\/posts\/2932\/revisions"}],"wp:featuredmedia":[{"embeddable":true,"href":"https:\/\/congolobilelo.com\/IN\/wp-json\/"}],"wp:attachment":[{"href":"https:\/\/congolobilelo.com\/IN\/wp-json\/wp\/v2\/media?parent=2932"}],"wp:term":[{"taxonomy":"category","embeddable":true,"href":"https:\/\/congolobilelo.com\/IN\/wp-json\/wp\/v2\/categories?post=2932"},{"taxonomy":"post_tag","embeddable":true,"href":"https:\/\/congolobilelo.com\/IN\/wp-json\/wp\/v2\/tags?post=2932"}],"curies":[{"name":"wp","href":"https:\/\/api.w.org\/{rel}","templated":true}]}}