{"id":2834,"date":"2012-04-18T08:25:19","date_gmt":"2012-04-18T08:25:19","guid":{"rendered":"http:\/\/www.ingeta.com\/?p=2834"},"modified":"2012-04-18T08:25:19","modified_gmt":"2012-04-18T08:25:19","slug":"france-conference-sur-la-situation-politique-en-rdc-le-24-avril-2012-a-paris-24041990-24042012-etat-de-droit-au-congo-ou-en-sommes-nous","status":"publish","type":"post","link":"https:\/\/congolobilelo.com\/IN\/france-conference-sur-la-situation-politique-en-rdc-le-24-avril-2012-a-paris-24041990-24042012-etat-de-droit-au-congo-ou-en-sommes-nous\/","title":{"rendered":"France: Conf\u00e9rence sur la situation politique en RDC, le 24 avril 2012 \u00e0 Paris, &#8220;Etat de droit au Congo: o\u00f9 en sommes nous?&#8221;"},"content":{"rendered":"<p>\t\t\t\t&nbsp;<\/p>\n<p>&nbsp;<\/p>\n<p><strong><img loading=\"lazy\" decoding=\"async\" class=\"alignleft  wp-image-2836\" title=\"RDC240420122\" src=\"http:\/\/www.ingeta.com\/wp-content\/uploads\/2012\/04\/RDC240420122-695x1024.jpg\" alt=\"\" width=\"350\" height=\"515\" \/><\/strong><\/p>\n<p><strong>Date: <\/strong><br \/>\nMardi 24 avril 2012<\/p>\n<p><strong>Heure:<\/strong><br \/>\n17h45 \u00e0 21h30<\/p>\n<p><strong>Lieu:<\/strong><br \/>\nImmeuble Pegasse, 2 boulevard de la lib\u00e9ration, 93200 Saint-Denis (r\u00e9gion parisienne).<\/p>\n<p><strong>Th\u00e8me:<\/strong><br \/>\n24\/04\/1990-24\/04\/2012: 22 ANS DU PROCESSUS DE DEMOCRATISATION &amp; DE RECHERCHE D&#8217;UN ETAT DE DROIT EN RDC: OU EN SOMMES-NOUS?<br \/>\n<em>Il y a 22 ans, le Pr\u00e9sident dictateur MOBUTU ouvrait l&#8217;espace politique congolais ( Za\u00efrois \u00e0 l&#8217;\u00e9poque ) lors de son fameux discours au cours duquel il a pleur\u00e9 publiquement le 24\/04\/1990 en la\u00e7ant la fameuse phrase &#8221; COMPRENEZ MON EMOTION&#8230;&#8221;<br \/>\nDe MOBUTU A KABILA PERE &amp; FILS: O\u00f9 est la part du peuple Congolais? Qu&#8217;est-ce qui a r\u00e9gress\u00e9 et qu&#8217;est-ce qui a avanc\u00e9?<\/em><\/p>\n<p>Sous-Th\u00e8mes:<br \/>\n-QUE FAUT-IL POUR REMETTRE LA DIASPORA DANS SES DROITS AU CONGO?<br \/>\n-LE DEGRE DE CULTURE POLITIQUE DE L&#8217;ELITE CONGOLAISE<br \/>\n-LA PROBLEMATIQUE DE LA DOUBLE NATIONALITE. COMMENT LA RESOUDRE?<\/p>\n<p>Avec des Conf\u00e9renciers de marque:<\/p>\n<p><strong>ORATEUR PRINCIPAL:<\/strong><br \/>\n-Professeur Julien CIAKUDIA, Panafricaniste et Lobbyste international, Th\u00e9ologien et Sociologue form\u00e9 \u00e0 l&#8217;Universit\u00e9 de Montr\u00e9al au CANADA.<br \/>\nLeader Charismatique et Promoteur de la R\u00e9sistance Patriotique Congolaise Mondiale \u00e0 la De Gaule \u00e0 partir de Londres. Pr\u00e9sident National des Patriotes R\u00e9sistants pour la Lib\u00e9ration Totale du Congo (UPR) qui a l&#8217;ambition de devenir l&#8217;Union des Patriotes R\u00e9publicains de la RDC.<\/p>\n<p><strong>ORATEURS INVITES:<\/strong><br \/>\n-LONSI KOKO, Essayiste, Ecrivain et Politicien. Candidat d\u00e9put\u00e9 aux \u00e9lections contest\u00e9es du 28\/11\/2011 \u00e0 Madimba au Bas-Congo<br \/>\n-BABI BALUKUNA, Journaliste acquis au changement, Politicien, emprisonn\u00e9 par la police politique de KABILA avant les \u00e9lections pour ses id\u00e9es. Candidat d\u00e9put\u00e9 aux \u00e9lections contest\u00e9es du 28\/11\/2011 pour la ville de Kinshasa.<br \/>\n-T\u00e9moignage et analyse de Yves MAKABI MUNGWAMA. Ambassadeur des jeunes et candidat aux \u00e9lections l\u00e9gislatives Contest\u00e9es du 28\/11\/11 au Congo pour la ville de Kinshasa<br \/>\n-Pasteur Philippe KABONGO-MBAYA, Docteur en Th\u00e9ologie, Sociologue, Pasteur de l&#8217;Eglise reform\u00e9e de France. Expert, il a \u00e9t\u00e9 charg\u00e9 de mission \u00e0 l&#8217;Alliance r\u00e9form\u00e9e mondiale pour les Eglises de l&#8217;Afrique francophone en 1992 et il est le repr\u00e9sentant de l\u2019Alliance r\u00e9form\u00e9e mondiale pour la R\u00e9publique d\u00e9mocratique du Congo<\/p>\n<p><strong>MODERATEURS:<\/strong><br \/>\nChristelle KAVOKA et Alain NDONGISILA<\/p>\n<p><strong>Info-contact: <\/strong><br \/>\n0666127389 &#8211; 0698761270<br \/>\nE-mail: rdc.devoirdememoire@gmail.com<br \/>\nwebsite: <a href=\"http:\/\/www.journalducongo.com\">www.journalducongo.com<\/a>\t\t<\/p>\n","protected":false},"excerpt":{"rendered":"<p>&nbsp; &nbsp; Date: Mardi 24 avril 2012 Heure: 17h45 \u00e0 21h30 Lieu: Immeuble Pegasse, 2 boulevard de la lib\u00e9ration, 93200 Saint-Denis (r\u00e9gion parisienne). Th\u00e8me: 24\/04\/1990-24\/04\/2012: 22 ANS DU PROCESSUS DE DEMOCRATISATION &amp; DE RECHERCHE D&#8217;UN ETAT DE DROIT EN RDC: OU EN SOMMES-NOUS? Il y a 22 ans, le Pr\u00e9sident dictateur MOBUTU ouvrait l&#8217;espace politique [&hellip;]<\/p>\n","protected":false},"author":1,"featured_media":2835,"comment_status":"open","ping_status":"open","sticky":false,"template":"","format":"standard","meta":{"_acf_changed":false,"content-type":"","footnotes":""},"categories":[145,108,122,124],"tags":[],"class_list":["post-2834","post","type-post","status-publish","format-standard","has-post-thumbnail","hentry","category-conferences-salons","category-evenements","category-news-alertes","category-politique-societe"],"acf":[],"_links":{"self":[{"href":"https:\/\/congolobilelo.com\/IN\/wp-json\/wp\/v2\/posts\/2834","targetHints":{"allow":["GET"]}}],"collection":[{"href":"https:\/\/congolobilelo.com\/IN\/wp-json\/wp\/v2\/posts"}],"about":[{"href":"https:\/\/congolobilelo.com\/IN\/wp-json\/wp\/v2\/types\/post"}],"author":[{"embeddable":true,"href":"https:\/\/congolobilelo.com\/IN\/wp-json\/wp\/v2\/users\/1"}],"replies":[{"embeddable":true,"href":"https:\/\/congolobilelo.com\/IN\/wp-json\/wp\/v2\/comments?post=2834"}],"version-history":[{"count":0,"href":"https:\/\/congolobilelo.com\/IN\/wp-json\/wp\/v2\/posts\/2834\/revisions"}],"wp:featuredmedia":[{"embeddable":true,"href":"https:\/\/congolobilelo.com\/IN\/wp-json\/"}],"wp:attachment":[{"href":"https:\/\/congolobilelo.com\/IN\/wp-json\/wp\/v2\/media?parent=2834"}],"wp:term":[{"taxonomy":"category","embeddable":true,"href":"https:\/\/congolobilelo.com\/IN\/wp-json\/wp\/v2\/categories?post=2834"},{"taxonomy":"post_tag","embeddable":true,"href":"https:\/\/congolobilelo.com\/IN\/wp-json\/wp\/v2\/tags?post=2834"}],"curies":[{"name":"wp","href":"https:\/\/api.w.org\/{rel}","templated":true}]}}