{"id":2827,"date":"2012-04-17T21:30:03","date_gmt":"2012-04-17T21:30:03","guid":{"rendered":"http:\/\/www.ingeta.com\/?p=2827"},"modified":"2012-04-17T21:30:03","modified_gmt":"2012-04-17T21:30:03","slug":"canada-un-militant-congolais-fait-une-greve-de-la-faim-a-fredericton-pour-les-droits-de-la-personne","status":"publish","type":"post","link":"https:\/\/congolobilelo.com\/IN\/canada-un-militant-congolais-fait-une-greve-de-la-faim-a-fredericton-pour-les-droits-de-la-personne\/","title":{"rendered":"Canada : Un militant congolais fait une gr\u00e8ve de la faim \u00e0 Fredericton pour les droits de la personne"},"content":{"rendered":"<p>\t\t\t\tSource : <a href=\"http:\/\/www.radio-canada.ca\/regions\/atlantique\/2012\/03\/07\/003-militant-congolais-greve-faim-fredericton-nb.shtml\" target=\"_blank\" rel=\"noopener\">Radio Canada <\/a><\/p>\n<p>Le militant Fredrick Wangabo Mwenengabo entame une gr\u00e8ve de la faim \u00e0 Fredericton, au Nouveau-Brunswick, dans l&#8217;espoir que le Canada d\u00e9nonce le r\u00e9gime de Joseph Kabila en R\u00e9publique d\u00e9mocratique du Congo.<\/p>\n<p id=\"contentMain_contentMain_DocumentChapitres1_rptChapitres_ctl00_0_rptParagraphes_0_pTexte_1\">\u00ab Le gouvernement canadien ou les compagnies canadiennes collaborent avec un gouvernement ill\u00e9gitime, un gouvernement qui n&#8217;a pas de l\u00e9gitimit\u00e9, un gouvernement qui tue ses personnes, un gouvernement qui travaille avec les criminels pour tuer ses personnes \u00bb, affirme Fredrick Wangabo Mwenengabo.<\/p>\n<p id=\"contentMain_contentMain_DocumentChapitres1_rptChapitres_ctl00_0_rptParagraphes_0_pTexte_2\">Depuis 1998, la violence politique aurait co\u00fbt\u00e9 la vie \u00e0 plus de 5 millions de personnes en R\u00e9publique d\u00e9mocratique du Congo. Les \u00e9lections qui ont report\u00e9 Joseph Kabila au pouvoir, l&#8217;an dernier, sont largement d\u00e9nonc\u00e9es.<\/p>\n<p id=\"contentMain_contentMain_DocumentChapitres1_rptChapitres_ctl00_0_rptParagraphes_0_pTexte_3\">Fredrick Wangabo Mwenengabo s&#8217;est r\u00e9fugi\u00e9 au Canada en 2009. Il a fui la r\u00e9pression dont il \u00e9tait victime. \u00ab J&#8217;ai \u00e9t\u00e9 kidnapp\u00e9 une fois en Ouganda, et j&#8217;ai \u00e9t\u00e9 gard\u00e9 en prison, des prisons secr\u00e8tes, l\u00e0, o\u00f9 j&#8217;ai subi des tortures \u00bb, dit-il.<\/p>\n<p>Le militant demande au gouvernement canadien de boycotter le Sommet de la Francophonie qui doit se tenir en R\u00e9publique d\u00e9mocratique du Congo, en octobre prochain.<\/p>\n<p id=\"contentMain_contentMain_DocumentChapitres1_rptChapitres_ctl00_0_rptParagraphes_0_pTexte_5\">Il souhaite aussi qu&#8217;Ottawa exerce une pression pour que soit jug\u00e9s les responsables de crimes contre l&#8217;humanit\u00e9, mais il comprend que les importants int\u00e9r\u00eats des mini\u00e8res canadiennes dans ce pays influencent la prise de position du Canada.<\/p>\n<p id=\"contentMain_contentMain_DocumentChapitres1_rptChapitres_ctl00_0_rptParagraphes_0_pTexte_6\">\u00ab Je dirais que l&#8217;investissement de compagnies canadiennes en minerai en R\u00e9publique d\u00e9mocratique du Congo est tr\u00e8s \u00e9ph\u00e9m\u00e8re. C&#8217;est \u00e0 court terme \u00bb, estime Fredrick Wangabo Mwenengabo.<\/p>\n<p id=\"contentMain_contentMain_DocumentChapitres1_rptChapitres_ctl00_0_rptParagraphes_0_pTexte_7\">Malgr\u00e9 tout, le militant congolais estime qu&#8217;il est de son devoir, m\u00eame \u00e0 l&#8217;\u00e9tranger, de poursuivre son combat pour les droits de la personne. \u00ab Des milliers de personnes qui continuent \u00e0 souffrir, la souffrance que j&#8217;ai vue, que j&#8217;ai v\u00e9cue, les personnes que je travaillais avec, et l\u00e0 \u00e7a ne sert \u00e0 rien de me rendre complice de la situation aussi et de ne pas parler de cette injustice \u00bb, dit-il.<\/p>\n<p id=\"contentMain_contentMain_DocumentChapitres1_rptChapitres_ctl00_0_rptParagraphes_0_pTexte_8\">Fredrick Wangabo Mwenengabo compte poursuivre sa gr\u00e8ve de la faim tant qu&#8217;il n&#8217;obtiendra pas une r\u00e9ponse positive d&#8217;Ottawa.<\/p>\n","protected":false},"excerpt":{"rendered":"<p>Source : Radio Canada Le militant Fredrick Wangabo Mwenengabo entame une gr\u00e8ve de la faim \u00e0 Fredericton, au Nouveau-Brunswick, dans l&#8217;espoir que le Canada d\u00e9nonce le r\u00e9gime de Joseph Kabila en R\u00e9publique d\u00e9mocratique du Congo. \u00ab Le gouvernement canadien ou les compagnies canadiennes collaborent avec un gouvernement ill\u00e9gitime, un gouvernement qui n&#8217;a pas de l\u00e9gitimit\u00e9, [&hellip;]<\/p>\n","protected":false},"author":1,"featured_media":2828,"comment_status":"open","ping_status":"open","sticky":false,"template":"","format":"standard","meta":{"_acf_changed":false,"content-type":"","footnotes":""},"categories":[141,142,122,124],"tags":[],"class_list":["post-2827","post","type-post","status-publish","format-standard","has-post-thumbnail","hentry","category-canada","category-ce-que-disent-les-medias","category-news-alertes","category-politique-societe"],"acf":[],"_links":{"self":[{"href":"https:\/\/congolobilelo.com\/IN\/wp-json\/wp\/v2\/posts\/2827","targetHints":{"allow":["GET"]}}],"collection":[{"href":"https:\/\/congolobilelo.com\/IN\/wp-json\/wp\/v2\/posts"}],"about":[{"href":"https:\/\/congolobilelo.com\/IN\/wp-json\/wp\/v2\/types\/post"}],"author":[{"embeddable":true,"href":"https:\/\/congolobilelo.com\/IN\/wp-json\/wp\/v2\/users\/1"}],"replies":[{"embeddable":true,"href":"https:\/\/congolobilelo.com\/IN\/wp-json\/wp\/v2\/comments?post=2827"}],"version-history":[{"count":0,"href":"https:\/\/congolobilelo.com\/IN\/wp-json\/wp\/v2\/posts\/2827\/revisions"}],"wp:featuredmedia":[{"embeddable":true,"href":"https:\/\/congolobilelo.com\/IN\/wp-json\/"}],"wp:attachment":[{"href":"https:\/\/congolobilelo.com\/IN\/wp-json\/wp\/v2\/media?parent=2827"}],"wp:term":[{"taxonomy":"category","embeddable":true,"href":"https:\/\/congolobilelo.com\/IN\/wp-json\/wp\/v2\/categories?post=2827"},{"taxonomy":"post_tag","embeddable":true,"href":"https:\/\/congolobilelo.com\/IN\/wp-json\/wp\/v2\/tags?post=2827"}],"curies":[{"name":"wp","href":"https:\/\/api.w.org\/{rel}","templated":true}]}}