{"id":2784,"date":"2012-04-13T22:55:31","date_gmt":"2012-04-13T22:55:31","guid":{"rendered":"http:\/\/www.ingeta.com\/?p=2784"},"modified":"2012-04-13T22:55:31","modified_gmt":"2012-04-13T22:55:31","slug":"belgique-grande-manifestation-free-tshisekedi-samedi-14-avril-2012","status":"publish","type":"post","link":"https:\/\/congolobilelo.com\/IN\/belgique-grande-manifestation-free-tshisekedi-samedi-14-avril-2012\/","title":{"rendered":"Belgique: Grande manifestation &#8220;Free Tshisekedi&#8221;, samedi 14 avril 2012"},"content":{"rendered":"<p>\t\t\t\t&nbsp;<\/p>\n<p>&nbsp;<\/p>\n<p><strong>Date: <\/strong><br \/>\nSamedi 14 avril 2012.<\/p>\n<p><strong>Lieu de ralliement: <\/strong><br \/>\nM\u00e9tro Tr\u00f4ne, Bruxelles.<\/p>\n<p><strong>Heure:<\/strong><br \/>\nA partir de 14h.<\/p>\n<p><strong>Communiqu\u00e9:<\/strong><br \/>\nFort du rapport final de l&#8217;Union Europ\u00e9enne qui d\u00e9clare d\u00e9finitivement les \u00e9lections en RDC comme non cr\u00e9dibles, la communaut\u00e9 Congolaise veut attirer l&#8217;attention sur le cas du Pr\u00e9sident Tshisekedi qui est le nouvel Aung San Suu Kyi de la Communaut\u00e9 Internationale car en r\u00e9sidence surveill\u00e9e alors qu&#8217;il est le grand vainqueur des \u00e9lections.<br \/>\nLe rapport final de l&#8217;Union Europ\u00e9enne l\u00e9gitime la lutte de toute une diaspora trop longtemps diabolis\u00e9e par les m\u00e9dias surtout un que nous ne nommerons point, mais bien plus, il \u00f4te \u00e0 tout jamais toute caution morale \u00e0 tout qui voudrait s&#8217;acoquiner avec le r\u00e9gime dictatorial, totalitaire et sanguinaire de Mr Kabila (voir dernier rapport ONU + PI\u00c8CE JOINTE CONGO IMPOSSIBLE).<br \/>\nNous vous invitons nombreux \u00e0 assister \u00e0 la c\u00e9l\u00e9bration de ce que la diaspora consid\u00e8re comme sa victoire gr\u00e2ce \u00e0 un rapport&#8230; fort tardif&#8230;<\/p>\n<p>GRANDE MANIFESTATION-MEETING FREE TSHISEKEDI \/ FREE DEMOCRACY IN CONGO DRC. LE PRESIDENT EST EN RESIDENCE SURVEILLEE&#8230;<br \/>\nLBEREZ TSHISEKEDI \/ LIBEREZ LA DEMOCRATIE ET RESPECTEZ LE RAPPORT DE L&#8217;UNION EUROPEENNE. LE TRICHEUR A LA CPI. KABILA DEGAGE ! REYNDERS DEMISSION ! TSHISEKEDI PRESIDENT!<\/p>\n<p>Rtbf t\u00e9l\u00e9 s&#8217;abstenir svp.<\/p>\n<p><strong>Contact:<\/strong><br \/>\nJoseph Mbeka<br \/>\nPr\u00e9sident Change in Congo \/ NZAKOMBA<br \/>\n+32486855392<\/p>\n<p><strong>Pour plus d&#8217;informations:<\/strong><\/p>\n<p>TSHISEKEDI EN RESIDENCE SURVEILLEE<br \/>\n<a href=\"http:\/\/www.rtl.be\/videos\/video\/389225.aspx\">http:\/\/www.rtl.be\/videos\/video\/389225.aspx<\/a><\/p>\n<p>Des cris au Parlement F\u00e9d\u00e9ral<br \/>\n<a href=\"http:\/\/www.rtbf.be\/video\/v_la-chambre-protestation-de-congolais-de-belgique?id=1716255&amp;category=info\">http:\/\/www.rtbf.be\/video\/v_la-chambre-protestation-de-congolais-de-belgique?id=1716255&amp;category=info<\/a><\/p>\n<p>Reynders malmen\u00e9 apr\u00e8s son voyage sans soutien<br \/>\n<a href=\"http:\/\/www.youtube.com\/watch?v=ipSWDN7crKc&amp;feature=relmfu\">http:\/\/www.youtube.com\/watch?v=ipSWDN7crKc&amp;feature=relmfu<\/a><\/p>\n<p>*LE RAPPORT DE L&#8217;UE : des elections non credibles<br \/>\nJeune Afrique<br \/>\n<a href=\"http:\/\/www.jeuneafrique.com\/Article\/ARTJAWEB20120329204522\/\">http:\/\/www.jeuneafrique.com\/Article\/ARTJAWEB20120329204522\/<\/a><\/p>\n<p>*MASSACRES EN RDC<br \/>\n<iframe loading=\"lazy\" title=\"Massacre in the Democratic Republic of Congo\" width=\"1080\" height=\"810\" src=\"https:\/\/www.youtube.com\/embed\/2s2js2GVRyc?feature=oembed\" frameborder=\"0\" allow=\"accelerometer; autoplay; clipboard-write; encrypted-media; gyroscope; picture-in-picture; web-share\" referrerpolicy=\"strict-origin-when-cross-origin\" allowfullscreen><\/iframe><\/p>\n<p>*RAPPORTS ONU \u2013 UE &#8211; CARTER<br \/>\nRapport de l&#8217;ONU sur les graves violations des droits de l&#8217;Homme<br \/>\nBBC<br \/>\n<a href=\"http:\/\/www.bbc.co.uk\/afrique\/region\/2012\/03\/120320_drc_report.shtml\">http:\/\/www.bbc.co.uk\/afrique\/region\/2012\/03\/120320_drc_report.shtml<\/a><br \/>\nLe rapport<br \/>\n<a href=\"http:\/\/www.ohchr.org\/FR\/countries\/AfricaRegion\/Pages\/ZRIndex.aspx\">http:\/\/www.ohchr.org\/FR\/countries\/AfricaRegion\/Pages\/ZRIndex.aspx<\/a><br \/>\n<a href=\"http:\/\/daccess-dds-ny.un.org\/doc\/UNDOC\/GEN\/G11\/116\/57\/PDF\/G1111657.pdf?OpenElement\">http:\/\/daccess-dds-ny.un.org\/doc\/UNDOC\/GEN\/G11\/116\/57\/PDF\/G1111657.pdf?OpenElement<\/a><br \/>\n<a href=\"http:\/\/daccess-dds-ny.un.org\/doc\/UNDOC\/GEN\/G11\/116\/57\/PDF\/G1111657.pdf?OpenElement\">http:\/\/reveil-fm.com\/index.php\/2012\/03\/20\/2350-rapport-de-l-onu-violations-des-droits-de-l-homme-pendant-les-elections-generales-en-republique-democratique-du-congo<\/a><br \/>\n<a href=\"http:\/\/www.rfi.fr\/afrique\/20120320-rdc-onu-pointe-graves-violations-droits-homme-pendant-elections-2011\">http:\/\/www.rfi.fr\/afrique\/20120320-rdc-onu-pointe-graves-violations-droits-homme-pendant-elections-2011<br \/>\n<\/a><br \/>\n*Rapport de l&#8217;UE condamnant clairement des \u00e9lections non cr\u00e9dibles<br \/>\nLa Libre<br \/>\n<a href=\"http:\/\/www.lalibre.be\/actu\/international\/article\/729241\/rdc-les-resultats-des-elections-ne-sont-pas-credibles.html\">http:\/\/www.lalibre.be\/actu\/international\/article\/729241\/rdc-les-resultats-des-elections-ne-sont-pas-credibles.html<\/a><\/p>\n<p>*Nouveau Rapport Carter<br \/>\n<a href=\"http:\/\/aprodec.blog4ever.com\/blog\/lire-article-467504-8605208-nouveau_rapport_du_centre_carter_sur_les_elections.html\">http:\/\/aprodec.blog4ever.com\/blog\/lire-article-467504-8605208-nouveau_rapport_du_centre_carter_sur_les_elections.html<\/a>\t\t<\/p>\n","protected":false},"excerpt":{"rendered":"<p>&nbsp; &nbsp; Date: Samedi 14 avril 2012. Lieu de ralliement: M\u00e9tro Tr\u00f4ne, Bruxelles. Heure: A partir de 14h. Communiqu\u00e9: Fort du rapport final de l&#8217;Union Europ\u00e9enne qui d\u00e9clare d\u00e9finitivement les \u00e9lections en RDC comme non cr\u00e9dibles, la communaut\u00e9 Congolaise veut attirer l&#8217;attention sur le cas du Pr\u00e9sident Tshisekedi qui est le nouvel Aung San Suu [&hellip;]<\/p>\n","protected":false},"author":1,"featured_media":2785,"comment_status":"open","ping_status":"open","sticky":false,"template":"","format":"standard","meta":{"_acf_changed":false,"content-type":"","footnotes":""},"categories":[167,108,116,122,124],"tags":[],"class_list":["post-2784","post","type-post","status-publish","format-standard","has-post-thumbnail","hentry","category-belgique","category-evenements","category-manifs","category-news-alertes","category-politique-societe"],"acf":[],"_links":{"self":[{"href":"https:\/\/congolobilelo.com\/IN\/wp-json\/wp\/v2\/posts\/2784","targetHints":{"allow":["GET"]}}],"collection":[{"href":"https:\/\/congolobilelo.com\/IN\/wp-json\/wp\/v2\/posts"}],"about":[{"href":"https:\/\/congolobilelo.com\/IN\/wp-json\/wp\/v2\/types\/post"}],"author":[{"embeddable":true,"href":"https:\/\/congolobilelo.com\/IN\/wp-json\/wp\/v2\/users\/1"}],"replies":[{"embeddable":true,"href":"https:\/\/congolobilelo.com\/IN\/wp-json\/wp\/v2\/comments?post=2784"}],"version-history":[{"count":0,"href":"https:\/\/congolobilelo.com\/IN\/wp-json\/wp\/v2\/posts\/2784\/revisions"}],"wp:featuredmedia":[{"embeddable":true,"href":"https:\/\/congolobilelo.com\/IN\/wp-json\/"}],"wp:attachment":[{"href":"https:\/\/congolobilelo.com\/IN\/wp-json\/wp\/v2\/media?parent=2784"}],"wp:term":[{"taxonomy":"category","embeddable":true,"href":"https:\/\/congolobilelo.com\/IN\/wp-json\/wp\/v2\/categories?post=2784"},{"taxonomy":"post_tag","embeddable":true,"href":"https:\/\/congolobilelo.com\/IN\/wp-json\/wp\/v2\/tags?post=2784"}],"curies":[{"name":"wp","href":"https:\/\/api.w.org\/{rel}","templated":true}]}}