{"id":2778,"date":"2012-04-13T22:04:53","date_gmt":"2012-04-13T22:04:53","guid":{"rendered":"http:\/\/www.ingeta.com\/?p=2778"},"modified":"2012-04-13T22:04:53","modified_gmt":"2012-04-13T22:04:53","slug":"colloque-le-congo-a-vote-et-puis-apres-le-27-avril-2012-au-parlement-europeen-a-bruxelles","status":"publish","type":"post","link":"https:\/\/congolobilelo.com\/IN\/colloque-le-congo-a-vote-et-puis-apres-le-27-avril-2012-au-parlement-europeen-a-bruxelles\/","title":{"rendered":"Colloque: &#8220;Le Congo a vot\u00e9 et puis apr\u00e8s ?&#8221; &#8211; Le 27 avril 2012 au parlement europ\u00e9en \u00e0 Bruxelles"},"content":{"rendered":"<p>\t\t\t\t&nbsp;<\/p>\n<p>&nbsp;<\/p>\n<p><strong>Date:<\/strong><br \/>\n27 avril 2012<\/p>\n<p><strong>Heure:<\/strong><br \/>\n9h30 \u00e0 13h30<\/p>\n<p><strong>Lieu:<\/strong><br \/>\nParlement europ\u00e9en<br \/>\nSalle A3G3 \u2013 B\u00e2timent Altiero Spinelli, 60 Rue Wiertz \u00e0 1047 Bruxelles<\/p>\n<p>La plupart des missions d\u2019observation\u00a0 \u00e9lectorale en RDC ont conclu au manque de cr\u00e9dibilit\u00e9 des \u00e9lections\u00a0 pr\u00e9sidentielle et l\u00e9gislatives qui se sont tenues le 28 novembre 2011.\u00a0 Plusieurs pays partenaires impliqu\u00e9s dans le financement de ce processus et la\u00a0 toute grande majorit\u00e9 des pays africains ont cependant implicitement ou\u00a0 explicitement act\u00e9 de la r\u00e9\u00e9lection du pr\u00e9sident sortant et de celle des \u00e9lus\u00a0 issus des \u00e9lections \u00e0 la d\u00e9putation nationale.<\/p>\n<p>Dans\u00a0 la foul\u00e9e de ce premier cycle du processus \u00e9lectoral, observateurs, analystes,\u00a0 membres des soci\u00e9t\u00e9s civiles congolaise et \u00e9trang\u00e8re se posent la question des\u00a0 suites d\u2019un processus qui doit se poursuivre aux autres niveaux de pouvoir\u00a0 ainsi que des imp\u00e9ratifs qui ne sont toujours pas satisfaits en mati\u00e8re\u00a0 d\u2019instauration d\u2019un \u00e9tat de droit en\u00a0 RDC.<\/p>\n<p>Un \u00e9v\u00e8nement d&#8217;Isabelle DURANT, vice-Pr\u00e9sidente du Parlement europ\u00e9en et observatrice des \u00e9lections en RDC, avec la participation de:<\/p>\n<p>&#8211; Mariya NEDELCHEVA (Chef de la mission \u00e9lectorale de l\u2019UE en RDC) : Le rapport de la Mission d&#8217;observation europ\u00e9enne en RDC (vid\u00e9o)<br \/>\n&#8211; Jean-Claude WILLAME (UCL) : Les \u00e9lections pr\u00e9sidentielle et l\u00e9gislatives : \u00e9tat de la question<br \/>\n&#8211; Bob KABAMBA (ULG) : Les suites du processus l\u00e9gislatif : aspects politiques et constitutionnels<br \/>\n&#8211; Donatella ROSTAGNO (EURAC) : Les d\u00e9fis de la suite du processus \u00e9lectoral : le point de vue de la soci\u00e9t\u00e9 civile<br \/>\n&#8211; Axelle FISCHER (Justice et Paix) : Le message de la CENCO (Conf\u00e9rence \u00e9piscopale du Congo) sur l\u2019apr\u00e8s-\u00e9lection<br \/>\n&#8211; Thierry MICHEL (cin\u00e9aste, auteur du film \u00ab L\u2019affaire Chebeya \u00bb) : Un t\u00e9moignage sur la justice et les droits de l\u2019homme<br \/>\n&#8211; Jean Michel DUMONT (EUSEC) : La poursuite de la r\u00e9forme du secteur de s\u00e9curit\u00e9<br \/>\n&#8211; IPIS (International Peace Information Service) : La sortie des d\u00e9rives mini\u00e8res en RDC<br \/>\n-In Koli Jean BOFANE (\u00e9crivain) : Le regard d\u2019un romancier congolais<\/p>\n<p><strong>Sur inscription uniquement:<\/strong><br \/>\nEnvoyer pr\u00e9nom + nom + n\u00b0 ID + date de naissance \u00e0 reza.opdebeeck@europarl.europa.eu\t\t<\/p>\n","protected":false},"excerpt":{"rendered":"<p>&nbsp; &nbsp; Date: 27 avril 2012 Heure: 9h30 \u00e0 13h30 Lieu: Parlement europ\u00e9en Salle A3G3 \u2013 B\u00e2timent Altiero Spinelli, 60 Rue Wiertz \u00e0 1047 Bruxelles La plupart des missions d\u2019observation\u00a0 \u00e9lectorale en RDC ont conclu au manque de cr\u00e9dibilit\u00e9 des \u00e9lections\u00a0 pr\u00e9sidentielle et l\u00e9gislatives qui se sont tenues le 28 novembre 2011.\u00a0 Plusieurs pays partenaires [&hellip;]<\/p>\n","protected":false},"author":1,"featured_media":2779,"comment_status":"open","ping_status":"open","sticky":false,"template":"","format":"standard","meta":{"_acf_changed":false,"content-type":"","footnotes":""},"categories":[167,145,108,122,124,127],"tags":[],"class_list":["post-2778","post","type-post","status-publish","format-standard","has-post-thumbnail","hentry","category-belgique","category-conferences-salons","category-evenements","category-news-alertes","category-politique-societe","category-rencontresdebats"],"acf":[],"_links":{"self":[{"href":"https:\/\/congolobilelo.com\/IN\/wp-json\/wp\/v2\/posts\/2778","targetHints":{"allow":["GET"]}}],"collection":[{"href":"https:\/\/congolobilelo.com\/IN\/wp-json\/wp\/v2\/posts"}],"about":[{"href":"https:\/\/congolobilelo.com\/IN\/wp-json\/wp\/v2\/types\/post"}],"author":[{"embeddable":true,"href":"https:\/\/congolobilelo.com\/IN\/wp-json\/wp\/v2\/users\/1"}],"replies":[{"embeddable":true,"href":"https:\/\/congolobilelo.com\/IN\/wp-json\/wp\/v2\/comments?post=2778"}],"version-history":[{"count":0,"href":"https:\/\/congolobilelo.com\/IN\/wp-json\/wp\/v2\/posts\/2778\/revisions"}],"wp:featuredmedia":[{"embeddable":true,"href":"https:\/\/congolobilelo.com\/IN\/wp-json\/"}],"wp:attachment":[{"href":"https:\/\/congolobilelo.com\/IN\/wp-json\/wp\/v2\/media?parent=2778"}],"wp:term":[{"taxonomy":"category","embeddable":true,"href":"https:\/\/congolobilelo.com\/IN\/wp-json\/wp\/v2\/categories?post=2778"},{"taxonomy":"post_tag","embeddable":true,"href":"https:\/\/congolobilelo.com\/IN\/wp-json\/wp\/v2\/tags?post=2778"}],"curies":[{"name":"wp","href":"https:\/\/api.w.org\/{rel}","templated":true}]}}