{"id":2760,"date":"2012-04-12T08:00:11","date_gmt":"2012-04-12T08:00:11","guid":{"rendered":"http:\/\/www.ingeta.com\/?p=2760"},"modified":"2012-04-12T08:00:11","modified_gmt":"2012-04-12T08:00:11","slug":"lappel-de-geneve-pour-un-changement-democratique-radical-en-rd-congo","status":"publish","type":"post","link":"https:\/\/congolobilelo.com\/IN\/lappel-de-geneve-pour-un-changement-democratique-radical-en-rd-congo\/","title":{"rendered":"L&#8217;appel de Gen\u00e8ve pour un changement d\u00e9mocratique radical en RD CONGO"},"content":{"rendered":"<p>\t\t\t\t<strong>L\u2019appel ci-dessous est lanc\u00e9 par les organisations et associations r\u00e9unies \u00e0 Gen\u00e8ve du 15 au 16 mars 2012 en marge de la 19\u00e8me session du Conseil des Droits de l\u2019Homme de l\u2019ONU, en vue d\u2019informer et de mobiliser l\u2019opinion congolaise, africaine et mondiale face \u00e0 la persistance, en RDC, de la crise politique cons\u00e9cutive aux \u00e9lections entach\u00e9es de tricheries, de fraudes massives et de graves irr\u00e9gularit\u00e9s. Il est lanc\u00e9 aussi pour que soit mis un terme aux violations de plus en plus graves et massives des droits humains perp\u00e9tr\u00e9es dans un contexte d\u2019occupation et de balkanisation de la R\u00e9publique D\u00e9mocratique du Congo par le Rwanda voisin, avec l\u2019appui des puissances \u00e9trang\u00e8res.<\/strong><\/p>\n<p><img loading=\"lazy\" decoding=\"async\" class=\"size-full wp-image-2762 alignnone\" title=\"RDC\" src=\"http:\/\/www.ingeta.com\/wp-content\/uploads\/2012\/04\/rdc_auxcongolais.jpg\" alt=\"\" width=\"600\" height=\"330\" \/><\/p>\n<p><strong>L&#8217;APPEL<\/strong><\/p>\n<p>Nous, repr\u00e9sentants et membres des organisations et associations internationales, africaines et congolaises de la diaspora, r\u00e9unis en marge de la 19\u00e8 session du Conseil des Droits de l\u2019Homme \u00e0 Gen\u00e8ve, pour r\u00e9fl\u00e9chir sur les r\u00e9ponses appropri\u00e9es \u00e0 la crise post-\u00e9lectorale et aux violations de plus en plus graves des droits humains en R\u00e9publique D\u00e9mocratique du Congo ;<\/p>\n<p>Choqu\u00e9s par :<\/p>\n<p style=\"padding-left: 30px;\">-l\u2019occupation du Congo-RDC par le Rwanda et le pillage de ses ressources naturelles par ce m\u00eame pays et par d\u2019autres pays de la communaut\u00e9 internationale qui le soutiennent, au m\u00e9pris de toute consid\u00e9ration de droit;<\/p>\n<p style=\"padding-left: 30px;\">-le complot international visant \u00e0 affaiblir durablement et \u00e0 balkaniser la R\u00e9publique D\u00e9mocratique du Congo, pour en faciliter le contr\u00f4le et le pillage ;<\/p>\n<p style=\"padding-left: 30px;\">-l\u2019accueil glacial r\u00e9serv\u00e9 par le gouvernement congolais au rapport Mapping du Haut Commissariat de l\u2019ONU aux Droits de l\u2019Homme sur les violations les plus graves des droits de l\u2019homme et du droit humanitaire international, commises en RDC entre 1993 et 2003, ainsi qu\u2019au rapport final du Groupe d\u2019experts des Nations Unies sur l\u2019exploitation ill\u00e9gale des ressources naturelles de la RDC (23 novembre 2009) ;<\/p>\n<p>Scandalis\u00e9s par le silence et l\u2019indignation s\u00e9lective de la communaut\u00e9 internationale face au drame sans pr\u00e9c\u00e9dent que vit la R\u00e9publique D\u00e9mocratique du Congo depuis 1993, et qui a d\u00e9j\u00e0 fait plus de huit millions de morts;<\/p>\n<p>Rappelant par ailleurs que ce drame constitue la plus grande h\u00e9catombe humaine et la plus grande trag\u00e9die humanitaire depuis la Deuxi\u00e8me Guerre Mondiale ;<\/p>\n<p>Consid\u00e9rant le silence du pouvoir sortant face aux graves et innombrables violations des droits humains et <strong>l\u2019impunit\u00e9 <\/strong>dont b\u00e9n\u00e9ficient les auteurs des crimes de guerre et des crimes contre l\u2019humanit\u00e9, notamment Laurent NKUNDABATWARE, Bosco NTAGANDA et Jules MUTEBUSI, comme autant de preuves \u00e9clatantes de la <strong>soumission du pouvoir de Kinshasa au Rwanda; <\/strong><\/p>\n<p>Notant que le peuple congolais a clairement exprim\u00e9 son rejet du pouvoir sortant lors du scrutin pr\u00e9sidentiel du 28 novembre 2011, en \u00e9lisant massivement M. Etienne TSHISEKEDI WA MULUMBA comme Pr\u00e9sident de la R\u00e9publique, en d\u00e9pit des tricheries et des fraudes massives du pouvoir sortant ;<\/p>\n<p>Indign\u00e9s par la d\u00e9claration fallacieuse et grossi\u00e8re du Vice-Premier Ministre et Ministre des affaires \u00e9trang\u00e8res belge, <strong>Didier Reynders, <\/strong>selon laquelle les fraudes massives du pouvoir sortant ne modifient en rien l\u2019ordre d\u2019arriv\u00e9e des candidats \u00e0 la pr\u00e9sidence de la R\u00e9publique en RDC ;<\/p>\n<p>Notant par ailleurs que ces fraudes massives et les graves irr\u00e9gularit\u00e9s qui ont entach\u00e9 les derni\u00e8res \u00e9lections pr\u00e9sidentielles et l\u00e9gislatives ont \u00e9t\u00e9 reconnues et d\u00e9nonc\u00e9es par plusieurs observateurs nationaux et internationaux, comme la Conf\u00e9rence Episcopale Nationale du Congo-RDC (CENCO) qui a d\u00e9ploy\u00e9 32 000 observateurs sur toute l\u2019\u00e9tendue du territoire congolais, le Centre Carter et l\u2019Union Europ\u00e9enne) ;<\/p>\n<p>Notant enfin la d\u00e9termination du pouvoir sortant \u00e0 se maintenir au sommet de l\u2019Etat par la violence et la terreur, au m\u00e9pris de la volont\u00e9 du peuple congolais, et \u00e0 gouverner la RDC par d\u00e9fi ;<\/p>\n<p>Rappelant les D\u00e9clarations de Bamako et de Montreux<sup>1 <\/sup>dans lesquelles l\u2019Organisation Internationale de la Francophonie <strong>(OIF) <\/strong>affirme notamment que :<\/p>\n<p><strong><em>\u00ab Pour pr\u00e9server la D\u00e9mocratie, la Francophonie condamne les coups d\u2019Etat et toute autre prise de pouvoir par la violence, les armes ou quelque autre moyen ill\u00e9gal \u00bb, <\/em><\/strong>et que <strong><em>\u00ab Le d\u00e9veloppement, la paix et la s\u00e9curit\u00e9, et les droits de l\u2019Homme sont ins\u00e9parables et se renforcent mutuellement. La violence arm\u00e9e mine la paix et la s\u00e9curit\u00e9 et exerce un effet n\u00e9gatif sur le d\u00e9veloppement humain, social, politique et \u00e9conomique. Par cons\u00e9quent, nous nous engageons \u00e0 combattre, par les moyens diplomatiques et juridiques appropri\u00e9s, la violence arm\u00e9e, qui porte atteinte \u00e0 la s\u00e9curit\u00e9, aux principes et valeurs d\u00e9coulant du plein respect des droits de l&#8217;Homme \u00bb ; <\/em><\/strong><\/p>\n<p>Conscients de nos responsabilit\u00e9s devant l\u2019Histoire et soucieux de chercher les voies de sortie susceptibles de d\u00e9boucher sur une r\u00e9solution efficiente et p\u00e9renne de la crise institutionnelle ainsi cr\u00e9\u00e9e, afin de permettre \u00e0 l\u2019appareil de l\u2019Etat de fonctionner normalement ;<\/p>\n<p><sup>1 <\/sup>OIF -D\u00e9claration de Bamako : novembre 2000 \/ D\u00e9claration de Montreux : octobre 2010<\/p>\n<p>Apr\u00e8s avoir proc\u00e9d\u00e9, pendant deux jours, \u00e0 une analyse rigoureuse et sans parti-pris de la situation sous examen afin de d\u00e9gager des propositions concr\u00e8tes \u00e0 mettre en \u0153uvre \u00e0 court, moyen et long terme ;<\/p>\n<p>Restant ouverts aux apports et expressions de volont\u00e9 d\u2019adh\u00e9sion de toutes les organisations et associations congolaises \u0153uvrant dans le m\u00eame esprit et partageant la m\u00eame vision concernant <strong>la n\u00e9cessit\u00e9 et l\u2019urgence d\u2019un changement d\u00e9mocratique radical en R\u00e9publique D\u00e9mocratique du Congo; <\/strong><\/p>\n<p>Avons d\u00e9cid\u00e9 de cr\u00e9er une <strong>Centrale de r\u00e9flexion, de planification et d\u2019action, <\/strong>qui prend en compte toutes les initiatives et contributions ant\u00e9rieures, pour concr\u00e9tiser le contenu effectif de cette d\u00e9marche ;<\/p>\n<p><strong>Et lan\u00e7ons un appel: <\/strong><\/p>\n<p>&#8211;<em>\u00e0 la soci\u00e9t\u00e9 civile congolaise, africaine et internationale, <\/em>pour qu\u2019elle poursuive et intensifie sa mobilisation multiforme \u00e0 l\u2019\u00e9chelle mondiale, en vue de et jusqu\u2019\u00e0 la lib\u00e9ration totale de la RDC des <strong>forces d\u2019occupation <\/strong>qui ont pris en otage l\u2019appareil de l\u2019Etat et les ressources naturelles de la R\u00e9publique D\u00e9mocratique du Congo ;<\/p>\n<p>&#8211;<em>aux amis du peuple congolais<\/em>, pour qu\u2019ils maintiennent la pression sur les partenaires de la RDC et sur les instances internationales de d\u00e9cision susceptibles d\u2019infl\u00e9chir le cours tragique actuel des \u00e9v\u00e9nements dans ce pays et de <strong>faire \u00e9chec au projet de balkanisation de la RDC. <\/strong><\/p>\n<p>&nbsp;<\/p>\n<p>Fait \u00e0 Gen\u00e8ve, le 16 mars 2012<\/p>\n<p><strong>Organisations et associations signataires de l\u2019Appel <\/strong><br \/>\n-Action Internationale pour la Paix et le D\u00e9veloppement dans la r\u00e9gion des Grands Lacs (AIPD-GL) -Afroindigena<br \/>\n-Centre Ind\u00e9pendant de Recherche et d\u2019Initiative pour le Dialogue (CIRID)<br \/>\n-Comit\u00e9 International pour le Respect et l\u2019Application de la Charte africaine des droits de l\u2019homme et des peuples (CIRAC) -Commission Africaine des Promoteurs de la Sant\u00e9 et des Droits de l\u2019Homme (CAPSDH)<br \/>\n-Coordination des ONG Africaines des Droits de l\u2019homme et du D\u00e9veloppement (CONGAF)<br \/>\n-Diaspora Africaine pour la Soci\u00e9t\u00e9 de l\u2019Information (DAPSI)<br \/>\n-Espace Afrique International<br \/>\n-FORCE &amp; PAC<br \/>\n-Groupe Epiphanie<br \/>\n-Institut Africain de Formation en Droits Humains (IAFDH)<br \/>\n-International Association of Peace Messenger Cities (IAPMC)<br \/>\n-Tchad -Agir pour l\u2019Environnement (TCHAPE)<\/p>\n<p><strong>Pour toute information compl\u00e9mentaire, \u00e9crire \u00e0 : <\/strong><br \/>\nJean-Pierre MBELU : jpmbelu@yahoo.fr<br \/>\nCIRAC<strong> : <\/strong>icraccirac@yahoo.fr<\/p>\n<p>T\u00e9l\u00e9chargez <a href=\"http:\/\/www.ingeta.com\/wp-content\/uploads\/2012\/04\/APPEL-RDC.pdf\">l&#8217;appel en PDF<\/a>.\t\t<\/p>\n","protected":false},"excerpt":{"rendered":"<p>L\u2019appel ci-dessous est lanc\u00e9 par les organisations et associations r\u00e9unies \u00e0 Gen\u00e8ve du 15 au 16 mars 2012 en marge de la 19\u00e8me session du Conseil des Droits de l\u2019Homme de l\u2019ONU, en vue d\u2019informer et de mobiliser l\u2019opinion congolaise, africaine et mondiale face \u00e0 la persistance, en RDC, de la crise politique cons\u00e9cutive aux [&hellip;]<\/p>\n","protected":false},"author":1,"featured_media":2762,"comment_status":"open","ping_status":"open","sticky":false,"template":"","format":"standard","meta":{"_acf_changed":false,"content-type":"","footnotes":""},"categories":[148,120,122,124],"tags":[],"class_list":["post-2760","post","type-post","status-publish","format-standard","has-post-thumbnail","hentry","category-documents-presse","category-mondialisation","category-news-alertes","category-politique-societe"],"acf":[],"_links":{"self":[{"href":"https:\/\/congolobilelo.com\/IN\/wp-json\/wp\/v2\/posts\/2760","targetHints":{"allow":["GET"]}}],"collection":[{"href":"https:\/\/congolobilelo.com\/IN\/wp-json\/wp\/v2\/posts"}],"about":[{"href":"https:\/\/congolobilelo.com\/IN\/wp-json\/wp\/v2\/types\/post"}],"author":[{"embeddable":true,"href":"https:\/\/congolobilelo.com\/IN\/wp-json\/wp\/v2\/users\/1"}],"replies":[{"embeddable":true,"href":"https:\/\/congolobilelo.com\/IN\/wp-json\/wp\/v2\/comments?post=2760"}],"version-history":[{"count":0,"href":"https:\/\/congolobilelo.com\/IN\/wp-json\/wp\/v2\/posts\/2760\/revisions"}],"wp:featuredmedia":[{"embeddable":true,"href":"https:\/\/congolobilelo.com\/IN\/wp-json\/"}],"wp:attachment":[{"href":"https:\/\/congolobilelo.com\/IN\/wp-json\/wp\/v2\/media?parent=2760"}],"wp:term":[{"taxonomy":"category","embeddable":true,"href":"https:\/\/congolobilelo.com\/IN\/wp-json\/wp\/v2\/categories?post=2760"},{"taxonomy":"post_tag","embeddable":true,"href":"https:\/\/congolobilelo.com\/IN\/wp-json\/wp\/v2\/tags?post=2760"}],"curies":[{"name":"wp","href":"https:\/\/api.w.org\/{rel}","templated":true}]}}