{"id":2757,"date":"2012-04-11T16:58:49","date_gmt":"2012-04-11T16:58:49","guid":{"rendered":"http:\/\/www.ingeta.com\/?p=2757"},"modified":"2012-04-11T16:58:49","modified_gmt":"2012-04-11T16:58:49","slug":"les-congolaises-rd-un-peuple-davenir","status":"publish","type":"post","link":"https:\/\/congolobilelo.com\/IN\/les-congolaises-rd-un-peuple-davenir\/","title":{"rendered":"Les Congolais(es) (RD) : un peuple d\u2019avenir !"},"content":{"rendered":"<p>\t\t\t\t<em>Par Jean-Pierre Mbelu<\/em><\/p>\n<p><em><strong>La Gr\u00e8ce, berceau de la d\u00e9mocratie occidentale et class\u00e9e parmi les 30 pays les plus riches du monde jusqu\u2019en 2008 est devenue un pays des \u00ab paresseux \u00bb, soumis aux mesures d\u2019aust\u00e9rit\u00e9 pr\u00f4n\u00e9e par la Tro\u00efka (Commission europ\u00e9enne, Banque Centrale Europ\u00e9enne et FMI) b\u00e9n\u00e9ficiant des complicit\u00e9s internes. Imaginons un seul instant que le Congo (RD) notre pays est pass\u00e9 \u2013et ce n\u2019est pas encore termin\u00e9- par les fourches caudines des IFI \u00e0 deux reprises ! Cela en plus des deux g\u00e9nocides dont ses filles et fils ont \u00e9t\u00e9 l\u2019objet. Quand nous nous auto-flagellons, nous oublions de revisiter notre histoire et celle des autres peuples victimes des complots internationaux. Nous oublions que nous sommes un peuple d\u2019avenir.<\/strong><\/em><\/p>\n<p>Depuis un certain temps, dans un certain \u00e9lan d\u2019auto-flagellation, certains compatriotes ont repris le refrain entonn\u00e9 autrefois par des ressortissants d\u2019un pays voisin : \u00ab Les Congolais(es) sont des BMW \u00bb. Ils ne s\u2019int\u00e9ressent qu\u2019\u00e0 la bi\u00e8re, \u00e0 l\u2019argent (maisons, voitures, v\u00eatements chers, etc.) et aux femmes (et\/ou aux hommes). Cette persistance de l\u2019\u00e9lan d\u2019auto-flagellation est cette fois-ci cons\u00e9cutive aux espoirs d\u00e9\u00e7us -pour les non-avertis- apr\u00e8s les \u00e9lections des mois de novembre et d\u00e9cembre 2011. Elle semble mettre entre parenth\u00e8se les efforts d\u00e9ploy\u00e9s par nos populations pour s\u2019approprier ce processus \u00e9lectoral et les irr\u00e9gularit\u00e9s, les fraudes et les tricheries qui les ont torpill\u00e9s. (M\u00eame si, pour les Congolais avertis, s\u2019engager dans un processus dont la ma\u00eetrise des tenants et des aboutissants \u00e9chappait \u00e9tait une entreprise suicidaire.) Elle met aussi entre parenth\u00e8se le courage de nos martyrs que les escadrons de la mort soutenant ce processus ont pu faire comme en t\u00e9moignent diff\u00e9rents rapports r\u00e9dig\u00e9s \u00e0 ce sujet.<\/p>\n<p>Cette permanence d\u2019auto-flagellation oublie gravement que le Congo vient de loin. Il a \u00e0 son passif deux g\u00e9nocides, des assassinats cibl\u00e9s des leaders politiques et des patriotes et deux impositions des mesures d\u2019aust\u00e9rit\u00e9 par les IFI. Souvent, il arrive que nous puissions balayer tout ceci d\u2019un revers de la main en arguant que le Congo (RD) n\u2019est pas le seul pays \u00e0 avoir connu cette histoire odieuse. Soit ! N\u2019emp\u00eache que nous puissions la conna\u00eetre et peut-\u00eatre en tirer toutes les cons\u00e9quences.<\/p>\n<p>Sous L\u00e9opold II, en plus de la pratique des mains coup\u00e9es, notre population a \u00e9t\u00e9 diminu\u00e9e officiellement de plus ou moins 10.000.000 d\u2019habitants. Depuis la guerre d\u2019agression de 1996, le nombre de tous nos morts avoisineraient \u00e0 peu pr\u00eat ce chiffre au jour d\u2019aujourd\u2019hui ; il faut compter les victimes directes de cette guerre permanente et celles collat\u00e9rales. Entre ces deux g\u00e9nocides, il y a eu l\u2019assassinat de Patrice-Emery Lumumba et de ses compagnons, de Pierre Mulele, de Laurent-D\u00e9sir\u00e9 Kabila, etc.<\/p>\n<p>Avant que Mobutu ne s\u2019enfonce dans une dictature pure et dure, en octobre 1973, il a tenu, \u00e0 l\u2019Assembl\u00e9e g\u00e9n\u00e9rale des Nations-Unis, un discours aux accents panafricanistes dont le retentissement doit avoir fait peur \u00e0 \u00ab ses cr\u00e9ateurs \u00bb. M\u00eame si paradoxalement, il devait jouer un r\u00f4le important dans la guerre de l\u2019imp\u00e9rialisme contre la mont\u00e9e du \u00ab communisme \u00bb en Afrique australe.<\/p>\n<p>La dictature de Mobutu a \u00e9t\u00e9 fragilis\u00e9e (entre autres) par l\u2019application des programmes d\u2019ajustement structurel dans notre pays vers les ann\u00e9es 80. Pourquoi ? Parce que \u00ab les PAS sont synonymes de d\u00e9s\u00e9tatisation, de d\u00e9r\u00e9gulation, de privatisation et d\u2019exclusion pour le plus grand nombre. \u00bb (A. TRAORE, Le viol de l\u2019imaginaire, Paris, Fayard, 2001, p. 44) Ils cr\u00e9ent un imbroglio socio-politique o\u00f9 germent l\u2019exode rural, la fuite des cerveaux et des capitaux, des \u00e9meutes, des soul\u00e8vements et des guerres. \u00ab L\u2019ajustement structurel est au corps social ce que le virus de sida est au corps humain : il le fragilise par des r\u00e9formes \u00e9conomiques inopportunes \u00e0 tel point que des d\u00e9faillances qu\u2019il aurait d\u00fb \u00eatre en mesure de g\u00e9rer prennent des dimensions dramatiques, d\u2019autant plus que les solutions pr\u00f4n\u00e9es sont externes. \u00bb (Ibidem) Les coupes budg\u00e9taires dans les domaines tels que la fonction publique, l\u2019\u00e9ducation et la sant\u00e9 fragilisent davantage le corps social ; elles ne permettent pas aux citoyens d\u2019exercer, \u00e0 bon escient, leurs droits socio-\u00e9conomiques et culturels.<\/p>\n<p>Mobutu tombe malade et \u00ab ses cr\u00e9ateurs \u00bb et acteurs majeurs dans les IFI estiment qu\u2019ils doivent changer de \u00ab n\u00e8gres de service \u00bb. La guerre de pr\u00e9dation et d\u2019agression de 1996 s\u2019inscrit (aussi) dans cette qu\u00eate de changement de \u00ab marionnettes \u00bb. Laurent-D\u00e9sir\u00e9 Kabila, mis \u00e0 la t\u00eate du pays par \u00ab les ex-cr\u00e9ateurs de Mobutu \u00bb avec la complicit\u00e9 de Kagame et Museveni, tentera, avant le retournement des alliances avec Kigali, une approche (th\u00e9orique) autocentr\u00e9e du d\u00e9veloppement int\u00e9gral de l\u2019homme et de la femme congolaise. Il pr\u00e9cise son orientation lors de la Conf\u00e9rence nationale sur la reconstruction en septembre 1997. Pour lui, \u00ab il faut adapter les activit\u00e9s \u00e9conomiques aux besoins de la population, faire du village et des petites collectivit\u00e9s la base d\u2019un d\u00e9veloppement endog\u00e8ne. \u00bb (C. BRAECKMAN, Les nouveaux pr\u00e9dateurs. Politiques des puissances en Afrique centrale, Paris, Fayard, 2003,p. 60)<\/p>\n<p>Dans la pr\u00e9sentation de son plan triennal, il note : \u00ab Le gouvernement ne pourra laisser entre les mains des seuls priv\u00e9s, des seuls financiers, des secteurs entiers de l\u2019\u00e9conomie (\u2026). L\u2019homme congolais lib\u00e9r\u00e9 de la servitude n\u00e9ocoloniale fera sa propre histoire, il se r\u00e9appropriera comme seul ma\u00eetre sa propre destin\u00e9e, \u00e9tant lui-m\u00eame \u00e0 l\u2019origine de son projet de d\u00e9veloppement, au centre de sa r\u00e9alisation (\u2026). \u00bb (Ibidem) Retrouvant les accents panafricanistes de ses pr\u00e9d\u00e9cesseurs, Mzee concluait ainsi son texte : \u00ab Le Congo devra prendra la t\u00eate du d\u00e9veloppement \u00e9conomique en Afrique centrale, ce qui nous permettra de cr\u00e9er les impulsions nouvelles pour la redynamisation du panafricanisme. \u00bb (Ibidem)<\/p>\n<p>Pour rappel, L.-D. Kabila a pu gouverner notre pays pendant deux ans sans recevoir un seul sous des IFI ; il s\u2019en est sorti tant bien que mal. Mais ses alliances strat\u00e9giques (contre nature) l\u2019ont conduit \u00e0 l\u2019assassinat dont Kagame est accus\u00e9 d\u2019\u00eatre l\u2019ex\u00e9cuteur (Cfr Th\u00e9og\u00e8ne Rudasimgwa \u00e0 Bruxelles le 31 mars 2012). L\u2019usurpation du pouvoir (os) \u00e0 la t\u00eate de notre pays par \u00ab Joseph Kabila \u00bb en 2001 (avec la complicit\u00e9 interne des \u00ab nouveaux pr\u00e9dateurs \u00bb) va refaire de notre pays la proie facile des IFI et du n\u00e9olib\u00e9ralisme.<\/p>\n<p>Pour une deuxi\u00e8me bonne fois, le FMI va nous imposer, sous Gizenga et Muzito, les mesures d\u2019aust\u00e9rit\u00e9 d\u00e9nomm\u00e9es IPPTE (Initiative pour les Pays Pauvres Tr\u00e8s Endett\u00e9s) comme moyen de perp\u00e9trer le d\u00e9sengagement de l\u2019Etat, la privatisation des services et la paup\u00e9risation en masse. Initi\u00e9e en 1996 \u00e0 Lyon au sommet du G7, cette initiative \u00ab consiste en des r\u00e9\u00e9chelonnements successifs de la dette pour les pays ayant r\u00e9alis\u00e9 de fa\u00e7on durable de \u00ab bonnes performances \u00bb selon les IFI. \u00bb (p.46) Comme les PAS, l\u2019IPPTE exige une diminution drastique des d\u00e9penses publiques aux d\u00e9pens des domaines tels que la sant\u00e9, l\u2019\u00e9ducation, la fonction publique, l\u2019habitat, etc. La paup\u00e9risation en masse qu\u2019elle g\u00e9n\u00e8re affecte l\u2019individu et la soci\u00e9t\u00e9 ainsi que les liens sociaux : les liens de solidarit\u00e9 se rel\u00e2chent, l\u2019atomisation sociale profite aux \u00eelots de prosp\u00e9rit\u00e9 instrumentalisant la tribu et l\u2019ethnie.<\/p>\n<p>Si nous estimons que le Congo (RD) est un miracle, c\u2019est parce qu\u2019il a surv\u00e9cu \u00e0 toutes ces mesures d\u2019aust\u00e9rit\u00e9 et \u00e0 deux g\u00e9nocides. Le Congo a surv\u00e9cu deux fois \u00e0 ce qui est fait aujourd\u2019hui une seule fois \u00e0 la Gr\u00e8ce, au Portugal, \u00e0 l\u2019Espagne et \u00e0 l\u2019Italie ! Il en porte les marques. Comme les populations de ces pays occidentaux, nous sommes, nous aussi, tiraill\u00e9s entre le calvaire et la r\u00e9sistance. Peut-\u00eatre \u00e0 cette diff\u00e9rence-ci que ce qui nous sert de classe politique et d\u2019une certaine \u00e9lite intellectuelle au pays (\u00e0 l\u2019exception des amis de Victor Nzuzi) n\u2019a pas encore abord\u00e9 ces questions de fond au point de cr\u00e9er des d\u00e9bats populaires l\u00e0-dessus. Au cours de la campagne \u00e9lectorale de novembre et d\u00e9cembre 2011, la question de notre rapport aux institutions financi\u00e8res internationales (IFI) a \u00e9t\u00e9 \u00e9lud\u00e9e.<\/p>\n<p>Elle semble avoir \u00e9t\u00e9 absente de presque tous les projets de soci\u00e9t\u00e9 des candidats \u00e0 la pr\u00e9sidentielle au nom de la foi en la n\u00e9buleuse d\u00e9nomm\u00e9 \u00ab communaut\u00e9 internationale \u00bb. N\u00e9anmoins, petit \u00e0 petit, les Congolais(es), surtout ceux et celles de la diaspora commencent \u00e0 identifier \u00ab les v\u00e9ritables baloki ya Congo \u00bb. Et ils auront int\u00e9r\u00eat \u00e0 s\u2019inspirer des luttes que les r\u00e9sistants et \u00ab les indign\u00e9s \u00bb de tous ces pays occidentaux m\u00e8nent pour briser le joug des banquiers et des \u00ab financiers \u00bb. L\u2019Am\u00e9rique Latine les a devanc\u00e9s et aujourd\u2019hui, le Front de la gauche fran\u00e7aise de Jean-Luc M\u00e9lenchon s\u2019en inspire pour sortir son pays du pi\u00e8ge de la Tro\u00efka.<\/p>\n<p>Chez nous, briser le joug des IFI passera par l\u2019audit de la dette ext\u00e9rieure de notre pays depuis Mobutu jusqu\u2019\u00e0 ce jour. Cela passera aussi par le d\u00e9veloppement autocentr\u00e9 faisant de nos villages et de nos collectivit\u00e9s les centres prioritaires de nos int\u00e9r\u00eats. Mais aussi par notre ancrage sage et intelligent dans un monde polycentr\u00e9 o\u00f9 les banques du Sud sont sur le point de disqualifier les IFI.<\/p>\n<p>Oui. Nous sommes un peuple normal, avec nos qualit\u00e9s et nos d\u00e9fauts, avec une histoire domin\u00e9e par la pens\u00e9e h\u00e9g\u00e9monique, imp\u00e9rialiste et n\u00e9olib\u00e9rale ; un peuple qui a surv\u00e9cu \u00e0 deux g\u00e9nocides et \u00e0 deux programmes d\u2019ajustement structurel. Un peuple de l\u2019avenir. Notre prog\u00e9niture le sait intuitivement.<\/p>\n<p><em>J.-P. Mbelu<\/em>\t\t<\/p>\n","protected":false},"excerpt":{"rendered":"<p>Par Jean-Pierre Mbelu La Gr\u00e8ce, berceau de la d\u00e9mocratie occidentale et class\u00e9e parmi les 30 pays les plus riches du monde jusqu\u2019en 2008 est devenue un pays des \u00ab paresseux \u00bb, soumis aux mesures d\u2019aust\u00e9rit\u00e9 pr\u00f4n\u00e9e par la Tro\u00efka (Commission europ\u00e9enne, Banque Centrale Europ\u00e9enne et FMI) b\u00e9n\u00e9ficiant des complicit\u00e9s internes. Imaginons un seul instant que [&hellip;]<\/p>\n","protected":false},"author":1,"featured_media":2758,"comment_status":"open","ping_status":"open","sticky":false,"template":"","format":"standard","meta":{"_acf_changed":false,"content-type":"","footnotes":""},"categories":[160,124],"tags":[],"class_list":["post-2757","post","type-post","status-publish","format-standard","has-post-thumbnail","hentry","category-nouvelles-front-est","category-politique-societe"],"acf":[],"_links":{"self":[{"href":"https:\/\/congolobilelo.com\/IN\/wp-json\/wp\/v2\/posts\/2757","targetHints":{"allow":["GET"]}}],"collection":[{"href":"https:\/\/congolobilelo.com\/IN\/wp-json\/wp\/v2\/posts"}],"about":[{"href":"https:\/\/congolobilelo.com\/IN\/wp-json\/wp\/v2\/types\/post"}],"author":[{"embeddable":true,"href":"https:\/\/congolobilelo.com\/IN\/wp-json\/wp\/v2\/users\/1"}],"replies":[{"embeddable":true,"href":"https:\/\/congolobilelo.com\/IN\/wp-json\/wp\/v2\/comments?post=2757"}],"version-history":[{"count":0,"href":"https:\/\/congolobilelo.com\/IN\/wp-json\/wp\/v2\/posts\/2757\/revisions"}],"wp:featuredmedia":[{"embeddable":true,"href":"https:\/\/congolobilelo.com\/IN\/wp-json\/"}],"wp:attachment":[{"href":"https:\/\/congolobilelo.com\/IN\/wp-json\/wp\/v2\/media?parent=2757"}],"wp:term":[{"taxonomy":"category","embeddable":true,"href":"https:\/\/congolobilelo.com\/IN\/wp-json\/wp\/v2\/categories?post=2757"},{"taxonomy":"post_tag","embeddable":true,"href":"https:\/\/congolobilelo.com\/IN\/wp-json\/wp\/v2\/tags?post=2757"}],"curies":[{"name":"wp","href":"https:\/\/api.w.org\/{rel}","templated":true}]}}